{"id":1059,"date":"2016-03-10T10:35:14","date_gmt":"2016-03-10T09:35:14","guid":{"rendered":"https:\/\/claai.info\/cms\/?p=1059"},"modified":"2018-01-18T15:26:34","modified_gmt":"2018-01-18T14:26:34","slug":"artigiani-sindacati-avviato-il-tavolo-sulla-riforma-contrattuale-le-agenzie","status":"publish","type":"post","link":"https:\/\/claai.info\/cms\/artigiani-sindacati-avviato-il-tavolo-sulla-riforma-contrattuale-le-agenzie\/","title":{"rendered":"Artigiani-sindacati, avviato il tavolo sulla riforma contrattuale &#8211; le Agenzie"},"content":{"rendered":"<p><strong>Adnkronos<\/strong><\/p>\n<p>Al via tavolo artigiani-sindacati su riforma modello contrattuale<br \/>\nPubblicato il: 09\/03\/2016 15:15<br \/>\nVia al confronto tra le Confederazioni artigiane e Cgil, Cisl e Uil sulla riforma del modello contrattuale. Dopo le pmi di Confapi oggi al tavolo del negoziato siedono, insieme ai sindacati, Confartigianato Imprese, Cna Casartigiani e Claai. Obiettivo: ridare nuove gambe all&#8217;accordo del 2009. Un modello, quello a cui guardano le imprese, che deve prevedere due livelli di contrattazione, nazionale e territoriale, &#8220;con pari cogenza, valorizzando la bilateralit\u00e0 e realizzando soluzioni di welfare su misura per il settore&#8221;.<br \/>\nE a livello nazionale deve trovare spazio, per gli artigiani, una garanzia minima salariale e normativa, con un secondo livello territoriale &#8220;con cui leggere e tradurre le differenze reali nelle condizioni sociali, economiche e occupazionali del Paese&#8221;. Necessario, per le imprese, anche un taglio drastico del numero dei contratti nell&#8217;artigianato che interessano oltre 1 milione di lavoratori, ma che, hanno detto, dovranno poter essere applicati anche alle piccole imprese.<br \/>\nAll&#8217;incontro hanno partecipato i presidenti di Confartigianato, Giorgio Merletti, di Cna, Daniele Vaccarino, di Casartigiani, Giacomo Basso, e <span class=\"chapterhl\">Marco Accornero<\/span>, segretario generale di Claai. Per i sindacati sono intervenuti il segretario generale della Cgil, Susanna Camusso, il segretario confederale della Cisl, Gigi Petteni, il segretario confederale della Uil, Tiziana Bocchi.<\/p>\n<p>&nbsp;<\/p>\n<table id=\"articleTable\" class=\"article\" width=\"100%\">\n<tbody>\n<tr>\n<td width=\"100%\"><strong><span class=\"articleNewsPaper\">Libero Quotidiano.it<\/span><\/strong><\/td>\n<\/tr>\n<\/tbody>\n<\/table>\n<table id=\"articleTable\" class=\"article\" width=\"100%\">\n<tbody>\n<tr>\n<td class=\"articleText\" colspan=\"3\">Roma, 9 mar. \u00a0&#8211; Via al confronto tra le Confederazioni artigiane e Cgil, Cisl e Uil sulla riforma del modello contrattuale. Dopo le pmi di Confapi oggi al tavolo del negoziato siedono, insieme ai sindacati, Confartigianato Imprese, Cna Casartigiani e Claai. Obiettivo: ridare nuove gambe all&#8217;accordo del 2009. Un modello, quello a cui guardano le imprese, che deve prevedere due livelli di contrattazione, nazionale e territoriale, &#8220;con pari cogenza, valorizzando la bilateralit\u00e0 e realizzando soluzioni di welfare su misura per il settore&#8221;.<br \/>\nE a livello nazionale deve trovare spazio, per gli artigiani, una garanzia minima salariale e normativa, con un secondo livello territoriale &#8220;con cui leggere e tradurre le differenze reali nelle condizioni sociali, economiche e occupazionali del Paese&#8221;. Necessario, per le imprese, anche un taglio drastico del numero dei contratti nell&#8217;artigianato che interessano oltre 1 milione di lavoratori, ma che, hanno detto, dovranno poter essere applicati anche alle piccole imprese.<br \/>\nAll&#8217;incontro hanno partecipato i presidenti di Confartigianato, Giorgio Merletti, di Cna, Daniele Vaccarino, di Casartigiani, Giacomo Basso, e <span class=\"chapterhl\">Marco Accornero<\/span>, segretario generale di Claai. Per i sindacati sono intervenuti il segretario generale della Cgil, Susanna Camusso, il segretario confederale della Cisl, Gigi Petteni, il segretario confederale della Uil, Tiziana Bocchi.<\/td>\n<\/tr>\n<tr>\n<td class=\"articleSeparator\"><\/td>\n<\/tr>\n<\/tbody>\n<\/table>\n<p><strong><span class=\"articleNewsPaper\">il Tempo.it<\/span><span class=\"articleMetadata\">\u00a0<\/span><\/strong><\/p>\n<p>Roma, 9 mar. (Labitalia) &#8211; Via al confronto tra le Confederazioni artigiane e Cgil, Cisl e Uil sulla riforma del modello contrattuale. Dopo le pmi di Confapi oggi al tavolo del negoziato siedono, insieme ai sindacati, Confartigianato Imprese, Cna Casartigiani e Claai. Obiettivo: ridare nuove gambe all&#8217;accordo del 2009. Un modello, quello a cui guardano le imprese, che deve prevedere due livelli di contrattazione, nazionale e territoriale, &#8220;con pari cogenza, valorizzando la bilateralit\u00e0 e realizzando soluzioni di welfare su misura per il settore&#8221;. E a livello nazionale deve trovare spazio, per gli artigiani, una garanzia minima salariale e normativa, con un secondo livello territoriale &#8220;con cui leggere e tradurre le differenze reali nelle condizioni sociali, economiche e occupazionali del Paese&#8221;. Necessario, per le imprese, anche un taglio drastico del numero dei contratti nell&#8217;artigianato che interessano oltre 1 milione di lavoratori, ma che, hanno detto, dovranno poter essere applicati anche alle piccole imprese. All&#8217;incontro hanno partecipato i presidenti di Confartigianato, Giorgio Merletti, di Cna, Daniele Vaccarino, di Casartigiani, Giacomo Basso, e <span class=\"chapterhl\">Marco Accornero<\/span>, segretario generale di Claai. Per i sindacati sono intervenuti il segretario generale della Cgil, Susanna Camusso, il segretario confederale della Cisl, Gigi Petteni, il segretario confederale della Uil, Tiziana Bocchi.<\/p>\n<p>&nbsp;<\/p>\n<table id=\"articleTable\" class=\"article\" width=\"100%\">\n<tbody>\n<tr>\n<td width=\"100%\"><strong><span class=\"articleNewsPaper\">it.finance.Yahoo.com<\/span><\/strong><\/td>\n<\/tr>\n<\/tbody>\n<\/table>\n<p>Roma, 9 mar. (askanews) &#8211; Si \u00e8 aperto oggi a Roma il tavolo di confronto sulla riforma del modello contrattuale e sulla rappresentanza tra le Confederazioni dell&#8217;artigianato e delle Pmi &#8211; Confartigianato Imprese, Cna, Casartigiani, Claai &#8211; e Cgil, Cisl e Uil.<br \/>\nAll&#8217;incontro &#8211; si legge in una nota &#8211; hanno partecipato i Presidenti di Confartigianato Giorgio Merletti, di Cna Daniele Vaccarino, di Casartigiani Giacomo Basso, e <span class=\"chapterhl\">Marco Accornero<\/span>, Segretario Generale di Claai. Per i Sindacati sono intervenuti il Segretario Generale della Cgil Susanna Camusso, il Segretario Confederale della Cisl, Gigi Petteni, il Segretario Confederale della Uil, Tiziana Bocchi.<br \/>\nPer i vertici delle organizzazioni imprenditoriali il confronto deve partire dalla consapevolezza della profonda innovazione, dell&#8217;alta qualit\u00e0 produttiva e della capacit\u00e0 competitiva che oggi caratterizzano le imprese &#8216;a valore artigiano&#8217; per offrire loro un sistema contrattuale capace di valorizzarne le potenzialit\u00e0.<br \/>\nI rappresentanti delle confederazioni artigiane hanno posto ai sindacati la necessit\u00e0 di costruire una saggia e coraggiosa revisione del modello contrattuale che si innesti sulle innovazioni gi\u00e0 introdotte nel 2004 che definiscono due livelli, nazionale e territoriale, con pari cogenza, valorizzano la bilateralit\u00e0 e realizzano soluzioni di welfare su misura per il settore.<br \/>\nA giudizio dei rappresentanti delle Confederazioni artigiane, la contrattazione nazionale deve essere il livello di garanzia minima salariale e normativa, mentre il secondo livello territoriale deve saper leggere e tradurre le differenze reali nelle condizioni sociali, economiche e occupazionali del Paese. Inoltre, si sono detti disponibili ad una drastica riduzione del numero dei contratti nell&#8217;artigianato che interessano oltre 1 milione di lavoratori, ma che &#8211; hanno detto &#8211; dovranno poter essere applicati anche alle piccole imprese.<br \/>\nI leader delle organizzazioni dell&#8217;artigianato hanno sottolineato ai sindacati l&#8217;importanza di salvaguardare l&#8217;autonomia del tavolo di confronto rispetto agli altri tavoli, cos\u00ec come autonoma e originale chiedono sia la soluzione da individuare sul tema della rappresentanza e della sua misurazione.<\/p>\n<p>&nbsp;<\/p>\n<p><strong>Rassegna.it<\/strong><\/p>\n<p>Al via il tavolo sulla riforma del modello contrattuale e sulla rappresentanza, prossimo incontro 24 marzo. La nota congiunta: &#8220;Necessario definire relazioni industriali moderne, attente all&#8217;evoluzione delle imprese artigiane&#8221;<br \/>\nFoto Marco Merlini<br \/>\nSi \u00e8 aperto oggi (9 marzo) a Roma il tavolo di confronto sulla riforma del modello contrattuale e sulla rappresentanza tra le Confederazioni dell&#8217;artigianato e delle Pmi &#8211; Confartigianato Imprese, Cna, Casartigiani, Claai &#8211; e Cgil, Cisl e Uil. E&#8217; quanto si apprende da una nota congiunta.<br \/>\nAlla riunione hanno partecipato i presidenti di Confartigianato Giorgio Merletti, di Cna Daniele Vaccarino, di Casartigiani Giacomo Basso, e <span class=\"chapterhl\">Marco Accornero<\/span>, segretario generale di Claai. Per i sindacati sono intervenuti il segretario generale della Cgil Susanna Camusso, il segretario confederale della Cisl Gigi Petteni, il segretario confederale della Uil Tiziana Bocchi.<br \/>\nLe confederazioni dell&#8217;artigianato e Cgil, Cisl e Uil &#8220;hanno convenuto sull&#8217;importanza di definire un sistema contrattuale che salvaguardi la positiva esperienza di relazioni industriali consolidate nell&#8217;artigianato, che ha portato alla riforma del sistema contrattuale avviata nel 2004, e che preveda anche uno specifico accordo sulla rappresentanza&#8221;.<br \/>\nLe parti &#8220;hanno inoltre condiviso la necessit\u00e0 di costruire una revisione del modello contrattuale attento all&#8217;evoluzione delle imprese artigiane, per offrire loro strumenti di contrattazione utili a valorizzarne la produttivit\u00e0 e la capacit\u00e0 competitiva&#8221;.<br \/>\nI rappresentanti delle Confederazioni artigiane e di Cgil, Cisl e Uil si incontreranno di nuovo il prossimo 24 marzo e nell&#8217;occasione definiranno i temi oggetto del confronto.<br \/>\nArchiviato in: Contratti e accordi<\/p>\n","protected":false},"excerpt":{"rendered":"<p>Adnkronos Al via tavolo artigiani-sindacati su riforma modello contrattuale Pubblicato il: 09\/03\/2016 15:15 Via al confronto tra le Confederazioni artigiane e Cgil, Cisl e Uil sulla riforma del modello contrattuale. Dopo le pmi di Confapi oggi al tavolo del negoziato siedono, insieme ai sindacati, Confartigianato Imprese, Cna Casartigiani e Claai. Obiettivo: ridare nuove gambe all&#8217;accordo [&hellip;]<\/p>\n","protected":false},"author":3,"featured_media":331,"comment_status":"open","ping_status":"open","sticky":false,"template":"","format":"standard","meta":{"_et_pb_use_builder":"","_et_pb_old_content":"","_et_gb_content_width":"","footnotes":""},"categories":[20,8,7],"tags":[],"class_list":["post-1059","post","type-post","status-publish","format-standard","has-post-thumbnail","hentry","category-altre-news","category-comunicati-stampa","category-primo-piano"],"yoast_head":"<!-- This site is optimized with the Yoast SEO plugin v27.5 - https:\/\/yoast.com\/product\/yoast-seo-wordpress\/ -->\n<title>Artigiani-sindacati, avviato il tavolo sulla riforma contrattuale - le Agenzie - claai.info<\/title>\n<meta name=\"robots\" content=\"index, follow, max-snippet:-1, max-image-preview:large, max-video-preview:-1\" \/>\n<link rel=\"canonical\" href=\"https:\/\/claai.info\/cms\/artigiani-sindacati-avviato-il-tavolo-sulla-riforma-contrattuale-le-agenzie\/\" \/>\n<meta property=\"og:locale\" content=\"it_IT\" \/>\n<meta property=\"og:type\" content=\"article\" \/>\n<meta property=\"og:title\" content=\"Artigiani-sindacati, avviato il tavolo sulla riforma contrattuale - le Agenzie - claai.info\" \/>\n<meta property=\"og:description\" content=\"Adnkronos Al via tavolo artigiani-sindacati su riforma modello contrattuale Pubblicato il: 09\/03\/2016 15:15 Via al confronto tra le Confederazioni artigiane e Cgil, Cisl e Uil sulla riforma del modello contrattuale. Dopo le pmi di Confapi oggi al tavolo del negoziato siedono, insieme ai sindacati, Confartigianato Imprese, Cna Casartigiani e Claai. Obiettivo: ridare nuove gambe all&#8217;accordo [&hellip;]\" \/>\n<meta property=\"og:url\" content=\"https:\/\/claai.info\/cms\/artigiani-sindacati-avviato-il-tavolo-sulla-riforma-contrattuale-le-agenzie\/\" \/>\n<meta property=\"og:site_name\" content=\"claai.info\" \/>\n<meta property=\"article:published_time\" content=\"2016-03-10T09:35:14+00:00\" \/>\n<meta property=\"article:modified_time\" content=\"2018-01-18T14:26:34+00:00\" \/>\n<meta property=\"og:image\" content=\"https:\/\/claai.info\/cms\/wp-content\/uploads\/2014\/03\/press.jpg\" \/>\n\t<meta property=\"og:image:width\" content=\"152\" \/>\n\t<meta property=\"og:image:height\" content=\"88\" \/>\n\t<meta property=\"og:image:type\" content=\"image\/jpeg\" \/>\n<meta name=\"author\" content=\"Andrea Rovelli\" \/>\n<meta name=\"twitter:label1\" content=\"Scritto da\" \/>\n\t<meta name=\"twitter:data1\" content=\"Andrea Rovelli\" \/>\n\t<meta name=\"twitter:label2\" content=\"Tempo di lettura stimato\" \/>\n\t<meta name=\"twitter:data2\" content=\"6 minuti\" \/>\n<script type=\"application\/ld+json\" class=\"yoast-schema-graph\">{\"@context\":\"https:\\\/\\\/schema.org\",\"@graph\":[{\"@type\":\"Article\",\"@id\":\"https:\\\/\\\/claai.info\\\/cms\\\/artigiani-sindacati-avviato-il-tavolo-sulla-riforma-contrattuale-le-agenzie\\\/#article\",\"isPartOf\":{\"@id\":\"https:\\\/\\\/claai.info\\\/cms\\\/artigiani-sindacati-avviato-il-tavolo-sulla-riforma-contrattuale-le-agenzie\\\/\"},\"author\":{\"name\":\"Andrea Rovelli\",\"@id\":\"https:\\\/\\\/claai.info\\\/cms\\\/#\\\/schema\\\/person\\\/791c552cf3cc082152dd350d688b7db7\"},\"headline\":\"Artigiani-sindacati, avviato il tavolo sulla riforma contrattuale &#8211; le Agenzie\",\"datePublished\":\"2016-03-10T09:35:14+00:00\",\"dateModified\":\"2018-01-18T14:26:34+00:00\",\"mainEntityOfPage\":{\"@id\":\"https:\\\/\\\/claai.info\\\/cms\\\/artigiani-sindacati-avviato-il-tavolo-sulla-riforma-contrattuale-le-agenzie\\\/\"},\"wordCount\":1193,\"commentCount\":0,\"image\":{\"@id\":\"https:\\\/\\\/claai.info\\\/cms\\\/artigiani-sindacati-avviato-il-tavolo-sulla-riforma-contrattuale-le-agenzie\\\/#primaryimage\"},\"thumbnailUrl\":\"https:\\\/\\\/claai.info\\\/cms\\\/wp-content\\\/uploads\\\/2014\\\/03\\\/press.jpg\",\"articleSection\":[\"Altre News\",\"Comunicati Stampa\",\"Primo Piano\"],\"inLanguage\":\"it-IT\",\"potentialAction\":[{\"@type\":\"CommentAction\",\"name\":\"Comment\",\"target\":[\"https:\\\/\\\/claai.info\\\/cms\\\/artigiani-sindacati-avviato-il-tavolo-sulla-riforma-contrattuale-le-agenzie\\\/#respond\"]}]},{\"@type\":\"WebPage\",\"@id\":\"https:\\\/\\\/claai.info\\\/cms\\\/artigiani-sindacati-avviato-il-tavolo-sulla-riforma-contrattuale-le-agenzie\\\/\",\"url\":\"https:\\\/\\\/claai.info\\\/cms\\\/artigiani-sindacati-avviato-il-tavolo-sulla-riforma-contrattuale-le-agenzie\\\/\",\"name\":\"Artigiani-sindacati, avviato il tavolo sulla riforma contrattuale - le Agenzie - claai.info\",\"isPartOf\":{\"@id\":\"https:\\\/\\\/claai.info\\\/cms\\\/#website\"},\"primaryImageOfPage\":{\"@id\":\"https:\\\/\\\/claai.info\\\/cms\\\/artigiani-sindacati-avviato-il-tavolo-sulla-riforma-contrattuale-le-agenzie\\\/#primaryimage\"},\"image\":{\"@id\":\"https:\\\/\\\/claai.info\\\/cms\\\/artigiani-sindacati-avviato-il-tavolo-sulla-riforma-contrattuale-le-agenzie\\\/#primaryimage\"},\"thumbnailUrl\":\"https:\\\/\\\/claai.info\\\/cms\\\/wp-content\\\/uploads\\\/2014\\\/03\\\/press.jpg\",\"datePublished\":\"2016-03-10T09:35:14+00:00\",\"dateModified\":\"2018-01-18T14:26:34+00:00\",\"author\":{\"@id\":\"https:\\\/\\\/claai.info\\\/cms\\\/#\\\/schema\\\/person\\\/791c552cf3cc082152dd350d688b7db7\"},\"inLanguage\":\"it-IT\",\"potentialAction\":[{\"@type\":\"ReadAction\",\"target\":[\"https:\\\/\\\/claai.info\\\/cms\\\/artigiani-sindacati-avviato-il-tavolo-sulla-riforma-contrattuale-le-agenzie\\\/\"]}]},{\"@type\":\"ImageObject\",\"inLanguage\":\"it-IT\",\"@id\":\"https:\\\/\\\/claai.info\\\/cms\\\/artigiani-sindacati-avviato-il-tavolo-sulla-riforma-contrattuale-le-agenzie\\\/#primaryimage\",\"url\":\"https:\\\/\\\/claai.info\\\/cms\\\/wp-content\\\/uploads\\\/2014\\\/03\\\/press.jpg\",\"contentUrl\":\"https:\\\/\\\/claai.info\\\/cms\\\/wp-content\\\/uploads\\\/2014\\\/03\\\/press.jpg\",\"width\":152,\"height\":88},{\"@type\":\"WebSite\",\"@id\":\"https:\\\/\\\/claai.info\\\/cms\\\/#website\",\"url\":\"https:\\\/\\\/claai.info\\\/cms\\\/\",\"name\":\"claai.info\",\"description\":\"Confederazione delle Libere Associazioni Artigiane Italiane\",\"potentialAction\":[{\"@type\":\"SearchAction\",\"target\":{\"@type\":\"EntryPoint\",\"urlTemplate\":\"https:\\\/\\\/claai.info\\\/cms\\\/?s={search_term_string}\"},\"query-input\":{\"@type\":\"PropertyValueSpecification\",\"valueRequired\":true,\"valueName\":\"search_term_string\"}}],\"inLanguage\":\"it-IT\"},{\"@type\":\"Person\",\"@id\":\"https:\\\/\\\/claai.info\\\/cms\\\/#\\\/schema\\\/person\\\/791c552cf3cc082152dd350d688b7db7\",\"name\":\"Andrea Rovelli\",\"image\":{\"@type\":\"ImageObject\",\"inLanguage\":\"it-IT\",\"@id\":\"https:\\\/\\\/secure.gravatar.com\\\/avatar\\\/5d99d1feb41c1499c90e921d0601cdf490eecb3af40cf941d49b4305ed4fb837?s=96&d=mm&r=g\",\"url\":\"https:\\\/\\\/secure.gravatar.com\\\/avatar\\\/5d99d1feb41c1499c90e921d0601cdf490eecb3af40cf941d49b4305ed4fb837?s=96&d=mm&r=g\",\"contentUrl\":\"https:\\\/\\\/secure.gravatar.com\\\/avatar\\\/5d99d1feb41c1499c90e921d0601cdf490eecb3af40cf941d49b4305ed4fb837?s=96&d=mm&r=g\",\"caption\":\"Andrea Rovelli\"},\"url\":\"https:\\\/\\\/claai.info\\\/cms\\\/author\\\/arovelli\\\/\"}]}<\/script>\n<!-- \/ Yoast SEO plugin. -->","yoast_head_json":{"title":"Artigiani-sindacati, avviato il tavolo sulla riforma contrattuale - le Agenzie - claai.info","robots":{"index":"index","follow":"follow","max-snippet":"max-snippet:-1","max-image-preview":"max-image-preview:large","max-video-preview":"max-video-preview:-1"},"canonical":"https:\/\/claai.info\/cms\/artigiani-sindacati-avviato-il-tavolo-sulla-riforma-contrattuale-le-agenzie\/","og_locale":"it_IT","og_type":"article","og_title":"Artigiani-sindacati, avviato il tavolo sulla riforma contrattuale - le Agenzie - claai.info","og_description":"Adnkronos Al via tavolo artigiani-sindacati su riforma modello contrattuale Pubblicato il: 09\/03\/2016 15:15 Via al confronto tra le Confederazioni artigiane e Cgil, Cisl e Uil sulla riforma del modello contrattuale. Dopo le pmi di Confapi oggi al tavolo del negoziato siedono, insieme ai sindacati, Confartigianato Imprese, Cna Casartigiani e Claai. Obiettivo: ridare nuove gambe all&#8217;accordo [&hellip;]","og_url":"https:\/\/claai.info\/cms\/artigiani-sindacati-avviato-il-tavolo-sulla-riforma-contrattuale-le-agenzie\/","og_site_name":"claai.info","article_published_time":"2016-03-10T09:35:14+00:00","article_modified_time":"2018-01-18T14:26:34+00:00","og_image":[{"width":152,"height":88,"url":"https:\/\/claai.info\/cms\/wp-content\/uploads\/2014\/03\/press.jpg","type":"image\/jpeg"}],"author":"Andrea Rovelli","twitter_misc":{"Scritto da":"Andrea Rovelli","Tempo di lettura stimato":"6 minuti"},"schema":{"@context":"https:\/\/schema.org","@graph":[{"@type":"Article","@id":"https:\/\/claai.info\/cms\/artigiani-sindacati-avviato-il-tavolo-sulla-riforma-contrattuale-le-agenzie\/#article","isPartOf":{"@id":"https:\/\/claai.info\/cms\/artigiani-sindacati-avviato-il-tavolo-sulla-riforma-contrattuale-le-agenzie\/"},"author":{"name":"Andrea Rovelli","@id":"https:\/\/claai.info\/cms\/#\/schema\/person\/791c552cf3cc082152dd350d688b7db7"},"headline":"Artigiani-sindacati, avviato il tavolo sulla riforma contrattuale &#8211; le Agenzie","datePublished":"2016-03-10T09:35:14+00:00","dateModified":"2018-01-18T14:26:34+00:00","mainEntityOfPage":{"@id":"https:\/\/claai.info\/cms\/artigiani-sindacati-avviato-il-tavolo-sulla-riforma-contrattuale-le-agenzie\/"},"wordCount":1193,"commentCount":0,"image":{"@id":"https:\/\/claai.info\/cms\/artigiani-sindacati-avviato-il-tavolo-sulla-riforma-contrattuale-le-agenzie\/#primaryimage"},"thumbnailUrl":"https:\/\/claai.info\/cms\/wp-content\/uploads\/2014\/03\/press.jpg","articleSection":["Altre News","Comunicati Stampa","Primo Piano"],"inLanguage":"it-IT","potentialAction":[{"@type":"CommentAction","name":"Comment","target":["https:\/\/claai.info\/cms\/artigiani-sindacati-avviato-il-tavolo-sulla-riforma-contrattuale-le-agenzie\/#respond"]}]},{"@type":"WebPage","@id":"https:\/\/claai.info\/cms\/artigiani-sindacati-avviato-il-tavolo-sulla-riforma-contrattuale-le-agenzie\/","url":"https:\/\/claai.info\/cms\/artigiani-sindacati-avviato-il-tavolo-sulla-riforma-contrattuale-le-agenzie\/","name":"Artigiani-sindacati, avviato il tavolo sulla riforma contrattuale - le Agenzie - claai.info","isPartOf":{"@id":"https:\/\/claai.info\/cms\/#website"},"primaryImageOfPage":{"@id":"https:\/\/claai.info\/cms\/artigiani-sindacati-avviato-il-tavolo-sulla-riforma-contrattuale-le-agenzie\/#primaryimage"},"image":{"@id":"https:\/\/claai.info\/cms\/artigiani-sindacati-avviato-il-tavolo-sulla-riforma-contrattuale-le-agenzie\/#primaryimage"},"thumbnailUrl":"https:\/\/claai.info\/cms\/wp-content\/uploads\/2014\/03\/press.jpg","datePublished":"2016-03-10T09:35:14+00:00","dateModified":"2018-01-18T14:26:34+00:00","author":{"@id":"https:\/\/claai.info\/cms\/#\/schema\/person\/791c552cf3cc082152dd350d688b7db7"},"inLanguage":"it-IT","potentialAction":[{"@type":"ReadAction","target":["https:\/\/claai.info\/cms\/artigiani-sindacati-avviato-il-tavolo-sulla-riforma-contrattuale-le-agenzie\/"]}]},{"@type":"ImageObject","inLanguage":"it-IT","@id":"https:\/\/claai.info\/cms\/artigiani-sindacati-avviato-il-tavolo-sulla-riforma-contrattuale-le-agenzie\/#primaryimage","url":"https:\/\/claai.info\/cms\/wp-content\/uploads\/2014\/03\/press.jpg","contentUrl":"https:\/\/claai.info\/cms\/wp-content\/uploads\/2014\/03\/press.jpg","width":152,"height":88},{"@type":"WebSite","@id":"https:\/\/claai.info\/cms\/#website","url":"https:\/\/claai.info\/cms\/","name":"claai.info","description":"Confederazione delle Libere Associazioni Artigiane Italiane","potentialAction":[{"@type":"SearchAction","target":{"@type":"EntryPoint","urlTemplate":"https:\/\/claai.info\/cms\/?s={search_term_string}"},"query-input":{"@type":"PropertyValueSpecification","valueRequired":true,"valueName":"search_term_string"}}],"inLanguage":"it-IT"},{"@type":"Person","@id":"https:\/\/claai.info\/cms\/#\/schema\/person\/791c552cf3cc082152dd350d688b7db7","name":"Andrea Rovelli","image":{"@type":"ImageObject","inLanguage":"it-IT","@id":"https:\/\/secure.gravatar.com\/avatar\/5d99d1feb41c1499c90e921d0601cdf490eecb3af40cf941d49b4305ed4fb837?s=96&d=mm&r=g","url":"https:\/\/secure.gravatar.com\/avatar\/5d99d1feb41c1499c90e921d0601cdf490eecb3af40cf941d49b4305ed4fb837?s=96&d=mm&r=g","contentUrl":"https:\/\/secure.gravatar.com\/avatar\/5d99d1feb41c1499c90e921d0601cdf490eecb3af40cf941d49b4305ed4fb837?s=96&d=mm&r=g","caption":"Andrea Rovelli"},"url":"https:\/\/claai.info\/cms\/author\/arovelli\/"}]}},"_links":{"self":[{"href":"https:\/\/claai.info\/cms\/wp-json\/wp\/v2\/posts\/1059","targetHints":{"allow":["GET"]}}],"collection":[{"href":"https:\/\/claai.info\/cms\/wp-json\/wp\/v2\/posts"}],"about":[{"href":"https:\/\/claai.info\/cms\/wp-json\/wp\/v2\/types\/post"}],"author":[{"embeddable":true,"href":"https:\/\/claai.info\/cms\/wp-json\/wp\/v2\/users\/3"}],"replies":[{"embeddable":true,"href":"https:\/\/claai.info\/cms\/wp-json\/wp\/v2\/comments?post=1059"}],"version-history":[{"count":1,"href":"https:\/\/claai.info\/cms\/wp-json\/wp\/v2\/posts\/1059\/revisions"}],"predecessor-version":[{"id":1060,"href":"https:\/\/claai.info\/cms\/wp-json\/wp\/v2\/posts\/1059\/revisions\/1060"}],"wp:featuredmedia":[{"embeddable":true,"href":"https:\/\/claai.info\/cms\/wp-json\/wp\/v2\/media\/331"}],"wp:attachment":[{"href":"https:\/\/claai.info\/cms\/wp-json\/wp\/v2\/media?parent=1059"}],"wp:term":[{"taxonomy":"category","embeddable":true,"href":"https:\/\/claai.info\/cms\/wp-json\/wp\/v2\/categories?post=1059"},{"taxonomy":"post_tag","embeddable":true,"href":"https:\/\/claai.info\/cms\/wp-json\/wp\/v2\/tags?post=1059"}],"curies":[{"name":"wp","href":"https:\/\/api.w.org\/{rel}","templated":true}]}}