{"id":1066,"date":"2016-04-11T10:29:26","date_gmt":"2016-04-11T08:29:26","guid":{"rendered":"https:\/\/claai.info\/cms\/?p=1066"},"modified":"2018-01-18T15:26:34","modified_gmt":"2018-01-18T14:26:34","slug":"il-sistema-gas-europa-forum-uni-cig","status":"publish","type":"post","link":"https:\/\/claai.info\/cms\/il-sistema-gas-europa-forum-uni-cig\/","title":{"rendered":"Il sistema gas-Europa: forum Uni-Cig"},"content":{"rendered":"<p><strong><span style=\"font-size: large;\">Le nuove frontiere degli usi intelligenti del gas e delle risorse distribuite a mezzo di reti. Forum, patrocinato dalla Claai, il 15-16 giugno a Milano.<\/span><\/strong><\/p>\n<p><em>Lo sviluppo tecnologico, in particolare nel settore delle telecomunicazioni, \u00e8 e sar\u00e0 maggiormente in futuro il fattore ab\u00eclitante di nuove e complesse architetture a rete che, partendo dagli smart meter, tender\u00e0 a integrare le modalit\u00e0 di utilizzo delle diverse utilities consentendo maggiore efficienza e flessibilit\u00e0. L\u2019espansione delle reti intelligenti bidirezionali e i nuovi comportamenti dei consumatori determineranno una domanda crescente di nuovi servizi associati alla distribuzione delle risorse a mezzo reti.<\/em><\/p>\n<p>Un tema complicato visto il differente stato dell\u2019arte esistente tra le diverse utilities: mentre per i contatori elettrici si va verso l\u2019installazione di strumenti di seconda generazione, nel caso del gas \u00e8 in piena attuazione il programma di installazione di contatori domestici intelligenti e nel caso dell\u2019idrico devono ancora essere sciolti nodi riguardanti le modalit\u00e0 di misurazione dell\u2019efficienza delle reti e gli assetti gestionali del servizio.<\/p>\n<p>Si tratta peraltro di utilities tutte soggette a regolazione: nella competizione economica mondiale la velocit\u00e0 di ideazione, progettazione e commercializzazione assume una rilevanza esiziale per il successo di nuovi prodotti e servizi. La regolazione e la normazione tecnica non possono essere un fattore di ritardo che penalizza le iniziative delle imprese, ma deve invece svolgere il ruolo, cos\u00ec come nei desiderata della Commissione Europea, di fattore abilitante.<\/p>\n<p>Per di pi\u00f9 l\u2019introduzione del concetto di servizi associati alle reti di distribuzione, determiner\u00e0 nuovi modelli di business e nuove business propositions, soprattutto per le sinergie che si potranno manifestare con il sistema ICT e delle telecomunicazioni, come gi\u00e0 avvenuto nel settore delle telecomunicazioni.<\/p>\n<p>Quindi:<\/p>\n<ul>\n<li>Come tutto ci\u00f2 condizioner\u00e0 il settore delle utilities nei prossimi anni e in particolare le reti di distribuzione di elettricit\u00e0, gas, calore e acqua?<\/li>\n<li>Come salvaguardare la specificit\u00e0 settoriale in una regolazione tradizionalmente verticale che potrebbe assumere una nuova identit\u00e0?<\/li>\n<li>Dall\u2019esperienza maturata in ambito gas con lo sviluppo della normativa sugli smart meter, dove sta muovendo il settore delle commodities distribuite a mezzo reti?<\/li>\n<\/ul>\n<p>L\u2019intera prima giornata del Forum 2016 sar\u00e0 dedicata alla trattazione di queste tematiche e fare il punto sullo stato dell\u2019arte e sui prevedibili sviluppi della gestione delle commodities distribuite a mezzo reti. Considerato il livello di rappresentativit\u00e0 dei relatori l\u2019evento sar\u00e0 un importante occasione di confronto e anche, come spesso avvenuto in passato, di franca e costruttiva discussione.<\/p>\n<p>Ma naturalmente il forum UNI-CIG \u00e8 molto di pi\u00f9: nella seconda giornata le sessioni tecniche, affronteranno temi accuratamente selezionati con la volont\u00e0 di catturare le problematiche di maggiore impatto ed interesse per gli operatori del settore: dalla esposizione delle novit\u00e0 in tema di sicurezza nel settore del Post-Contatore, alle ultime innovazioni in tema di combustibili innovativi per le reti gas, misura dei gas combustibili, ecc.<\/p>\n<p>Ci auguriamo quindi che l\u2019impostazione data al Forum UNI-CIG 2016 risponda alle esigenze delle Istituzioni e degli Operatori interessati e rifletta in modo appropriato le priorit\u00e0 sentite dal \u201cmercato\u201d in ragione delle criticit\u00e0 e delle opportunit\u00e0 esistenti e prospettiche.<\/p>\n<p>Appuntamento il 15 e 16 giugno a Milano, Centro Congressi Fondazione Cariplo.<\/p>\n<p>Per maggiori informazioni e iscrizioni:\u00a0https:\/\/www.forumcig.it\/<\/p>\n","protected":false},"excerpt":{"rendered":"<p>Le nuove frontiere degli usi intelligenti del gas e delle risorse distribuite a mezzo di reti. Forum, patrocinato dalla Claai, il 15-16 giugno a Milano.<\/p>\n","protected":false},"author":3,"featured_media":1067,"comment_status":"open","ping_status":"open","sticky":false,"template":"","format":"standard","meta":{"_et_pb_use_builder":"","_et_pb_old_content":"","_et_gb_content_width":"","footnotes":""},"categories":[20,8,9,10,7],"tags":[],"class_list":["post-1066","post","type-post","status-publish","format-standard","has-post-thumbnail","hentry","category-altre-news","category-comunicati-stampa","category-formazione","category-iniziative","category-primo-piano"],"yoast_head":"<!-- This site is optimized with the Yoast SEO plugin v27.5 - https:\/\/yoast.com\/product\/yoast-seo-wordpress\/ -->\n<title>Il sistema gas-Europa: forum Uni-Cig - claai.info<\/title>\n<meta name=\"robots\" content=\"index, follow, max-snippet:-1, max-image-preview:large, max-video-preview:-1\" \/>\n<link rel=\"canonical\" href=\"https:\/\/claai.info\/cms\/il-sistema-gas-europa-forum-uni-cig\/\" \/>\n<meta property=\"og:locale\" content=\"it_IT\" \/>\n<meta property=\"og:type\" content=\"article\" \/>\n<meta property=\"og:title\" content=\"Il sistema gas-Europa: forum Uni-Cig - claai.info\" \/>\n<meta property=\"og:description\" content=\"Le nuove frontiere degli usi intelligenti del gas e delle risorse distribuite a mezzo di reti. Forum, patrocinato dalla Claai, il 15-16 giugno a Milano.\" \/>\n<meta property=\"og:url\" content=\"https:\/\/claai.info\/cms\/il-sistema-gas-europa-forum-uni-cig\/\" \/>\n<meta property=\"og:site_name\" content=\"claai.info\" \/>\n<meta property=\"article:published_time\" content=\"2016-04-11T08:29:26+00:00\" \/>\n<meta property=\"article:modified_time\" content=\"2018-01-18T14:26:34+00:00\" \/>\n<meta property=\"og:image\" content=\"https:\/\/claai.info\/cms\/wp-content\/uploads\/2016\/04\/Banner_300_250.jpg\" \/>\n\t<meta property=\"og:image:width\" content=\"300\" \/>\n\t<meta property=\"og:image:height\" content=\"250\" \/>\n\t<meta property=\"og:image:type\" content=\"image\/jpeg\" \/>\n<meta name=\"author\" content=\"Andrea Rovelli\" \/>\n<meta name=\"twitter:label1\" content=\"Scritto da\" \/>\n\t<meta name=\"twitter:data1\" content=\"Andrea Rovelli\" \/>\n\t<meta name=\"twitter:label2\" content=\"Tempo di lettura stimato\" \/>\n\t<meta name=\"twitter:data2\" content=\"3 minuti\" \/>\n<script type=\"application\/ld+json\" class=\"yoast-schema-graph\">{\"@context\":\"https:\\\/\\\/schema.org\",\"@graph\":[{\"@type\":\"Article\",\"@id\":\"https:\\\/\\\/claai.info\\\/cms\\\/il-sistema-gas-europa-forum-uni-cig\\\/#article\",\"isPartOf\":{\"@id\":\"https:\\\/\\\/claai.info\\\/cms\\\/il-sistema-gas-europa-forum-uni-cig\\\/\"},\"author\":{\"name\":\"Andrea Rovelli\",\"@id\":\"https:\\\/\\\/claai.info\\\/cms\\\/#\\\/schema\\\/person\\\/791c552cf3cc082152dd350d688b7db7\"},\"headline\":\"Il sistema gas-Europa: forum Uni-Cig\",\"datePublished\":\"2016-04-11T08:29:26+00:00\",\"dateModified\":\"2018-01-18T14:26:34+00:00\",\"mainEntityOfPage\":{\"@id\":\"https:\\\/\\\/claai.info\\\/cms\\\/il-sistema-gas-europa-forum-uni-cig\\\/\"},\"wordCount\":531,\"commentCount\":0,\"image\":{\"@id\":\"https:\\\/\\\/claai.info\\\/cms\\\/il-sistema-gas-europa-forum-uni-cig\\\/#primaryimage\"},\"thumbnailUrl\":\"https:\\\/\\\/claai.info\\\/cms\\\/wp-content\\\/uploads\\\/2016\\\/04\\\/Banner_300_250.jpg\",\"articleSection\":[\"Altre News\",\"Comunicati Stampa\",\"Formazione\",\"Iniziative\",\"Primo Piano\"],\"inLanguage\":\"it-IT\",\"potentialAction\":[{\"@type\":\"CommentAction\",\"name\":\"Comment\",\"target\":[\"https:\\\/\\\/claai.info\\\/cms\\\/il-sistema-gas-europa-forum-uni-cig\\\/#respond\"]}]},{\"@type\":\"WebPage\",\"@id\":\"https:\\\/\\\/claai.info\\\/cms\\\/il-sistema-gas-europa-forum-uni-cig\\\/\",\"url\":\"https:\\\/\\\/claai.info\\\/cms\\\/il-sistema-gas-europa-forum-uni-cig\\\/\",\"name\":\"Il sistema gas-Europa: forum Uni-Cig - claai.info\",\"isPartOf\":{\"@id\":\"https:\\\/\\\/claai.info\\\/cms\\\/#website\"},\"primaryImageOfPage\":{\"@id\":\"https:\\\/\\\/claai.info\\\/cms\\\/il-sistema-gas-europa-forum-uni-cig\\\/#primaryimage\"},\"image\":{\"@id\":\"https:\\\/\\\/claai.info\\\/cms\\\/il-sistema-gas-europa-forum-uni-cig\\\/#primaryimage\"},\"thumbnailUrl\":\"https:\\\/\\\/claai.info\\\/cms\\\/wp-content\\\/uploads\\\/2016\\\/04\\\/Banner_300_250.jpg\",\"datePublished\":\"2016-04-11T08:29:26+00:00\",\"dateModified\":\"2018-01-18T14:26:34+00:00\",\"author\":{\"@id\":\"https:\\\/\\\/claai.info\\\/cms\\\/#\\\/schema\\\/person\\\/791c552cf3cc082152dd350d688b7db7\"},\"inLanguage\":\"it-IT\",\"potentialAction\":[{\"@type\":\"ReadAction\",\"target\":[\"https:\\\/\\\/claai.info\\\/cms\\\/il-sistema-gas-europa-forum-uni-cig\\\/\"]}]},{\"@type\":\"ImageObject\",\"inLanguage\":\"it-IT\",\"@id\":\"https:\\\/\\\/claai.info\\\/cms\\\/il-sistema-gas-europa-forum-uni-cig\\\/#primaryimage\",\"url\":\"https:\\\/\\\/claai.info\\\/cms\\\/wp-content\\\/uploads\\\/2016\\\/04\\\/Banner_300_250.jpg\",\"contentUrl\":\"https:\\\/\\\/claai.info\\\/cms\\\/wp-content\\\/uploads\\\/2016\\\/04\\\/Banner_300_250.jpg\",\"width\":300,\"height\":250},{\"@type\":\"WebSite\",\"@id\":\"https:\\\/\\\/claai.info\\\/cms\\\/#website\",\"url\":\"https:\\\/\\\/claai.info\\\/cms\\\/\",\"name\":\"claai.info\",\"description\":\"Confederazione delle Libere Associazioni Artigiane Italiane\",\"potentialAction\":[{\"@type\":\"SearchAction\",\"target\":{\"@type\":\"EntryPoint\",\"urlTemplate\":\"https:\\\/\\\/claai.info\\\/cms\\\/?s={search_term_string}\"},\"query-input\":{\"@type\":\"PropertyValueSpecification\",\"valueRequired\":true,\"valueName\":\"search_term_string\"}}],\"inLanguage\":\"it-IT\"},{\"@type\":\"Person\",\"@id\":\"https:\\\/\\\/claai.info\\\/cms\\\/#\\\/schema\\\/person\\\/791c552cf3cc082152dd350d688b7db7\",\"name\":\"Andrea Rovelli\",\"image\":{\"@type\":\"ImageObject\",\"inLanguage\":\"it-IT\",\"@id\":\"https:\\\/\\\/secure.gravatar.com\\\/avatar\\\/5d99d1feb41c1499c90e921d0601cdf490eecb3af40cf941d49b4305ed4fb837?s=96&d=mm&r=g\",\"url\":\"https:\\\/\\\/secure.gravatar.com\\\/avatar\\\/5d99d1feb41c1499c90e921d0601cdf490eecb3af40cf941d49b4305ed4fb837?s=96&d=mm&r=g\",\"contentUrl\":\"https:\\\/\\\/secure.gravatar.com\\\/avatar\\\/5d99d1feb41c1499c90e921d0601cdf490eecb3af40cf941d49b4305ed4fb837?s=96&d=mm&r=g\",\"caption\":\"Andrea Rovelli\"},\"url\":\"https:\\\/\\\/claai.info\\\/cms\\\/author\\\/arovelli\\\/\"}]}<\/script>\n<!-- \/ Yoast SEO plugin. -->","yoast_head_json":{"title":"Il sistema gas-Europa: forum Uni-Cig - claai.info","robots":{"index":"index","follow":"follow","max-snippet":"max-snippet:-1","max-image-preview":"max-image-preview:large","max-video-preview":"max-video-preview:-1"},"canonical":"https:\/\/claai.info\/cms\/il-sistema-gas-europa-forum-uni-cig\/","og_locale":"it_IT","og_type":"article","og_title":"Il sistema gas-Europa: forum Uni-Cig - claai.info","og_description":"Le nuove frontiere degli usi intelligenti del gas e delle risorse distribuite a mezzo di reti. Forum, patrocinato dalla Claai, il 15-16 giugno a Milano.","og_url":"https:\/\/claai.info\/cms\/il-sistema-gas-europa-forum-uni-cig\/","og_site_name":"claai.info","article_published_time":"2016-04-11T08:29:26+00:00","article_modified_time":"2018-01-18T14:26:34+00:00","og_image":[{"width":300,"height":250,"url":"https:\/\/claai.info\/cms\/wp-content\/uploads\/2016\/04\/Banner_300_250.jpg","type":"image\/jpeg"}],"author":"Andrea Rovelli","twitter_misc":{"Scritto da":"Andrea Rovelli","Tempo di lettura stimato":"3 minuti"},"schema":{"@context":"https:\/\/schema.org","@graph":[{"@type":"Article","@id":"https:\/\/claai.info\/cms\/il-sistema-gas-europa-forum-uni-cig\/#article","isPartOf":{"@id":"https:\/\/claai.info\/cms\/il-sistema-gas-europa-forum-uni-cig\/"},"author":{"name":"Andrea Rovelli","@id":"https:\/\/claai.info\/cms\/#\/schema\/person\/791c552cf3cc082152dd350d688b7db7"},"headline":"Il sistema gas-Europa: forum Uni-Cig","datePublished":"2016-04-11T08:29:26+00:00","dateModified":"2018-01-18T14:26:34+00:00","mainEntityOfPage":{"@id":"https:\/\/claai.info\/cms\/il-sistema-gas-europa-forum-uni-cig\/"},"wordCount":531,"commentCount":0,"image":{"@id":"https:\/\/claai.info\/cms\/il-sistema-gas-europa-forum-uni-cig\/#primaryimage"},"thumbnailUrl":"https:\/\/claai.info\/cms\/wp-content\/uploads\/2016\/04\/Banner_300_250.jpg","articleSection":["Altre News","Comunicati Stampa","Formazione","Iniziative","Primo Piano"],"inLanguage":"it-IT","potentialAction":[{"@type":"CommentAction","name":"Comment","target":["https:\/\/claai.info\/cms\/il-sistema-gas-europa-forum-uni-cig\/#respond"]}]},{"@type":"WebPage","@id":"https:\/\/claai.info\/cms\/il-sistema-gas-europa-forum-uni-cig\/","url":"https:\/\/claai.info\/cms\/il-sistema-gas-europa-forum-uni-cig\/","name":"Il sistema gas-Europa: forum Uni-Cig - claai.info","isPartOf":{"@id":"https:\/\/claai.info\/cms\/#website"},"primaryImageOfPage":{"@id":"https:\/\/claai.info\/cms\/il-sistema-gas-europa-forum-uni-cig\/#primaryimage"},"image":{"@id":"https:\/\/claai.info\/cms\/il-sistema-gas-europa-forum-uni-cig\/#primaryimage"},"thumbnailUrl":"https:\/\/claai.info\/cms\/wp-content\/uploads\/2016\/04\/Banner_300_250.jpg","datePublished":"2016-04-11T08:29:26+00:00","dateModified":"2018-01-18T14:26:34+00:00","author":{"@id":"https:\/\/claai.info\/cms\/#\/schema\/person\/791c552cf3cc082152dd350d688b7db7"},"inLanguage":"it-IT","potentialAction":[{"@type":"ReadAction","target":["https:\/\/claai.info\/cms\/il-sistema-gas-europa-forum-uni-cig\/"]}]},{"@type":"ImageObject","inLanguage":"it-IT","@id":"https:\/\/claai.info\/cms\/il-sistema-gas-europa-forum-uni-cig\/#primaryimage","url":"https:\/\/claai.info\/cms\/wp-content\/uploads\/2016\/04\/Banner_300_250.jpg","contentUrl":"https:\/\/claai.info\/cms\/wp-content\/uploads\/2016\/04\/Banner_300_250.jpg","width":300,"height":250},{"@type":"WebSite","@id":"https:\/\/claai.info\/cms\/#website","url":"https:\/\/claai.info\/cms\/","name":"claai.info","description":"Confederazione delle Libere Associazioni Artigiane Italiane","potentialAction":[{"@type":"SearchAction","target":{"@type":"EntryPoint","urlTemplate":"https:\/\/claai.info\/cms\/?s={search_term_string}"},"query-input":{"@type":"PropertyValueSpecification","valueRequired":true,"valueName":"search_term_string"}}],"inLanguage":"it-IT"},{"@type":"Person","@id":"https:\/\/claai.info\/cms\/#\/schema\/person\/791c552cf3cc082152dd350d688b7db7","name":"Andrea Rovelli","image":{"@type":"ImageObject","inLanguage":"it-IT","@id":"https:\/\/secure.gravatar.com\/avatar\/5d99d1feb41c1499c90e921d0601cdf490eecb3af40cf941d49b4305ed4fb837?s=96&d=mm&r=g","url":"https:\/\/secure.gravatar.com\/avatar\/5d99d1feb41c1499c90e921d0601cdf490eecb3af40cf941d49b4305ed4fb837?s=96&d=mm&r=g","contentUrl":"https:\/\/secure.gravatar.com\/avatar\/5d99d1feb41c1499c90e921d0601cdf490eecb3af40cf941d49b4305ed4fb837?s=96&d=mm&r=g","caption":"Andrea Rovelli"},"url":"https:\/\/claai.info\/cms\/author\/arovelli\/"}]}},"_links":{"self":[{"href":"https:\/\/claai.info\/cms\/wp-json\/wp\/v2\/posts\/1066","targetHints":{"allow":["GET"]}}],"collection":[{"href":"https:\/\/claai.info\/cms\/wp-json\/wp\/v2\/posts"}],"about":[{"href":"https:\/\/claai.info\/cms\/wp-json\/wp\/v2\/types\/post"}],"author":[{"embeddable":true,"href":"https:\/\/claai.info\/cms\/wp-json\/wp\/v2\/users\/3"}],"replies":[{"embeddable":true,"href":"https:\/\/claai.info\/cms\/wp-json\/wp\/v2\/comments?post=1066"}],"version-history":[{"count":2,"href":"https:\/\/claai.info\/cms\/wp-json\/wp\/v2\/posts\/1066\/revisions"}],"predecessor-version":[{"id":1069,"href":"https:\/\/claai.info\/cms\/wp-json\/wp\/v2\/posts\/1066\/revisions\/1069"}],"wp:featuredmedia":[{"embeddable":true,"href":"https:\/\/claai.info\/cms\/wp-json\/wp\/v2\/media\/1067"}],"wp:attachment":[{"href":"https:\/\/claai.info\/cms\/wp-json\/wp\/v2\/media?parent=1066"}],"wp:term":[{"taxonomy":"category","embeddable":true,"href":"https:\/\/claai.info\/cms\/wp-json\/wp\/v2\/categories?post=1066"},{"taxonomy":"post_tag","embeddable":true,"href":"https:\/\/claai.info\/cms\/wp-json\/wp\/v2\/tags?post=1066"}],"curies":[{"name":"wp","href":"https:\/\/api.w.org\/{rel}","templated":true}]}}