{"id":1110,"date":"2016-10-06T09:39:32","date_gmt":"2016-10-06T07:39:32","guid":{"rendered":"https:\/\/claai.info\/cms\/?p=1110"},"modified":"2018-01-18T15:26:33","modified_gmt":"2018-01-18T14:26:33","slug":"istat-previsioni-deboli-leconomia-italiana-fine-2016","status":"publish","type":"post","link":"https:\/\/claai.info\/cms\/istat-previsioni-deboli-leconomia-italiana-fine-2016\/","title":{"rendered":"Istat, previsioni deboli per l&#8217;economia italiana fino a fine 2016"},"content":{"rendered":"<p>A livello internazionale prosegue la fase di decelerazione degli scambi mondiali e di rallentamento dell\u2019attivit\u00e0 economica nell\u2019area euro. In Italia il settore manifatturiero ha evidenziato lievi miglioramenti mentre le famiglie hanno incrementato i loro risparmi. I prezzi al consumo sono tornati ad aumentare dopo 7 mesi. L\u2019indicatore anticipatore dell\u2019economia suggerisce per i prossimi mesi un proseguimento della fase di debolezza dei livelli di attivit\u00e0.<\/p>\n<h2>Il quadro internazionale<\/h2>\n<p>La stima del Pil statunitense per il secondo trimestre 2016 \u00e8 stata rivista al rialzo (dall\u20191,1 all\u20191,4% su base congiunturale annua). La revisione ha riguardato principalmente gli investimenti non residenziali (da -0,9% a +1%), ma nel complesso \u00e8 stato confermato il quadro presentato ad agosto: la crescita \u00e8 stata trainata principalmente dalle esportazioni e dalla spesa per consumi delle famiglie, mentre gli investimenti complessivi e le scorte hanno contribuito negativamente.<\/p>\n<p>Per i prossimi mesi \u00e8 atteso un proseguimento dell\u2019attuale fase di crescita: sebbene l\u2019indicatore anticipatore relativo al mese di agosto sia risultato in leggero calo, la tendenza rimane comunque positiva. Nello stesso mese, i lavoratori del settore non agricolo hanno registrato un aumento pari a 151 mila unit\u00e0, inferiore rispetto all\u2019incremento di luglio (+275 mila), mentre il tasso di disoccupazione \u00e8 rimasto stabile al 4,9%. Inoltre, a settembre l\u2019indicatore del clima di fiducia dei consumatori del Conference Board ha segnato un ulteriore incremento determinato dai giudizi positivi sull\u2019occupazione. Rimangono caute le posizioni della Fed su un possibile rialzo dei tassi di interesse entro la fine dell\u2019anno.<\/p>\n<p>Nell\u2019area euro la crescita economica rallenta. Nel secondo trimestre la produzione industriale ha mostrato una contrazione (-0,3%) protrattasi anche a luglio (-1,1% su base congiunturale). Segnali positivi giungono dal mercato del lavoro, con un tasso di disoccupazione stabile in agosto, allo stesso livello degli ultimi 4 mesi (10,1%). Sebbene a settembre la stima flash dei prezzi al consumo abbia evidenziato un lieve aumento dell\u2019inflazione, non sono attesi cambiamenti nella politica monetaria espansiva adottata dalla Bce.<\/p>\n<p>Gli indicatori anticipatori del ciclo economico segnalano un miglioramento delle prospettive. A settembre, dopo tre mesi di rallentamento, l\u2019Economic sentiment indicator \u00e8 aumentato supportato dall\u2019andamento favorevole del clima di fiducia nell\u2019industria, nei servizi e nel settore delle costruzioni (Figura 1); la fiducia dei consumatori si \u00e8 rafforzata, alimentata dai giudizi positivi sulla situazione economica futura. Sempre a settembre l\u2019indicatore Eurocoin ha segnato il terzo aumento consecutivo, seppure ancora di lieve entit\u00e0.<\/p>\n<p>Nel mese di settembre il tasso di cambio dell\u2019euro nei confronti del dollaro \u00e8 rimasto stabile, in media a 1,12, mentre il prezzo del Brent \u00e8 aumentato rispetto agli ultimi due mesi, attestandosi in media a 47,5 dollari al barile (+2,3% la crescita in T3, Figura 2). L\u2019accordo tra paesi OPEC, Iran e Arabia Saudita sul taglio della produzione di greggio, accolto positivamente dai mercati, ha influito positivamente sulle aspettative per il 2017.<\/p>\n<p>Il commercio internazionale rimane debole: a luglio i dati del Central Plan Bureau evidenziano un ulteriore indebolimento degli scambi in volume (-1,1% rispetto al mese precedente) in presenza di andamenti positivi delle esportazioni negli Stati Uniti e delle importazioni dell\u2019area euro.<\/p>\n<h2>La congiuntura italiana<\/h2>\n<h3>Imprese<\/h3>\n<p>Nel secondo trimestre del 2016, la revisione dei Conti Nazionali ha confermato la variazione nulla del Pil, corretto per gli effetti di calendario e destagionalizzato, rispetto al trimestre precedente. La variazione congiunturale degli investimenti fissi lordi \u00e8 risultata pari a +0,2% in rialzo rispetto a -0,3% della stima precedente.<\/p>\n<p>A luglio, l\u2019attivit\u00e0 produttiva del settore industriale (al netto delle costruzioni) ha registrato incremento (+0,4%) che ha interessato tutti i comparti: i beni di consumo (+2,0%), i beni strumentali (+1,1%), i beni intermedi (+0,9%) e, in misura pi\u00f9 limitata, l\u2019energia (+0,5%, Figura 3). Nella media del trimestre maggio-luglio 2016, tuttavia, la produzione \u00e8 diminuita dello 0,5% in termini congiunturali. La dinamica positiva dell\u2019attivit\u00e0 del settore manifatturiero \u00e8 confermata dai dati del fatturato, misurato a prezzi correnti: a luglio si \u00e8 rilevato un incremento congiunturale del 2,1% determinato dall\u2019andamento favorevole del mercato interno (+3,2%) e dalla sostanziale stabilit\u00e0 del mercato estero. Nello stesso mese gli ordinativi hanno subito una decisa flessione su base congiunturale (-10,8%) determinata dal risultato eccezionalmente elevato registrato nel mese precedente (+14,3% rispetto a maggio).Tuttavia nel trimestre maggio-luglio gli ordinativi evidenziano una crescita dell\u20191,9%. A settembre l\u2019indice del clima di fiducia delle imprese manifatturiere ha segnato un incremento a seguito del miglioramento dei giudizi sugli ordini e di un lieve peggioramento delle attese di produzione (Figura 4).<\/p>\n<p>Prosegue la fase di rallentamento del commercio estero. In luglio le importazioni hanno registrato un aumento in termini congiunturali (+0,5%) sostenuto dagli acquisti dai paesi extra Ue (+1,5%) a fronte di un calo di quelli Ue (-0,2%, Figura 5). Le esportazioni hanno invece evidenziato una contrazione (-0,6%) influenzata dalla riduzione delle vendite sui mercati Ue (-1,1%). Ad agosto il commercio estero sui mercati extra Ue ha registrato un incremento congiunturale, pi\u00f9 consistente per le importazioni (+2,5%; +7,2% al netto dell\u2019energia) che per le esportazioni (+0,9%).<\/p>\n<p>A luglio l\u2019indice della produzione delle costruzioni \u00e8 diminuito (-0,4% rispetto a giugno) dopo l\u2019incremento registrato nel mese precedente (+1,2%). A settembre, l\u2019indice del clima di fiducia delle imprese di costruzione ha registrato un miglioramento guidato dai giudizi sugli ordini e\/o piani di costruzione e dalle attese sull\u2019occupazione. Nello stesso mese, l\u2019indice del clima di fiducia delle imprese dei servizi di mercato ha segnato un aumento rispetto ad agosto.<\/p>\n<h3>Famiglie e mercato del lavoro<\/h3>\n<p>Nel secondo trimestre 2016, la spesa delle famiglie per consumi finali ha mantenuto ritmi di crescita contenuti (+0,2 rispetto al trimestre precedente). A fronte di un incremento del reddito disponibile delle famiglie consumatrici (+1,3%), significativamente pi\u00f9 elevato dell\u2019aumento dei consumi finali, la propensione al risparmio \u00e8 salita al 9,6% (Figura 6), con un aumento di 0,9 punti percentuali rispetto al trimestre precedente. Il deflatore implicito dei consumi ha registrato un lieve incremento (+0,1%) in termini congiunturali, favorendo un aumento del potere di acquisto delle famiglie (+1,1%).<\/p>\n<p>Nel mese di luglio, il volume delle vendite al dettaglio ha registrato una diminuzione congiunturale dello 0,3%, dopo il lieve aumento evidenziato nei mesi di maggio e giugno (+0,2%). La flessione \u00e8 stata determinata dalle vendite di prodotti non alimentari (-0,4%), mentre gli alimentari sono rimasti pressoch\u00e9 stabili (+0,1%). Nella media del trimestre maggio-luglio 2016, l\u2019indice complessivo in volume \u00e8 risultato stazionario rispetto al trimestre precedente. A settembre il clima di fiducia dei consumatori ha segnato un\u2019ulteriore diminuzione trainata dal peggioramento del clima personale e di quello corrente a cui si \u00e8 associato il miglioramento del clima economico e, in misura pi\u00f9 contenuta, di quello futuro. Ad agosto i dati mensili delle forze di lavoro hanno registrato un lieve incremento degli occupati (+0,1% rispetto a luglio, +13 mila individui, Figura 7), dopo la contrazione rilevata a luglio (-0,3%, -66 mila individui). Tale dinamica \u00e8 guidata dalla componente femminile (+0,4%), a fronte di una riduzione degli occupati maschi (-0,2%) che ha coinvolto i pi\u00f9 giovani (15-24 anni) e gli ultra-cinquantenni. Si \u00e8 registrata una crescita dell\u2019occupazione dipendente (+0,3%, +47 mila di cui 45 mila sono dipendenti permanenti), a fronte di una diminuzione degli occupati indipendenti (-0,6%, -34 mila). Ad agosto, il tasso di disoccupazione si \u00e8 attestato all\u201911,4%. L\u2019aggregato delle persone in cerca di occupazione \u00e8 risultato lievemente in diminuzione rispetto al mese precedente (-0,1%).<\/p>\n<p>Le attese formulate dagli imprenditori a settembre sull\u2019evoluzione dell\u2019occupazione per i successivi tre mesi appaiono in miglioramento in tutti i settori ad eccezione di quello dei servizi.<\/p>\n<h3>Prezzi<\/h3>\n<p>A settembre, dopo sette mesi di valori negativi, l\u2019inflazione \u00e8 risultata leggermente positiva. La variazione tendenziale dell\u2019indice dei prezzi al consumo per l\u2019intera collettivit\u00e0 nazionale (+0,1%) ha segnato un recupero di 0,6 punti percentuali rispetto al minimo toccato in aprile (-0,5%, Figura 8). L\u2019aumento riflette principalmente la forte attenuazione della caduta annua dei prezzi energetici (3 punti in meno rispetto ad agosto), mentre le determinanti interne continuano a non fornire spinte rilevanti: l\u2019inflazione di fondo rimane su livelli bassi (+0,4% l\u2019inflazione al netto di energia, alimentari e tabacchi). Nelle fasi a monte della distribuzione finale, le pressioni inflazionistiche rimangono molto deboli o assenti. Per i prodotti industriali, in luglio i prezzi all\u2019importazione dei beni di consumo hanno registrato una nuova caduta tendenziale (-1,2%), con modesti rincari limitati ai beni durevoli (+0,6%); la stessa dinamica si riscontra per i prezzi alla produzione.<\/p>\n<p>In settembre le attese delle imprese che producono beni per il consumo finale non evidenziano cambiamenti significativi delle politiche di prezzo, con un sostanziale equilibrio tra chi prevede rincari dei listini nel breve termine e chi ne prospetta riduzioni. Tra i consumatori, viceversa, crescono le attese di un leggero recupero dell\u2019inflazione.<\/p>\n<h3>Prospettive di breve termine<\/h3>\n<p>I dati pi\u00f9 recenti sull\u2019economia italiana delineano uno scenario di persistente debolezza dei livelli di attivit\u00e0 economica. A settembre, il clima di fiducia dei consumatori ha segnato la seconda flessione consecutiva, mentre le aspettative delle imprese sono risultate in miglioramento, attestandosi tuttavia sui livello scorso giugno.<\/p>\n","protected":false},"excerpt":{"rendered":"<p>A livello internazionale prosegue la fase di decelerazione degli scambi mondiali e di rallentamento dell\u2019attivit\u00e0 economica nell\u2019area euro. In Italia il settore manifatturiero ha evidenziato lievi miglioramenti mentre le famiglie hanno incrementato i loro risparmi. I prezzi al consumo sono tornati ad aumentare dopo 7 mesi. L\u2019indicatore anticipatore dell\u2019economia suggerisce per i prossimi mesi un [&hellip;]<\/p>\n","protected":false},"author":3,"featured_media":0,"comment_status":"open","ping_status":"open","sticky":false,"template":"","format":"standard","meta":{"_et_pb_use_builder":"","_et_pb_old_content":"","_et_gb_content_width":"","footnotes":""},"categories":[20,8,7],"tags":[],"class_list":["post-1110","post","type-post","status-publish","format-standard","hentry","category-altre-news","category-comunicati-stampa","category-primo-piano"],"yoast_head":"<!-- This site is optimized with the Yoast SEO plugin v27.5 - https:\/\/yoast.com\/product\/yoast-seo-wordpress\/ -->\n<title>Istat, previsioni deboli per l&#039;economia italiana fino a fine 2016 - claai.info<\/title>\n<meta name=\"robots\" content=\"index, follow, max-snippet:-1, max-image-preview:large, max-video-preview:-1\" \/>\n<link rel=\"canonical\" href=\"https:\/\/claai.info\/cms\/istat-previsioni-deboli-leconomia-italiana-fine-2016\/\" \/>\n<meta property=\"og:locale\" content=\"it_IT\" \/>\n<meta property=\"og:type\" content=\"article\" \/>\n<meta property=\"og:title\" content=\"Istat, previsioni deboli per l&#039;economia italiana fino a fine 2016 - claai.info\" \/>\n<meta property=\"og:description\" content=\"A livello internazionale prosegue la fase di decelerazione degli scambi mondiali e di rallentamento dell\u2019attivit\u00e0 economica nell\u2019area euro. In Italia il settore manifatturiero ha evidenziato lievi miglioramenti mentre le famiglie hanno incrementato i loro risparmi. I prezzi al consumo sono tornati ad aumentare dopo 7 mesi. L\u2019indicatore anticipatore dell\u2019economia suggerisce per i prossimi mesi un [&hellip;]\" \/>\n<meta property=\"og:url\" content=\"https:\/\/claai.info\/cms\/istat-previsioni-deboli-leconomia-italiana-fine-2016\/\" \/>\n<meta property=\"og:site_name\" content=\"claai.info\" \/>\n<meta property=\"article:published_time\" content=\"2016-10-06T07:39:32+00:00\" \/>\n<meta property=\"article:modified_time\" content=\"2018-01-18T14:26:33+00:00\" \/>\n<meta property=\"og:image\" content=\"https:\/\/claai.info\/cms\/wp-content\/uploads\/2016\/10\/economia-1.jpg\" \/>\n\t<meta property=\"og:image:width\" content=\"622\" \/>\n\t<meta property=\"og:image:height\" content=\"414\" \/>\n\t<meta property=\"og:image:type\" content=\"image\/jpeg\" \/>\n<meta name=\"author\" content=\"Andrea Rovelli\" \/>\n<meta name=\"twitter:label1\" content=\"Scritto da\" \/>\n\t<meta name=\"twitter:data1\" content=\"Andrea Rovelli\" \/>\n\t<meta name=\"twitter:label2\" content=\"Tempo di lettura stimato\" \/>\n\t<meta name=\"twitter:data2\" content=\"7 minuti\" \/>\n<script type=\"application\/ld+json\" class=\"yoast-schema-graph\">{\"@context\":\"https:\\\/\\\/schema.org\",\"@graph\":[{\"@type\":\"Article\",\"@id\":\"https:\\\/\\\/claai.info\\\/cms\\\/istat-previsioni-deboli-leconomia-italiana-fine-2016\\\/#article\",\"isPartOf\":{\"@id\":\"https:\\\/\\\/claai.info\\\/cms\\\/istat-previsioni-deboli-leconomia-italiana-fine-2016\\\/\"},\"author\":{\"name\":\"Andrea Rovelli\",\"@id\":\"https:\\\/\\\/claai.info\\\/cms\\\/#\\\/schema\\\/person\\\/791c552cf3cc082152dd350d688b7db7\"},\"headline\":\"Istat, previsioni deboli per l&#8217;economia italiana fino a fine 2016\",\"datePublished\":\"2016-10-06T07:39:32+00:00\",\"dateModified\":\"2018-01-18T14:26:33+00:00\",\"mainEntityOfPage\":{\"@id\":\"https:\\\/\\\/claai.info\\\/cms\\\/istat-previsioni-deboli-leconomia-italiana-fine-2016\\\/\"},\"wordCount\":1439,\"commentCount\":0,\"articleSection\":[\"Altre News\",\"Comunicati Stampa\",\"Primo Piano\"],\"inLanguage\":\"it-IT\",\"potentialAction\":[{\"@type\":\"CommentAction\",\"name\":\"Comment\",\"target\":[\"https:\\\/\\\/claai.info\\\/cms\\\/istat-previsioni-deboli-leconomia-italiana-fine-2016\\\/#respond\"]}]},{\"@type\":\"WebPage\",\"@id\":\"https:\\\/\\\/claai.info\\\/cms\\\/istat-previsioni-deboli-leconomia-italiana-fine-2016\\\/\",\"url\":\"https:\\\/\\\/claai.info\\\/cms\\\/istat-previsioni-deboli-leconomia-italiana-fine-2016\\\/\",\"name\":\"Istat, previsioni deboli per l'economia italiana fino a fine 2016 - claai.info\",\"isPartOf\":{\"@id\":\"https:\\\/\\\/claai.info\\\/cms\\\/#website\"},\"datePublished\":\"2016-10-06T07:39:32+00:00\",\"dateModified\":\"2018-01-18T14:26:33+00:00\",\"author\":{\"@id\":\"https:\\\/\\\/claai.info\\\/cms\\\/#\\\/schema\\\/person\\\/791c552cf3cc082152dd350d688b7db7\"},\"inLanguage\":\"it-IT\",\"potentialAction\":[{\"@type\":\"ReadAction\",\"target\":[\"https:\\\/\\\/claai.info\\\/cms\\\/istat-previsioni-deboli-leconomia-italiana-fine-2016\\\/\"]}]},{\"@type\":\"WebSite\",\"@id\":\"https:\\\/\\\/claai.info\\\/cms\\\/#website\",\"url\":\"https:\\\/\\\/claai.info\\\/cms\\\/\",\"name\":\"claai.info\",\"description\":\"Confederazione delle Libere Associazioni Artigiane Italiane\",\"potentialAction\":[{\"@type\":\"SearchAction\",\"target\":{\"@type\":\"EntryPoint\",\"urlTemplate\":\"https:\\\/\\\/claai.info\\\/cms\\\/?s={search_term_string}\"},\"query-input\":{\"@type\":\"PropertyValueSpecification\",\"valueRequired\":true,\"valueName\":\"search_term_string\"}}],\"inLanguage\":\"it-IT\"},{\"@type\":\"Person\",\"@id\":\"https:\\\/\\\/claai.info\\\/cms\\\/#\\\/schema\\\/person\\\/791c552cf3cc082152dd350d688b7db7\",\"name\":\"Andrea Rovelli\",\"image\":{\"@type\":\"ImageObject\",\"inLanguage\":\"it-IT\",\"@id\":\"https:\\\/\\\/secure.gravatar.com\\\/avatar\\\/5d99d1feb41c1499c90e921d0601cdf490eecb3af40cf941d49b4305ed4fb837?s=96&d=mm&r=g\",\"url\":\"https:\\\/\\\/secure.gravatar.com\\\/avatar\\\/5d99d1feb41c1499c90e921d0601cdf490eecb3af40cf941d49b4305ed4fb837?s=96&d=mm&r=g\",\"contentUrl\":\"https:\\\/\\\/secure.gravatar.com\\\/avatar\\\/5d99d1feb41c1499c90e921d0601cdf490eecb3af40cf941d49b4305ed4fb837?s=96&d=mm&r=g\",\"caption\":\"Andrea Rovelli\"},\"url\":\"https:\\\/\\\/claai.info\\\/cms\\\/author\\\/arovelli\\\/\"}]}<\/script>\n<!-- \/ Yoast SEO plugin. -->","yoast_head_json":{"title":"Istat, previsioni deboli per l'economia italiana fino a fine 2016 - claai.info","robots":{"index":"index","follow":"follow","max-snippet":"max-snippet:-1","max-image-preview":"max-image-preview:large","max-video-preview":"max-video-preview:-1"},"canonical":"https:\/\/claai.info\/cms\/istat-previsioni-deboli-leconomia-italiana-fine-2016\/","og_locale":"it_IT","og_type":"article","og_title":"Istat, previsioni deboli per l'economia italiana fino a fine 2016 - claai.info","og_description":"A livello internazionale prosegue la fase di decelerazione degli scambi mondiali e di rallentamento dell\u2019attivit\u00e0 economica nell\u2019area euro. In Italia il settore manifatturiero ha evidenziato lievi miglioramenti mentre le famiglie hanno incrementato i loro risparmi. I prezzi al consumo sono tornati ad aumentare dopo 7 mesi. L\u2019indicatore anticipatore dell\u2019economia suggerisce per i prossimi mesi un [&hellip;]","og_url":"https:\/\/claai.info\/cms\/istat-previsioni-deboli-leconomia-italiana-fine-2016\/","og_site_name":"claai.info","article_published_time":"2016-10-06T07:39:32+00:00","article_modified_time":"2018-01-18T14:26:33+00:00","og_image":[{"width":622,"height":414,"url":"https:\/\/claai.info\/cms\/wp-content\/uploads\/2016\/10\/economia-1.jpg","type":"image\/jpeg"}],"author":"Andrea Rovelli","twitter_misc":{"Scritto da":"Andrea Rovelli","Tempo di lettura stimato":"7 minuti"},"schema":{"@context":"https:\/\/schema.org","@graph":[{"@type":"Article","@id":"https:\/\/claai.info\/cms\/istat-previsioni-deboli-leconomia-italiana-fine-2016\/#article","isPartOf":{"@id":"https:\/\/claai.info\/cms\/istat-previsioni-deboli-leconomia-italiana-fine-2016\/"},"author":{"name":"Andrea Rovelli","@id":"https:\/\/claai.info\/cms\/#\/schema\/person\/791c552cf3cc082152dd350d688b7db7"},"headline":"Istat, previsioni deboli per l&#8217;economia italiana fino a fine 2016","datePublished":"2016-10-06T07:39:32+00:00","dateModified":"2018-01-18T14:26:33+00:00","mainEntityOfPage":{"@id":"https:\/\/claai.info\/cms\/istat-previsioni-deboli-leconomia-italiana-fine-2016\/"},"wordCount":1439,"commentCount":0,"articleSection":["Altre News","Comunicati Stampa","Primo Piano"],"inLanguage":"it-IT","potentialAction":[{"@type":"CommentAction","name":"Comment","target":["https:\/\/claai.info\/cms\/istat-previsioni-deboli-leconomia-italiana-fine-2016\/#respond"]}]},{"@type":"WebPage","@id":"https:\/\/claai.info\/cms\/istat-previsioni-deboli-leconomia-italiana-fine-2016\/","url":"https:\/\/claai.info\/cms\/istat-previsioni-deboli-leconomia-italiana-fine-2016\/","name":"Istat, previsioni deboli per l'economia italiana fino a fine 2016 - claai.info","isPartOf":{"@id":"https:\/\/claai.info\/cms\/#website"},"datePublished":"2016-10-06T07:39:32+00:00","dateModified":"2018-01-18T14:26:33+00:00","author":{"@id":"https:\/\/claai.info\/cms\/#\/schema\/person\/791c552cf3cc082152dd350d688b7db7"},"inLanguage":"it-IT","potentialAction":[{"@type":"ReadAction","target":["https:\/\/claai.info\/cms\/istat-previsioni-deboli-leconomia-italiana-fine-2016\/"]}]},{"@type":"WebSite","@id":"https:\/\/claai.info\/cms\/#website","url":"https:\/\/claai.info\/cms\/","name":"claai.info","description":"Confederazione delle Libere Associazioni Artigiane Italiane","potentialAction":[{"@type":"SearchAction","target":{"@type":"EntryPoint","urlTemplate":"https:\/\/claai.info\/cms\/?s={search_term_string}"},"query-input":{"@type":"PropertyValueSpecification","valueRequired":true,"valueName":"search_term_string"}}],"inLanguage":"it-IT"},{"@type":"Person","@id":"https:\/\/claai.info\/cms\/#\/schema\/person\/791c552cf3cc082152dd350d688b7db7","name":"Andrea Rovelli","image":{"@type":"ImageObject","inLanguage":"it-IT","@id":"https:\/\/secure.gravatar.com\/avatar\/5d99d1feb41c1499c90e921d0601cdf490eecb3af40cf941d49b4305ed4fb837?s=96&d=mm&r=g","url":"https:\/\/secure.gravatar.com\/avatar\/5d99d1feb41c1499c90e921d0601cdf490eecb3af40cf941d49b4305ed4fb837?s=96&d=mm&r=g","contentUrl":"https:\/\/secure.gravatar.com\/avatar\/5d99d1feb41c1499c90e921d0601cdf490eecb3af40cf941d49b4305ed4fb837?s=96&d=mm&r=g","caption":"Andrea Rovelli"},"url":"https:\/\/claai.info\/cms\/author\/arovelli\/"}]}},"_links":{"self":[{"href":"https:\/\/claai.info\/cms\/wp-json\/wp\/v2\/posts\/1110","targetHints":{"allow":["GET"]}}],"collection":[{"href":"https:\/\/claai.info\/cms\/wp-json\/wp\/v2\/posts"}],"about":[{"href":"https:\/\/claai.info\/cms\/wp-json\/wp\/v2\/types\/post"}],"author":[{"embeddable":true,"href":"https:\/\/claai.info\/cms\/wp-json\/wp\/v2\/users\/3"}],"replies":[{"embeddable":true,"href":"https:\/\/claai.info\/cms\/wp-json\/wp\/v2\/comments?post=1110"}],"version-history":[{"count":1,"href":"https:\/\/claai.info\/cms\/wp-json\/wp\/v2\/posts\/1110\/revisions"}],"predecessor-version":[{"id":1112,"href":"https:\/\/claai.info\/cms\/wp-json\/wp\/v2\/posts\/1110\/revisions\/1112"}],"wp:attachment":[{"href":"https:\/\/claai.info\/cms\/wp-json\/wp\/v2\/media?parent=1110"}],"wp:term":[{"taxonomy":"category","embeddable":true,"href":"https:\/\/claai.info\/cms\/wp-json\/wp\/v2\/categories?post=1110"},{"taxonomy":"post_tag","embeddable":true,"href":"https:\/\/claai.info\/cms\/wp-json\/wp\/v2\/tags?post=1110"}],"curies":[{"name":"wp","href":"https:\/\/api.w.org\/{rel}","templated":true}]}}