{"id":1119,"date":"2016-11-16T10:22:52","date_gmt":"2016-11-16T09:22:52","guid":{"rendered":"https:\/\/claai.info\/cms\/?p=1119"},"modified":"2018-01-18T15:26:33","modified_gmt":"2018-01-18T14:26:33","slug":"aumentano-le-pmi-5-anni-crisi","status":"publish","type":"post","link":"https:\/\/claai.info\/cms\/aumentano-le-pmi-5-anni-crisi\/","title":{"rendered":"Aumentano le pmi, dopo 5 anni di crisi"},"content":{"rendered":"<p>Cerved, leader in Italia nell\u2019analisi del rischio di credito e nella gestione dei NPL, ha presentato oggi, nel corso<a href=\"https:\/\/eventi.cerved.com\/osservitalia\/?utm_source=Oss2016_Dem\"> dell\u2019incontro Osservitalia<\/a>, i risultati del <b>Rapporto Cerved PMI 2016<\/b>, la pubblicazione annuale dedicata all\u2019analisi dello stato di salute economico-finanziaria delle societ\u00e0 italiane che rientrano nella definizione europea di Piccole e Medie Imprese.<\/p>\n<p>Il Rapporto elaborato da Cerved mostra che, in base a tutti gli indicatori monitorati, le PMI hanno rafforzato crescita e redditivit\u00e0, con miglioramenti che hanno riguardato anche i settori pi\u00f9 colpiti dalla crisi come le costruzioni. Dopo cinque anni, nel 2015 \u00e8 aumentato il numero di PMI, tornato sopra quota 137 mila (+500 societ\u00e0, pari a un incremento dello 0,4% rispetto al 2014). I miglioramenti sono stati favoriti da una rinnovata fiducia, con il credito fornito alle PMI da banche e dalle altre imprese di nuovo in crescita. \u00c8 proseguita la fase di deleveraging, con uno spostamento delle PMI verso profili meno rischiosi.<\/p>\n<p>\u00ab<i>Il Rapporto Cerved PMI 2016 indica che \u00e8 terminata la fase di selezione, con le aziende pi\u00f9 deboli espulse dal mercato, ed evidenzia che nel corso del 2015 e nella prima parte del 2016, tutti gli indicatori che monitoriamo mostrano chiari segnali di miglioramento\u00bb. \u2013 <\/i><b>commenta Marco Nespolo, Amministratore Delegato di Cerved<\/b><i>-. \u00abI ricavi sono cresciuti del 3,1%, a tassi tripli rispetto all\u2019anno precedente e circa la met\u00e0 delle PMI hanno un bilancio che classifichiamo come \u2018solvibile\u2019, in aumento di quasi dieci punti percentuali rispetto all\u2019ultimo anno prima della crisi, il 2007. Le PMI si presentano quindi pi\u00f9 solide, ma molta strada deve ancora essere fatta per recuperare i livelli di redditivit\u00e0 pre-crisi: nonostante il recupero del Mol, +3,9% nel 2015 e un\u2019accelerazione fino al +6,5% prevista per il 2018, al termine del periodo di previsione l\u2019indice rimarr\u00e0 inferiore a quella pre-crisi di ben 24 punti percentuali\u00bb.<\/i><\/p>\n<p>Il miglioramento congiunturale non risolve i ritardi strutturali del nostro sistema, ben sintetizzati dall\u2019andamento della produttivit\u00e0 del lavoro delle PMI, che ha perso circa 8 punti percentuali dall\u2019inizio della crisi. Un\u2019inversione di tendenza dipende dalla capacit\u00e0 del sistema delle PMI di innovare, tema a cui \u00e8 dedicata la monografia del Rapporto: \u00ab<i>Grazie ai big data e alle tecniche di analisi semantica sviluppate da SpazioDati, societ\u00e0 in cui abbiamo investito \u2013 <\/i>prosegue Nespolo<i> \u2013 abbiamo disegnato una mappa inedita del sistema delle startup e delle PMI innovative, cercando le imprese italiane che producono innovazione, ma che non sono iscritte all\u2019apposita sezione speciale del Registro delle Imprese. Abbiamo cos\u00ec individuato 16 mila startup e PMI innovative, di cui 6.500 iscritte, che impiegano 150 mila addetti, generano un giro d\u2019affari di 26 miliardi di euro e hanno realizzato investimenti per 1,7 miliardi\u00bb.<\/i><\/p>\n<p><b>NEL 2015 SONO FALLITE MENO IMPRESE, TORNA A CRESCERE IL NUMERO DI PMI<\/b><\/p>\n<p>Tra il 2008 e il 2014 la crisi ha prodotto un\u2019emorragia di PMI, con una perdita di 14 mila societ\u00e0, da 150 a 136 mila (-9%). Nel 2015 si \u00e8 <b>registrata un\u2019inversione di tendenza che ha visto il numero delle imprese tornare a crescere fino a 137 mila, un incremento di circa 500 imprese (+0,4% sul 2014)<\/b>. Tale risultato \u00e8 l\u2019effetto di un saldo positivo tra PMI nate e morte e del saldo nullo tra PMI che hanno ridotto la propria scala dimensionale fino a diventare microimprese e societ\u00e0 che hanno percorso il sentiero inverso.<\/p>\n<p>I dati evidenziano un netto calo di chiusure di PMI: nel 2015, <b>circa 6 mila imprese sono uscite dal mercato a seguito di procedure concorsuali o per liquidazione volontaria, -22%<\/b> rispetto all\u2019anno precedente; tale tendenza positiva \u00e8 inoltre proseguita anche nella prima parte del 2016. In particolare, <b>per la prima volta dall\u2019inizio della crisi, nel 2015 sono diminuite le PMI fallite (-20%)<\/b>, con un calo proseguito anche nei primi sei mesi del 2016 (-15%). I miglioramenti sono consistenti anche per quanto riguarda procedure concorsuali non fallimentari e liquidazioni volontarie, che con un -21% tornano al di sotto dei livelli pre-crisi.<\/p>\n<p><b>LE PMI ITALIANE INCREMENTANO CRESCITA, REDDITIVIT\u00c0 E INVESTIMENTI, CON MIGLIORAMENTI CHE RIGUARDANO ANCHE LE COSTRUZIONI<\/b><\/p>\n<p>Nel 2015, dopo i primi segnali di inversione rilevati nel 2014, si osserva un deciso miglioramento dei bilanci delle PMI. I <b>ricavi sono cresciuti a tassi tripli rispetto all\u2019anno precedente (3% contro 1%)<\/b>, con effetti positivi sull\u2019andamento del valore aggiunto, che \u00e8 aumentato per le PMI a valori vicini al 4%. <b>In crescita anche i margini lordi, a tassi di circa il 4%<\/b>, con una dinamica pi\u00f9 favorevole per le piccole imprese rispetto alle medie. Il settore industriale, che aveva guidato l\u2019inversione di tendenza nel 2014, continua nel trend di ripresa e viene agganciato da quello dei servizi, con una crescita dei ricavi intorno al 4% e un aumento del MOL di qualche decimale pi\u00f9 alto. <b>Per la prima volta dopo la lunga crisi economica, anche il settore delle costruzioni mostra segnali di miglioramento, con un ritorno alla crescita di ricavi (+1,8%) e, in misura maggiore, della redditivit\u00e0 lorda (+4,4%)<\/b>.<\/p>\n<p>L\u2019aumento della redditivit\u00e0 e il successo degli incentivi fiscali hanno spinto anche<b> gli investimenti che, dopo aver toccato il fondo nel 2013, sono aumentati in rapporto alle immobilizzazioni materiali al 6,7%<\/b> (5,4% nel 2013 e 5,6% nel 2014). Anche grazie a un costo del debito a livelli storicamente molto bassi, la redditivit\u00e0 netta delle PMI \u00e8 tornata a livelli vicini a quelli del 2008. Il ROE, che misura il ritorno sul capitale immesso nelle aziende, \u00e8 aumentato dall\u20198% all\u20198,6%.<\/p>\n<p><b>TORNA LA FIDUCIA DI BANCHE E IMPRESE VERSO UN SISTEMA DI PMI CHE SI SPOSTA VERSO PROFILI MENO RISCHIOSI<\/b><\/p>\n<p>La lunga crisi che ha colpito il sistema delle PMI italiane \u00e8 coincisa con una selezione molto pi\u00f9 severa del credito, non solo da parte delle banche, ma anche da parte delle stesse imprese nel concedere credito commerciale ai propri clienti. Tra 2010 e 2014 il volume di debiti finanziari si \u00e8 ridotto di 2 punti percentuali, il volume di debiti commerciali del 7%. Nel 2015 si osserva una significativa inversione di tendenza di questi due fenomeni. <b>Grazie alla politica monetaria espansiva, si riduce il costo del debito per le PMI di 40 bp, dal 4,6% al 4,2% e termina la contrazione dei debiti, che aumentano leggermente su base annua (+0,3%).<\/b> <b>Il clima di rinnovata fiducia ha consentito un aumento, a ritmi anche pi\u00f9 sostenuti, dei debiti commerciali (+1,7%)<\/b> e scadenze in fattura meno rigide per le PMI.<\/p>\n<p>Nonostante i maggiori debiti, le rilevazioni mostrano come l\u2019intero complesso delle PMI si stia muovendo verso profili meno rischiosi. <b>\u00c8 proseguito a ritmo sostenuto il rafforzamento del capitale proprio (+5%)<\/b>, confermando un trend di crescita che si \u00e8 mantenuto costante dal 2008, con l\u2019effetto di un\u2019ulteriore riduzione del rapporto tra debiti finanziari e capitale netto.<b> Nel 2015 pi\u00f9 della met\u00e0 delle PMI italiane ha un profilo di rischio \u2018solvibile\u2019<\/b> (51,5% nel 2015 vs 48,3% nel 2014) e solo il 16,6% ha un profilo rischioso (era il 17,7% nel 2014).<\/p>\n<p>Anche sul fronte dei debiti commerciali, il ritorno alla crescita non ha impedito comportamenti pi\u00f9 virtuosi da parte delle PMI. <b>A giugno 2016, le PMI risultano infatti pi\u00f9 rapide a pagare i fornitori, con ritardi (11,5 giorni, \u2013 2 giorni sull\u2019anno precedente) e tempi di pagamento (72,2 giorni, -1,4 giorni) ai minimi dal 2012.<\/b><\/p>\n<p><b>LE PREVISIONI AL 2018 VEDONO LE PMI ANCORA IN CRESCITA E LE SOFFERENZE IN DIMINUZIONE<\/b><\/p>\n<p>Secondo lo scenario macroeconomico elaborato da Cerved, il PIL italiano si attester\u00e0 allo 0,8% nel 2016, per poi accelerare lievemente nel biennio successivo (+1,1% nel 2018), a ritmi comunque ben al di sotto del potenziale di crescita. In base a questo scenario, si prevede <b>una graduale accelerazione del fatturato e del valore aggiunto delle PMI che cresceranno, alla fine del periodo di previsione, a tassi rispettivamente del 4,2% e del 5,1%.<\/b><\/p>\n<p>Dal punto di vista del profilo di rischio, il Cerved Group Score indica una diminuzione della rischiosit\u00e0 delle imprese italiane: tra settembre 2016 e settembre 2015 si osserva un saldo ampiamente positivo (+8%) tra societ\u00e0 con upgrade e societ\u00e0 con un downgrade. Tale calo di rischio, insieme a uno scenario macroeconomico in miglioramento, consentir\u00e0 un<b> graduale calo dei tassi di ingresso in sofferenza delle PMI, sia in termini di valore (dal 4,8% al 3,7%) sia in termini di numeri (dal 3,1% al 2,6%), con livelli che per\u00f2 rimangono ancora ben distanti da quelli pre-crisi (1,6% in valori e 1,3% in numeri).<\/b><\/p>\n","protected":false},"excerpt":{"rendered":"<p>Cerved, leader in Italia nell\u2019analisi del rischio di credito e nella gestione dei NPL, ha presentato oggi, nel corso dell\u2019incontro Osservitalia, i risultati del Rapporto Cerved PMI 2016, la pubblicazione annuale dedicata all\u2019analisi dello stato di salute economico-finanziaria delle societ\u00e0 italiane che rientrano nella definizione europea di Piccole e Medie Imprese. Il Rapporto elaborato da [&hellip;]<\/p>\n","protected":false},"author":3,"featured_media":1120,"comment_status":"open","ping_status":"open","sticky":false,"template":"","format":"standard","meta":{"_et_pb_use_builder":"","_et_pb_old_content":"","_et_gb_content_width":"","footnotes":""},"categories":[20,8,7],"tags":[],"class_list":["post-1119","post","type-post","status-publish","format-standard","has-post-thumbnail","hentry","category-altre-news","category-comunicati-stampa","category-primo-piano"],"yoast_head":"<!-- This site is optimized with the Yoast SEO plugin v27.5 - https:\/\/yoast.com\/product\/yoast-seo-wordpress\/ -->\n<title>Aumentano le pmi, dopo 5 anni di crisi - claai.info<\/title>\n<meta name=\"robots\" content=\"index, follow, max-snippet:-1, max-image-preview:large, max-video-preview:-1\" \/>\n<link rel=\"canonical\" href=\"https:\/\/claai.info\/cms\/aumentano-le-pmi-5-anni-crisi\/\" \/>\n<meta property=\"og:locale\" content=\"it_IT\" \/>\n<meta property=\"og:type\" content=\"article\" \/>\n<meta property=\"og:title\" content=\"Aumentano le pmi, dopo 5 anni di crisi - claai.info\" \/>\n<meta property=\"og:description\" content=\"Cerved, leader in Italia nell\u2019analisi del rischio di credito e nella gestione dei NPL, ha presentato oggi, nel corso dell\u2019incontro Osservitalia, i risultati del Rapporto Cerved PMI 2016, la pubblicazione annuale dedicata all\u2019analisi dello stato di salute economico-finanziaria delle societ\u00e0 italiane che rientrano nella definizione europea di Piccole e Medie Imprese. Il Rapporto elaborato da [&hellip;]\" \/>\n<meta property=\"og:url\" content=\"https:\/\/claai.info\/cms\/aumentano-le-pmi-5-anni-crisi\/\" \/>\n<meta property=\"og:site_name\" content=\"claai.info\" \/>\n<meta property=\"article:published_time\" content=\"2016-11-16T09:22:52+00:00\" \/>\n<meta property=\"article:modified_time\" content=\"2018-01-18T14:26:33+00:00\" \/>\n<meta property=\"og:image\" content=\"https:\/\/claai.info\/cms\/wp-content\/uploads\/2016\/11\/regioni-italia_lente.jpg\" \/>\n\t<meta property=\"og:image:width\" content=\"449\" \/>\n\t<meta property=\"og:image:height\" content=\"500\" \/>\n\t<meta property=\"og:image:type\" content=\"image\/jpeg\" \/>\n<meta name=\"author\" content=\"Andrea Rovelli\" \/>\n<meta name=\"twitter:label1\" content=\"Scritto da\" \/>\n\t<meta name=\"twitter:data1\" content=\"Andrea Rovelli\" \/>\n\t<meta name=\"twitter:label2\" content=\"Tempo di lettura stimato\" \/>\n\t<meta name=\"twitter:data2\" content=\"6 minuti\" \/>\n<script type=\"application\/ld+json\" class=\"yoast-schema-graph\">{\"@context\":\"https:\\\/\\\/schema.org\",\"@graph\":[{\"@type\":\"Article\",\"@id\":\"https:\\\/\\\/claai.info\\\/cms\\\/aumentano-le-pmi-5-anni-crisi\\\/#article\",\"isPartOf\":{\"@id\":\"https:\\\/\\\/claai.info\\\/cms\\\/aumentano-le-pmi-5-anni-crisi\\\/\"},\"author\":{\"name\":\"Andrea Rovelli\",\"@id\":\"https:\\\/\\\/claai.info\\\/cms\\\/#\\\/schema\\\/person\\\/791c552cf3cc082152dd350d688b7db7\"},\"headline\":\"Aumentano le pmi, dopo 5 anni di crisi\",\"datePublished\":\"2016-11-16T09:22:52+00:00\",\"dateModified\":\"2018-01-18T14:26:33+00:00\",\"mainEntityOfPage\":{\"@id\":\"https:\\\/\\\/claai.info\\\/cms\\\/aumentano-le-pmi-5-anni-crisi\\\/\"},\"wordCount\":1298,\"commentCount\":0,\"image\":{\"@id\":\"https:\\\/\\\/claai.info\\\/cms\\\/aumentano-le-pmi-5-anni-crisi\\\/#primaryimage\"},\"thumbnailUrl\":\"https:\\\/\\\/claai.info\\\/cms\\\/wp-content\\\/uploads\\\/2016\\\/11\\\/regioni-italia_lente.jpg\",\"articleSection\":[\"Altre News\",\"Comunicati Stampa\",\"Primo Piano\"],\"inLanguage\":\"it-IT\",\"potentialAction\":[{\"@type\":\"CommentAction\",\"name\":\"Comment\",\"target\":[\"https:\\\/\\\/claai.info\\\/cms\\\/aumentano-le-pmi-5-anni-crisi\\\/#respond\"]}]},{\"@type\":\"WebPage\",\"@id\":\"https:\\\/\\\/claai.info\\\/cms\\\/aumentano-le-pmi-5-anni-crisi\\\/\",\"url\":\"https:\\\/\\\/claai.info\\\/cms\\\/aumentano-le-pmi-5-anni-crisi\\\/\",\"name\":\"Aumentano le pmi, dopo 5 anni di crisi - claai.info\",\"isPartOf\":{\"@id\":\"https:\\\/\\\/claai.info\\\/cms\\\/#website\"},\"primaryImageOfPage\":{\"@id\":\"https:\\\/\\\/claai.info\\\/cms\\\/aumentano-le-pmi-5-anni-crisi\\\/#primaryimage\"},\"image\":{\"@id\":\"https:\\\/\\\/claai.info\\\/cms\\\/aumentano-le-pmi-5-anni-crisi\\\/#primaryimage\"},\"thumbnailUrl\":\"https:\\\/\\\/claai.info\\\/cms\\\/wp-content\\\/uploads\\\/2016\\\/11\\\/regioni-italia_lente.jpg\",\"datePublished\":\"2016-11-16T09:22:52+00:00\",\"dateModified\":\"2018-01-18T14:26:33+00:00\",\"author\":{\"@id\":\"https:\\\/\\\/claai.info\\\/cms\\\/#\\\/schema\\\/person\\\/791c552cf3cc082152dd350d688b7db7\"},\"inLanguage\":\"it-IT\",\"potentialAction\":[{\"@type\":\"ReadAction\",\"target\":[\"https:\\\/\\\/claai.info\\\/cms\\\/aumentano-le-pmi-5-anni-crisi\\\/\"]}]},{\"@type\":\"ImageObject\",\"inLanguage\":\"it-IT\",\"@id\":\"https:\\\/\\\/claai.info\\\/cms\\\/aumentano-le-pmi-5-anni-crisi\\\/#primaryimage\",\"url\":\"https:\\\/\\\/claai.info\\\/cms\\\/wp-content\\\/uploads\\\/2016\\\/11\\\/regioni-italia_lente.jpg\",\"contentUrl\":\"https:\\\/\\\/claai.info\\\/cms\\\/wp-content\\\/uploads\\\/2016\\\/11\\\/regioni-italia_lente.jpg\",\"width\":449,\"height\":500},{\"@type\":\"WebSite\",\"@id\":\"https:\\\/\\\/claai.info\\\/cms\\\/#website\",\"url\":\"https:\\\/\\\/claai.info\\\/cms\\\/\",\"name\":\"claai.info\",\"description\":\"Confederazione delle Libere Associazioni Artigiane Italiane\",\"potentialAction\":[{\"@type\":\"SearchAction\",\"target\":{\"@type\":\"EntryPoint\",\"urlTemplate\":\"https:\\\/\\\/claai.info\\\/cms\\\/?s={search_term_string}\"},\"query-input\":{\"@type\":\"PropertyValueSpecification\",\"valueRequired\":true,\"valueName\":\"search_term_string\"}}],\"inLanguage\":\"it-IT\"},{\"@type\":\"Person\",\"@id\":\"https:\\\/\\\/claai.info\\\/cms\\\/#\\\/schema\\\/person\\\/791c552cf3cc082152dd350d688b7db7\",\"name\":\"Andrea Rovelli\",\"image\":{\"@type\":\"ImageObject\",\"inLanguage\":\"it-IT\",\"@id\":\"https:\\\/\\\/secure.gravatar.com\\\/avatar\\\/5d99d1feb41c1499c90e921d0601cdf490eecb3af40cf941d49b4305ed4fb837?s=96&d=mm&r=g\",\"url\":\"https:\\\/\\\/secure.gravatar.com\\\/avatar\\\/5d99d1feb41c1499c90e921d0601cdf490eecb3af40cf941d49b4305ed4fb837?s=96&d=mm&r=g\",\"contentUrl\":\"https:\\\/\\\/secure.gravatar.com\\\/avatar\\\/5d99d1feb41c1499c90e921d0601cdf490eecb3af40cf941d49b4305ed4fb837?s=96&d=mm&r=g\",\"caption\":\"Andrea Rovelli\"},\"url\":\"https:\\\/\\\/claai.info\\\/cms\\\/author\\\/arovelli\\\/\"}]}<\/script>\n<!-- \/ Yoast SEO plugin. -->","yoast_head_json":{"title":"Aumentano le pmi, dopo 5 anni di crisi - claai.info","robots":{"index":"index","follow":"follow","max-snippet":"max-snippet:-1","max-image-preview":"max-image-preview:large","max-video-preview":"max-video-preview:-1"},"canonical":"https:\/\/claai.info\/cms\/aumentano-le-pmi-5-anni-crisi\/","og_locale":"it_IT","og_type":"article","og_title":"Aumentano le pmi, dopo 5 anni di crisi - claai.info","og_description":"Cerved, leader in Italia nell\u2019analisi del rischio di credito e nella gestione dei NPL, ha presentato oggi, nel corso dell\u2019incontro Osservitalia, i risultati del Rapporto Cerved PMI 2016, la pubblicazione annuale dedicata all\u2019analisi dello stato di salute economico-finanziaria delle societ\u00e0 italiane che rientrano nella definizione europea di Piccole e Medie Imprese. Il Rapporto elaborato da [&hellip;]","og_url":"https:\/\/claai.info\/cms\/aumentano-le-pmi-5-anni-crisi\/","og_site_name":"claai.info","article_published_time":"2016-11-16T09:22:52+00:00","article_modified_time":"2018-01-18T14:26:33+00:00","og_image":[{"width":449,"height":500,"url":"https:\/\/claai.info\/cms\/wp-content\/uploads\/2016\/11\/regioni-italia_lente.jpg","type":"image\/jpeg"}],"author":"Andrea Rovelli","twitter_misc":{"Scritto da":"Andrea Rovelli","Tempo di lettura stimato":"6 minuti"},"schema":{"@context":"https:\/\/schema.org","@graph":[{"@type":"Article","@id":"https:\/\/claai.info\/cms\/aumentano-le-pmi-5-anni-crisi\/#article","isPartOf":{"@id":"https:\/\/claai.info\/cms\/aumentano-le-pmi-5-anni-crisi\/"},"author":{"name":"Andrea Rovelli","@id":"https:\/\/claai.info\/cms\/#\/schema\/person\/791c552cf3cc082152dd350d688b7db7"},"headline":"Aumentano le pmi, dopo 5 anni di crisi","datePublished":"2016-11-16T09:22:52+00:00","dateModified":"2018-01-18T14:26:33+00:00","mainEntityOfPage":{"@id":"https:\/\/claai.info\/cms\/aumentano-le-pmi-5-anni-crisi\/"},"wordCount":1298,"commentCount":0,"image":{"@id":"https:\/\/claai.info\/cms\/aumentano-le-pmi-5-anni-crisi\/#primaryimage"},"thumbnailUrl":"https:\/\/claai.info\/cms\/wp-content\/uploads\/2016\/11\/regioni-italia_lente.jpg","articleSection":["Altre News","Comunicati Stampa","Primo Piano"],"inLanguage":"it-IT","potentialAction":[{"@type":"CommentAction","name":"Comment","target":["https:\/\/claai.info\/cms\/aumentano-le-pmi-5-anni-crisi\/#respond"]}]},{"@type":"WebPage","@id":"https:\/\/claai.info\/cms\/aumentano-le-pmi-5-anni-crisi\/","url":"https:\/\/claai.info\/cms\/aumentano-le-pmi-5-anni-crisi\/","name":"Aumentano le pmi, dopo 5 anni di crisi - claai.info","isPartOf":{"@id":"https:\/\/claai.info\/cms\/#website"},"primaryImageOfPage":{"@id":"https:\/\/claai.info\/cms\/aumentano-le-pmi-5-anni-crisi\/#primaryimage"},"image":{"@id":"https:\/\/claai.info\/cms\/aumentano-le-pmi-5-anni-crisi\/#primaryimage"},"thumbnailUrl":"https:\/\/claai.info\/cms\/wp-content\/uploads\/2016\/11\/regioni-italia_lente.jpg","datePublished":"2016-11-16T09:22:52+00:00","dateModified":"2018-01-18T14:26:33+00:00","author":{"@id":"https:\/\/claai.info\/cms\/#\/schema\/person\/791c552cf3cc082152dd350d688b7db7"},"inLanguage":"it-IT","potentialAction":[{"@type":"ReadAction","target":["https:\/\/claai.info\/cms\/aumentano-le-pmi-5-anni-crisi\/"]}]},{"@type":"ImageObject","inLanguage":"it-IT","@id":"https:\/\/claai.info\/cms\/aumentano-le-pmi-5-anni-crisi\/#primaryimage","url":"https:\/\/claai.info\/cms\/wp-content\/uploads\/2016\/11\/regioni-italia_lente.jpg","contentUrl":"https:\/\/claai.info\/cms\/wp-content\/uploads\/2016\/11\/regioni-italia_lente.jpg","width":449,"height":500},{"@type":"WebSite","@id":"https:\/\/claai.info\/cms\/#website","url":"https:\/\/claai.info\/cms\/","name":"claai.info","description":"Confederazione delle Libere Associazioni Artigiane Italiane","potentialAction":[{"@type":"SearchAction","target":{"@type":"EntryPoint","urlTemplate":"https:\/\/claai.info\/cms\/?s={search_term_string}"},"query-input":{"@type":"PropertyValueSpecification","valueRequired":true,"valueName":"search_term_string"}}],"inLanguage":"it-IT"},{"@type":"Person","@id":"https:\/\/claai.info\/cms\/#\/schema\/person\/791c552cf3cc082152dd350d688b7db7","name":"Andrea Rovelli","image":{"@type":"ImageObject","inLanguage":"it-IT","@id":"https:\/\/secure.gravatar.com\/avatar\/5d99d1feb41c1499c90e921d0601cdf490eecb3af40cf941d49b4305ed4fb837?s=96&d=mm&r=g","url":"https:\/\/secure.gravatar.com\/avatar\/5d99d1feb41c1499c90e921d0601cdf490eecb3af40cf941d49b4305ed4fb837?s=96&d=mm&r=g","contentUrl":"https:\/\/secure.gravatar.com\/avatar\/5d99d1feb41c1499c90e921d0601cdf490eecb3af40cf941d49b4305ed4fb837?s=96&d=mm&r=g","caption":"Andrea Rovelli"},"url":"https:\/\/claai.info\/cms\/author\/arovelli\/"}]}},"_links":{"self":[{"href":"https:\/\/claai.info\/cms\/wp-json\/wp\/v2\/posts\/1119","targetHints":{"allow":["GET"]}}],"collection":[{"href":"https:\/\/claai.info\/cms\/wp-json\/wp\/v2\/posts"}],"about":[{"href":"https:\/\/claai.info\/cms\/wp-json\/wp\/v2\/types\/post"}],"author":[{"embeddable":true,"href":"https:\/\/claai.info\/cms\/wp-json\/wp\/v2\/users\/3"}],"replies":[{"embeddable":true,"href":"https:\/\/claai.info\/cms\/wp-json\/wp\/v2\/comments?post=1119"}],"version-history":[{"count":1,"href":"https:\/\/claai.info\/cms\/wp-json\/wp\/v2\/posts\/1119\/revisions"}],"predecessor-version":[{"id":1121,"href":"https:\/\/claai.info\/cms\/wp-json\/wp\/v2\/posts\/1119\/revisions\/1121"}],"wp:featuredmedia":[{"embeddable":true,"href":"https:\/\/claai.info\/cms\/wp-json\/wp\/v2\/media\/1120"}],"wp:attachment":[{"href":"https:\/\/claai.info\/cms\/wp-json\/wp\/v2\/media?parent=1119"}],"wp:term":[{"taxonomy":"category","embeddable":true,"href":"https:\/\/claai.info\/cms\/wp-json\/wp\/v2\/categories?post=1119"},{"taxonomy":"post_tag","embeddable":true,"href":"https:\/\/claai.info\/cms\/wp-json\/wp\/v2\/tags?post=1119"}],"curies":[{"name":"wp","href":"https:\/\/api.w.org\/{rel}","templated":true}]}}