{"id":1236,"date":"2017-05-11T12:17:18","date_gmt":"2017-05-11T10:17:18","guid":{"rendered":"https:\/\/claai.info\/cms\/?p=1236"},"modified":"2018-01-18T15:26:28","modified_gmt":"2018-01-18T14:26:28","slug":"scattano-le-tutele-autonomi-partite-iva","status":"publish","type":"post","link":"https:\/\/claai.info\/cms\/scattano-le-tutele-autonomi-partite-iva\/","title":{"rendered":"Scattano le tutele per autonomi e partite Iva"},"content":{"rendered":"<p>Pi\u00f9 tutele per il popolo delle partite Iva. Due milioni e mezzo di persone, spesso non iscritte ad alcun ordine e senza rappresentanza sindacale, che ora potranno contare su indennit\u00e0 di maternit\u00e0, certezze nei pagamenti, sconti sulla formazione. E una cornice normativa per inquadrare finalmente il cosiddetto smart working per i subordinati, in pratica il telelavoro svolto in prevalenza a casa.<\/p>\n<p>C&#8217;\u00e8 tutto questo nell&#8217;altro Jobs act, quello degli autonomi, approvato definitivamente ieri al Senato con una larga maggioranza. \u00abOggi il percorso di riforma del lavoro definito nel Jobs Act si completa con un provvedimento innovativo\u00bb, commenta il ministro del Lavoro Giuliano Poletti. Ci sono voluti infatti tre anni di iter parlamentare e due governi per ottenere la nuova normativa. Il risultato del lungo lavoro avviato dall&#8217;economista Maurizio Del Conte, ora presidente dell&#8217;Agenzia per le Politiche attive del lavoro. Un provvedimento indispensabile secondo Marina Calderone, presidente del Comitato Unitario delle Professioni: \u00abPone le basi per un successivo intervento legislativo a favore dell&#8217;equo compenso\u00bb.<\/p>\n<p>Ventidue articoli, con l&#8217;obiettivo di conciliare tempi di vita e lavoro. Il congedo parentale \u00e8 esteso dagli attuali tre a sei mesi e sar\u00e0 possibile usufruirne entro i tre anni dalla nascita del figlio. Inoltre, la lavoratrice potr\u00e0 concordare con il committente di essere sostituita da una persona di fiducia in possesso dei requisiti professionali. Nei casi di infortunio o malattia, il rapporto di lavoro non sar\u00e0 estinto ma sospeso per un massimo di cinque mesi. E lo stesso avverr\u00e0 per la gravidanza con una sospensione, senza diritto al corrispettivo, per un periodo non superiore a 150 giorni nell&#8217;anno solare (fatto salvo, per\u00f2, \u00abil venir meno dell&#8217;interesse\u00bb del cliente). Una vera svolta \u00abconsiderando che un numero consistente di autonome abbandona la professione a seguito di una gravidanza\u00bb, sottolinea Poletti. Tra l&#8217;altro, l&#8217;indennit\u00e0 di maternit\u00e0 si potr\u00e0 ricevere anche continuando a lavorare.<\/p>\n<p>I compensi a professionisti, artigiani e collaboratori coordinati dovranno poi avvenire entro un termine concordato, ma mai superiore a 60 giorni. E, ancora, saranno deducibili (entro i 10.000 euro l&#8217;anno), i costi per master, corsi di aggiornamento e convegni. E un&#8217;altra novit\u00e0 importante riguarder\u00e0 l&#8217;estensione della Dis-coll, l&#8217;indennit\u00e0 di disoccupazione per i collaboratori coordinati e continuativi ai collaboratori, agli assegnisti e ai dottorandi di ricerca universitari (in cambio salir\u00e0 dello 0,51% l&#8217;aliquota contributiva). Garanzie non solo per il lavoro autonomo. Lo smart working, o lavoro agile, non sar\u00e0 pi\u00f9 affidato alla sola contrattazione individuale. I lavoratori dipendenti, anche pubblici, impegnati sia in azienda che all&#8217;esterno, oppure solo a casa grazie all&#8217;uso della telematica, avranno diritto ad un trattamento economico non inferiore a quello complessivamente applicato nei confronti dei colleghi che svolgono le medesime mansioni esclusivamente all&#8217;interno dell&#8217;azienda. E anche il loro orario di lavoro, giornaliero e settimanale, non potr\u00e0 essere differente.<\/p>\n","protected":false},"excerpt":{"rendered":"<p>Pi\u00f9 tutele per il popolo delle partite Iva. Due milioni e mezzo di persone, spesso non iscritte ad alcun ordine e senza rappresentanza sindacale, che ora potranno contare su indennit\u00e0 di maternit\u00e0, certezze nei pagamenti, sconti sulla formazione. E una cornice normativa per inquadrare finalmente il cosiddetto smart working per i subordinati, in pratica il [&hellip;]<\/p>\n","protected":false},"author":3,"featured_media":1237,"comment_status":"open","ping_status":"open","sticky":false,"template":"","format":"standard","meta":{"_et_pb_use_builder":"","_et_pb_old_content":"","_et_gb_content_width":"","footnotes":""},"categories":[20,8,9,7,12],"tags":[],"class_list":["post-1236","post","type-post","status-publish","format-standard","has-post-thumbnail","hentry","category-altre-news","category-comunicati-stampa","category-formazione","category-primo-piano","category-sindacale"],"yoast_head":"<!-- This site is optimized with the Yoast SEO plugin v27.5 - https:\/\/yoast.com\/product\/yoast-seo-wordpress\/ -->\n<title>Scattano le tutele per autonomi e partite Iva - claai.info<\/title>\n<meta name=\"robots\" content=\"index, follow, max-snippet:-1, max-image-preview:large, max-video-preview:-1\" \/>\n<link rel=\"canonical\" href=\"https:\/\/claai.info\/cms\/scattano-le-tutele-autonomi-partite-iva\/\" \/>\n<meta property=\"og:locale\" content=\"it_IT\" \/>\n<meta property=\"og:type\" content=\"article\" \/>\n<meta property=\"og:title\" content=\"Scattano le tutele per autonomi e partite Iva - claai.info\" \/>\n<meta property=\"og:description\" content=\"Pi\u00f9 tutele per il popolo delle partite Iva. Due milioni e mezzo di persone, spesso non iscritte ad alcun ordine e senza rappresentanza sindacale, che ora potranno contare su indennit\u00e0 di maternit\u00e0, certezze nei pagamenti, sconti sulla formazione. E una cornice normativa per inquadrare finalmente il cosiddetto smart working per i subordinati, in pratica il [&hellip;]\" \/>\n<meta property=\"og:url\" content=\"https:\/\/claai.info\/cms\/scattano-le-tutele-autonomi-partite-iva\/\" \/>\n<meta property=\"og:site_name\" content=\"claai.info\" \/>\n<meta property=\"article:published_time\" content=\"2017-05-11T10:17:18+00:00\" \/>\n<meta property=\"article:modified_time\" content=\"2018-01-18T14:26:28+00:00\" \/>\n<meta property=\"og:image\" content=\"https:\/\/claai.info\/cms\/wp-content\/uploads\/2017\/05\/job-act-autonomi-partite-iva10.jpg\" \/>\n\t<meta property=\"og:image:width\" content=\"428\" \/>\n\t<meta property=\"og:image:height\" content=\"308\" \/>\n\t<meta property=\"og:image:type\" content=\"image\/jpeg\" \/>\n<meta name=\"author\" content=\"Andrea Rovelli\" \/>\n<meta name=\"twitter:label1\" content=\"Scritto da\" \/>\n\t<meta name=\"twitter:data1\" content=\"Andrea Rovelli\" \/>\n\t<meta name=\"twitter:label2\" content=\"Tempo di lettura stimato\" \/>\n\t<meta name=\"twitter:data2\" content=\"2 minuti\" \/>\n<script type=\"application\/ld+json\" class=\"yoast-schema-graph\">{\"@context\":\"https:\\\/\\\/schema.org\",\"@graph\":[{\"@type\":\"Article\",\"@id\":\"https:\\\/\\\/claai.info\\\/cms\\\/scattano-le-tutele-autonomi-partite-iva\\\/#article\",\"isPartOf\":{\"@id\":\"https:\\\/\\\/claai.info\\\/cms\\\/scattano-le-tutele-autonomi-partite-iva\\\/\"},\"author\":{\"name\":\"Andrea Rovelli\",\"@id\":\"https:\\\/\\\/claai.info\\\/cms\\\/#\\\/schema\\\/person\\\/791c552cf3cc082152dd350d688b7db7\"},\"headline\":\"Scattano le tutele per autonomi e partite Iva\",\"datePublished\":\"2017-05-11T10:17:18+00:00\",\"dateModified\":\"2018-01-18T14:26:28+00:00\",\"mainEntityOfPage\":{\"@id\":\"https:\\\/\\\/claai.info\\\/cms\\\/scattano-le-tutele-autonomi-partite-iva\\\/\"},\"wordCount\":476,\"commentCount\":0,\"image\":{\"@id\":\"https:\\\/\\\/claai.info\\\/cms\\\/scattano-le-tutele-autonomi-partite-iva\\\/#primaryimage\"},\"thumbnailUrl\":\"https:\\\/\\\/claai.info\\\/cms\\\/wp-content\\\/uploads\\\/2017\\\/05\\\/job-act-autonomi-partite-iva10.jpg\",\"articleSection\":[\"Altre News\",\"Comunicati Stampa\",\"Formazione\",\"Primo Piano\",\"Sindacale\"],\"inLanguage\":\"it-IT\",\"potentialAction\":[{\"@type\":\"CommentAction\",\"name\":\"Comment\",\"target\":[\"https:\\\/\\\/claai.info\\\/cms\\\/scattano-le-tutele-autonomi-partite-iva\\\/#respond\"]}]},{\"@type\":\"WebPage\",\"@id\":\"https:\\\/\\\/claai.info\\\/cms\\\/scattano-le-tutele-autonomi-partite-iva\\\/\",\"url\":\"https:\\\/\\\/claai.info\\\/cms\\\/scattano-le-tutele-autonomi-partite-iva\\\/\",\"name\":\"Scattano le tutele per autonomi e partite Iva - claai.info\",\"isPartOf\":{\"@id\":\"https:\\\/\\\/claai.info\\\/cms\\\/#website\"},\"primaryImageOfPage\":{\"@id\":\"https:\\\/\\\/claai.info\\\/cms\\\/scattano-le-tutele-autonomi-partite-iva\\\/#primaryimage\"},\"image\":{\"@id\":\"https:\\\/\\\/claai.info\\\/cms\\\/scattano-le-tutele-autonomi-partite-iva\\\/#primaryimage\"},\"thumbnailUrl\":\"https:\\\/\\\/claai.info\\\/cms\\\/wp-content\\\/uploads\\\/2017\\\/05\\\/job-act-autonomi-partite-iva10.jpg\",\"datePublished\":\"2017-05-11T10:17:18+00:00\",\"dateModified\":\"2018-01-18T14:26:28+00:00\",\"author\":{\"@id\":\"https:\\\/\\\/claai.info\\\/cms\\\/#\\\/schema\\\/person\\\/791c552cf3cc082152dd350d688b7db7\"},\"inLanguage\":\"it-IT\",\"potentialAction\":[{\"@type\":\"ReadAction\",\"target\":[\"https:\\\/\\\/claai.info\\\/cms\\\/scattano-le-tutele-autonomi-partite-iva\\\/\"]}]},{\"@type\":\"ImageObject\",\"inLanguage\":\"it-IT\",\"@id\":\"https:\\\/\\\/claai.info\\\/cms\\\/scattano-le-tutele-autonomi-partite-iva\\\/#primaryimage\",\"url\":\"https:\\\/\\\/claai.info\\\/cms\\\/wp-content\\\/uploads\\\/2017\\\/05\\\/job-act-autonomi-partite-iva10.jpg\",\"contentUrl\":\"https:\\\/\\\/claai.info\\\/cms\\\/wp-content\\\/uploads\\\/2017\\\/05\\\/job-act-autonomi-partite-iva10.jpg\",\"width\":428,\"height\":308},{\"@type\":\"WebSite\",\"@id\":\"https:\\\/\\\/claai.info\\\/cms\\\/#website\",\"url\":\"https:\\\/\\\/claai.info\\\/cms\\\/\",\"name\":\"claai.info\",\"description\":\"Confederazione delle Libere Associazioni Artigiane Italiane\",\"potentialAction\":[{\"@type\":\"SearchAction\",\"target\":{\"@type\":\"EntryPoint\",\"urlTemplate\":\"https:\\\/\\\/claai.info\\\/cms\\\/?s={search_term_string}\"},\"query-input\":{\"@type\":\"PropertyValueSpecification\",\"valueRequired\":true,\"valueName\":\"search_term_string\"}}],\"inLanguage\":\"it-IT\"},{\"@type\":\"Person\",\"@id\":\"https:\\\/\\\/claai.info\\\/cms\\\/#\\\/schema\\\/person\\\/791c552cf3cc082152dd350d688b7db7\",\"name\":\"Andrea Rovelli\",\"image\":{\"@type\":\"ImageObject\",\"inLanguage\":\"it-IT\",\"@id\":\"https:\\\/\\\/secure.gravatar.com\\\/avatar\\\/5d99d1feb41c1499c90e921d0601cdf490eecb3af40cf941d49b4305ed4fb837?s=96&d=mm&r=g\",\"url\":\"https:\\\/\\\/secure.gravatar.com\\\/avatar\\\/5d99d1feb41c1499c90e921d0601cdf490eecb3af40cf941d49b4305ed4fb837?s=96&d=mm&r=g\",\"contentUrl\":\"https:\\\/\\\/secure.gravatar.com\\\/avatar\\\/5d99d1feb41c1499c90e921d0601cdf490eecb3af40cf941d49b4305ed4fb837?s=96&d=mm&r=g\",\"caption\":\"Andrea Rovelli\"},\"url\":\"https:\\\/\\\/claai.info\\\/cms\\\/author\\\/arovelli\\\/\"}]}<\/script>\n<!-- \/ Yoast SEO plugin. -->","yoast_head_json":{"title":"Scattano le tutele per autonomi e partite Iva - claai.info","robots":{"index":"index","follow":"follow","max-snippet":"max-snippet:-1","max-image-preview":"max-image-preview:large","max-video-preview":"max-video-preview:-1"},"canonical":"https:\/\/claai.info\/cms\/scattano-le-tutele-autonomi-partite-iva\/","og_locale":"it_IT","og_type":"article","og_title":"Scattano le tutele per autonomi e partite Iva - claai.info","og_description":"Pi\u00f9 tutele per il popolo delle partite Iva. Due milioni e mezzo di persone, spesso non iscritte ad alcun ordine e senza rappresentanza sindacale, che ora potranno contare su indennit\u00e0 di maternit\u00e0, certezze nei pagamenti, sconti sulla formazione. E una cornice normativa per inquadrare finalmente il cosiddetto smart working per i subordinati, in pratica il [&hellip;]","og_url":"https:\/\/claai.info\/cms\/scattano-le-tutele-autonomi-partite-iva\/","og_site_name":"claai.info","article_published_time":"2017-05-11T10:17:18+00:00","article_modified_time":"2018-01-18T14:26:28+00:00","og_image":[{"width":428,"height":308,"url":"https:\/\/claai.info\/cms\/wp-content\/uploads\/2017\/05\/job-act-autonomi-partite-iva10.jpg","type":"image\/jpeg"}],"author":"Andrea Rovelli","twitter_misc":{"Scritto da":"Andrea Rovelli","Tempo di lettura stimato":"2 minuti"},"schema":{"@context":"https:\/\/schema.org","@graph":[{"@type":"Article","@id":"https:\/\/claai.info\/cms\/scattano-le-tutele-autonomi-partite-iva\/#article","isPartOf":{"@id":"https:\/\/claai.info\/cms\/scattano-le-tutele-autonomi-partite-iva\/"},"author":{"name":"Andrea Rovelli","@id":"https:\/\/claai.info\/cms\/#\/schema\/person\/791c552cf3cc082152dd350d688b7db7"},"headline":"Scattano le tutele per autonomi e partite Iva","datePublished":"2017-05-11T10:17:18+00:00","dateModified":"2018-01-18T14:26:28+00:00","mainEntityOfPage":{"@id":"https:\/\/claai.info\/cms\/scattano-le-tutele-autonomi-partite-iva\/"},"wordCount":476,"commentCount":0,"image":{"@id":"https:\/\/claai.info\/cms\/scattano-le-tutele-autonomi-partite-iva\/#primaryimage"},"thumbnailUrl":"https:\/\/claai.info\/cms\/wp-content\/uploads\/2017\/05\/job-act-autonomi-partite-iva10.jpg","articleSection":["Altre News","Comunicati Stampa","Formazione","Primo Piano","Sindacale"],"inLanguage":"it-IT","potentialAction":[{"@type":"CommentAction","name":"Comment","target":["https:\/\/claai.info\/cms\/scattano-le-tutele-autonomi-partite-iva\/#respond"]}]},{"@type":"WebPage","@id":"https:\/\/claai.info\/cms\/scattano-le-tutele-autonomi-partite-iva\/","url":"https:\/\/claai.info\/cms\/scattano-le-tutele-autonomi-partite-iva\/","name":"Scattano le tutele per autonomi e partite Iva - claai.info","isPartOf":{"@id":"https:\/\/claai.info\/cms\/#website"},"primaryImageOfPage":{"@id":"https:\/\/claai.info\/cms\/scattano-le-tutele-autonomi-partite-iva\/#primaryimage"},"image":{"@id":"https:\/\/claai.info\/cms\/scattano-le-tutele-autonomi-partite-iva\/#primaryimage"},"thumbnailUrl":"https:\/\/claai.info\/cms\/wp-content\/uploads\/2017\/05\/job-act-autonomi-partite-iva10.jpg","datePublished":"2017-05-11T10:17:18+00:00","dateModified":"2018-01-18T14:26:28+00:00","author":{"@id":"https:\/\/claai.info\/cms\/#\/schema\/person\/791c552cf3cc082152dd350d688b7db7"},"inLanguage":"it-IT","potentialAction":[{"@type":"ReadAction","target":["https:\/\/claai.info\/cms\/scattano-le-tutele-autonomi-partite-iva\/"]}]},{"@type":"ImageObject","inLanguage":"it-IT","@id":"https:\/\/claai.info\/cms\/scattano-le-tutele-autonomi-partite-iva\/#primaryimage","url":"https:\/\/claai.info\/cms\/wp-content\/uploads\/2017\/05\/job-act-autonomi-partite-iva10.jpg","contentUrl":"https:\/\/claai.info\/cms\/wp-content\/uploads\/2017\/05\/job-act-autonomi-partite-iva10.jpg","width":428,"height":308},{"@type":"WebSite","@id":"https:\/\/claai.info\/cms\/#website","url":"https:\/\/claai.info\/cms\/","name":"claai.info","description":"Confederazione delle Libere Associazioni Artigiane Italiane","potentialAction":[{"@type":"SearchAction","target":{"@type":"EntryPoint","urlTemplate":"https:\/\/claai.info\/cms\/?s={search_term_string}"},"query-input":{"@type":"PropertyValueSpecification","valueRequired":true,"valueName":"search_term_string"}}],"inLanguage":"it-IT"},{"@type":"Person","@id":"https:\/\/claai.info\/cms\/#\/schema\/person\/791c552cf3cc082152dd350d688b7db7","name":"Andrea Rovelli","image":{"@type":"ImageObject","inLanguage":"it-IT","@id":"https:\/\/secure.gravatar.com\/avatar\/5d99d1feb41c1499c90e921d0601cdf490eecb3af40cf941d49b4305ed4fb837?s=96&d=mm&r=g","url":"https:\/\/secure.gravatar.com\/avatar\/5d99d1feb41c1499c90e921d0601cdf490eecb3af40cf941d49b4305ed4fb837?s=96&d=mm&r=g","contentUrl":"https:\/\/secure.gravatar.com\/avatar\/5d99d1feb41c1499c90e921d0601cdf490eecb3af40cf941d49b4305ed4fb837?s=96&d=mm&r=g","caption":"Andrea Rovelli"},"url":"https:\/\/claai.info\/cms\/author\/arovelli\/"}]}},"_links":{"self":[{"href":"https:\/\/claai.info\/cms\/wp-json\/wp\/v2\/posts\/1236","targetHints":{"allow":["GET"]}}],"collection":[{"href":"https:\/\/claai.info\/cms\/wp-json\/wp\/v2\/posts"}],"about":[{"href":"https:\/\/claai.info\/cms\/wp-json\/wp\/v2\/types\/post"}],"author":[{"embeddable":true,"href":"https:\/\/claai.info\/cms\/wp-json\/wp\/v2\/users\/3"}],"replies":[{"embeddable":true,"href":"https:\/\/claai.info\/cms\/wp-json\/wp\/v2\/comments?post=1236"}],"version-history":[{"count":1,"href":"https:\/\/claai.info\/cms\/wp-json\/wp\/v2\/posts\/1236\/revisions"}],"predecessor-version":[{"id":1238,"href":"https:\/\/claai.info\/cms\/wp-json\/wp\/v2\/posts\/1236\/revisions\/1238"}],"wp:featuredmedia":[{"embeddable":true,"href":"https:\/\/claai.info\/cms\/wp-json\/wp\/v2\/media\/1237"}],"wp:attachment":[{"href":"https:\/\/claai.info\/cms\/wp-json\/wp\/v2\/media?parent=1236"}],"wp:term":[{"taxonomy":"category","embeddable":true,"href":"https:\/\/claai.info\/cms\/wp-json\/wp\/v2\/categories?post=1236"},{"taxonomy":"post_tag","embeddable":true,"href":"https:\/\/claai.info\/cms\/wp-json\/wp\/v2\/tags?post=1236"}],"curies":[{"name":"wp","href":"https:\/\/api.w.org\/{rel}","templated":true}]}}