{"id":1919,"date":"2020-06-01T10:14:04","date_gmt":"2020-06-01T08:14:04","guid":{"rendered":"https:\/\/claai.info\/cms\/?p=1919"},"modified":"2020-05-28T10:14:57","modified_gmt":"2020-05-28T08:14:57","slug":"decreto-rilancio-le-principali-misure-per-le-imprese-riassunte-dal-mise","status":"publish","type":"post","link":"https:\/\/claai.info\/cms\/decreto-rilancio-le-principali-misure-per-le-imprese-riassunte-dal-mise\/","title":{"rendered":"Decreto Rilancio: le principali misure per le imprese riassunte dal Mise"},"content":{"rendered":"<p>Nel <strong>decreto Rilancio<\/strong>, approvato dal Consiglio dei Ministri e pubblicato in Gazzetta Ufficiale, sono stati stanziati <strong>55 miliardi di euro<\/strong> di risorse per sostenere imprese, artigiani, commercianti, professionisti, lavoratori e famiglie nella nuova fase di ripresa economica e sociale del Paese.<\/p>\n<p>In particolare, il Ministero dello Sviluppo economico ha lavorato a un pacchetto di misure che rappresenta uno dei pilastri del provvedimento e che mira a rispondere a molte esigenze delle imprese e dei lavoratori colpiti dalla crisi economica causata dal <strong>Covid-19<\/strong>.<\/p>\n<p>L\u2019obiettivo del Governo \u00e8 quello di continuare, dopo il decreto Cura Italia e il decreto Liquidit\u00e0, a supportare e rafforzare le attivit\u00e0 produttive che hanno subito forti perdite di fatturato durante questa emergenza attraverso un quadro omogeneo di interventi, tra i quali:<\/p>\n<p>&nbsp;<\/p>\n<p><strong>FONDO PERDUTO, IRAP, RIDUZIONE BOLLETTE, PAGAMENTO DEBITI PA<\/strong><\/p>\n<ul>\n<li>12 miliardi per il pagamento dei <strong>debiti commerciali<\/strong> degli enti locali, delle Regioni e delle Province autonome nei confronti delle imprese;<\/li>\n<li>6 miliardi per <strong>contributi a fondo perduto<\/strong> a favore di societ\u00e0 e imprese individuali con ricavi fino a 5 milioni di euro, che saranno erogati dall\u2019Agenzia delle Entrate e parametrati al calo del fatturato sul mese di aprile 2020 rispetto al corrispondente mese del 2019, superiore al 33%. Previsto un contributo minimo di 2000 euro per le societ\u00e0 e di 1000 euro per l\u2019impresa individuale (cumulabile col bonus INPS);<\/li>\n<li>4 miliardi per cancellare definitivamente il saldo 2019 e l\u2019acconto 2020 dell\u2019<strong>Irap<\/strong> di giugno e luglio per tutte le imprese con fatturato annuo fino a 250 milioni di euro;<\/li>\n<li>4 miliardi per finanziare ulteriormente il <strong>Fondo di Garanzia per le Pmi<\/strong>, che si aggiungono alle risorse gi\u00e0 stanziate nei decreti Cura Italia e Liquidit\u00e0 per arrivare ad un ammontare complessivo di circa 7 miliardi;<\/li>\n<li>600 milioni per ridurre nel 2020 i costi fissi delle <strong>bollette elettriche<\/strong> per le utenze non domestiche in bassa tensione.<\/li>\n<\/ul>\n<p>&nbsp;<\/p>\n<p><strong>ECONOBONUS E SISMABONUS AL 110%<\/strong><\/p>\n<p>Nel decreto Rilancio \u00e8 stata inoltre inserita una norma fondamentale per il riavvio del settore strategico dell\u2019<strong>edilizia<\/strong>: l\u2019innalzamento al 110% delle detrazioni per le ristrutturazioni legate all\u2019Ecobonus e al Sismabonus che amplia la platea dei possibili beneficiari degli interventi, garantendo una forte leva agli investimenti. Viene inoltre data la possibilit\u00e0 di cessione del credito anche a intermediari finanziari, in modo da favorire la riqualificazione energetica del patrimonio edilizio in ottica ecosostenibile.<\/p>\n<p>&nbsp;<\/p>\n<p><strong>AFFITTI COMMERCIALI, TOSAP<\/strong><\/p>\n<p>Sugli <strong>affitti commerciali<\/strong> \u00e8 riconosciuto il credito d\u2019imposta per il 60% dell\u2019ammontare mensile del canone di locazione per i mesi di aprile, maggio e giugno. Oltre che in compensazione, il credito pu\u00f2 essere anche ceduto al locatore o al concedente o ad altri soggetti, compresi istituti di credito\u00a0e altri intermediari finanziari. Previsto anche l\u2019esonero del pagamento di tasse e canoni per le <strong>occupazioni di suolo pubblico<\/strong> (Tosap-Cosap) dal 1 maggio fino al 31 ottobre 2020, in favore di bar ristoranti, discoteche e altri pubblici esercizi. Sono state inoltre introdotte semplificazioni burocratiche per il rilascio di nuovi concessioni di suolo pubblico o per l\u2019ampliamento di quelle gi\u00e0 concesse.<\/p>\n<p>&nbsp;<\/p>\n<p><strong>IMPRESA 4.0<\/strong><\/p>\n<p>Nel pacchetto imprese \u00e8 stato prorogato al 31 dicembre 2020 il termine per la consegna dei beni strumentali oggetto del <strong>super ammortamento<\/strong>. Migliaia di imprese e professionisti potranno pertanto beneficiare dell\u2019incentivo fiscale anche se non riusciranno a ricevere, a causa del lockdown, la consegna del bene entro il 30 giugno, cos\u00ec come previsto dalla normativa vigente prima della proroga disposta con il decreto Rilancio.<\/p>\n<p>&nbsp;<\/p>\n<p><strong>RICAPITALIZZAZIONE, START-UP, TRASFERIMENTO TECNOLOGICO<\/strong><\/p>\n<p>A queste misure si aggiungono quelle relative a incentivi per favorire la <strong>ricapitalizzazione di imprese<\/strong>, con fatturato compreso tra i 5 e i 50 milioni di euro, attraverso lo schema \u2018Pari Passu\u2019 con fondi gestiti da Invitalia e Cdp; il rafforzamento dell\u2019ecosistema delle <strong>start up innovative<\/strong> attraverso la liquidit\u00e0 garantita mediante il programma Smart&amp;Start e risorse aggiuntive al Fondo per il Venture Capital; i finanziamenti del Fondo Innovazione dedicato al <strong>trasferimento tecnologico<\/strong> tra il mondo della ricerca e quello produttivo, nonch\u00e9 al Fondo per la <strong>salvaguardia dei livelli occupazionali<\/strong>, finalizzato a contrastare la delocalizzazione di aziende e tutelare i lavoratori; 100 milioni di euro per il rifinanziamento del fondo dedicati all\u2019acquisto di<strong> veicoli a ridotte emissioni<\/strong>. E\u2019 inoltre istituito presso il MiSE il \u201cFirst Playable Fund\u201d diretto al sostegno della produzione italiana di prodotti di <strong>intrattenimento digitale<\/strong>. Tramite questo fondo le imprese del settore dell\u2019intrattenimento digitale potranno presentare i loro progetti di sviluppo a editori o investitori per ottenere finanziamenti necessari per la successiva produzione del prodotto finale e della sua distribuzione sul mercato internazionale. Sono stati inoltre stanziati 20 milioni di euro per la nascita di un polo specializzato di ricerca e sviluppo nel settore <strong>automotive<\/strong> da realizzare nell\u2019area di crisi industriale complessa di Torino. Questo polo operer\u00e0 come ente di ricerca indipendente per la realizzazione di linee pilota sperimentali su nuove forme di mobilit\u00e0, compresa la mobilit\u00e0 elettrica, la guida autonoma e l\u2019intelligenza artificiale.<\/p>\n<p><strong>Per approfondire<\/strong><\/p>\n<ul>\n<li>La <a href=\"https:\/\/www.mise.gov.it\/images\/stories\/documenti\/Brochure_Decreto_Rilancio_2020.pdf\" target=\"_blank\" rel=\"noopener noreferrer\">brochure del Decreto Rilancio<\/a><\/li>\n<li>Le <a href=\"https:\/\/download.mise.gov.it\/decretorilancio-2020.pdf\">Schede di presentazione<\/a><\/li>\n<li>Il <a href=\"https:\/\/www.normattiva.it\/uri-res\/N2Ls?urn:nir:stato:decreto.legge:2020-05-19;34!vig=\" target=\"_blank\" rel=\"noopener noreferrer\">Decreto Rilancio<\/a><\/li>\n<\/ul>\n","protected":false},"excerpt":{"rendered":"<p>Nel decreto Rilancio, approvato dal Consiglio dei Ministri e pubblicato in Gazzetta Ufficiale, sono stati stanziati 55 miliardi di euro di risorse per sostenere imprese, artigiani, commercianti, professionisti, lavoratori e famiglie nella nuova fase di ripresa economica e sociale del Paese. In particolare, il Ministero dello Sviluppo economico ha lavorato a un pacchetto di misure [&hellip;]<\/p>\n","protected":false},"author":3,"featured_media":1920,"comment_status":"closed","ping_status":"closed","sticky":false,"template":"","format":"standard","meta":{"_et_pb_use_builder":"","_et_pb_old_content":"","_et_gb_content_width":"","footnotes":""},"categories":[20,7],"tags":[],"class_list":["post-1919","post","type-post","status-publish","format-standard","has-post-thumbnail","hentry","category-altre-news","category-primo-piano"],"yoast_head":"<!-- This site is optimized with the Yoast SEO plugin v27.5 - https:\/\/yoast.com\/product\/yoast-seo-wordpress\/ -->\n<title>Decreto Rilancio: le principali misure per le imprese riassunte dal Mise - claai.info<\/title>\n<meta name=\"robots\" content=\"index, follow, max-snippet:-1, max-image-preview:large, max-video-preview:-1\" \/>\n<link rel=\"canonical\" href=\"https:\/\/claai.info\/cms\/decreto-rilancio-le-principali-misure-per-le-imprese-riassunte-dal-mise\/\" \/>\n<meta property=\"og:locale\" content=\"it_IT\" \/>\n<meta property=\"og:type\" content=\"article\" \/>\n<meta property=\"og:title\" content=\"Decreto Rilancio: le principali misure per le imprese riassunte dal Mise - claai.info\" \/>\n<meta property=\"og:description\" content=\"Nel decreto Rilancio, approvato dal Consiglio dei Ministri e pubblicato in Gazzetta Ufficiale, sono stati stanziati 55 miliardi di euro di risorse per sostenere imprese, artigiani, commercianti, professionisti, lavoratori e famiglie nella nuova fase di ripresa economica e sociale del Paese. In particolare, il Ministero dello Sviluppo economico ha lavorato a un pacchetto di misure [&hellip;]\" \/>\n<meta property=\"og:url\" content=\"https:\/\/claai.info\/cms\/decreto-rilancio-le-principali-misure-per-le-imprese-riassunte-dal-mise\/\" \/>\n<meta property=\"og:site_name\" content=\"claai.info\" \/>\n<meta property=\"article:published_time\" content=\"2020-06-01T08:14:04+00:00\" \/>\n<meta property=\"og:image\" content=\"https:\/\/claai.info\/cms\/wp-content\/uploads\/2020\/05\/Decreto-Rilancio-Agenzia-La-Favorita.jpg\" \/>\n\t<meta property=\"og:image:width\" content=\"750\" \/>\n\t<meta property=\"og:image:height\" content=\"500\" \/>\n\t<meta property=\"og:image:type\" content=\"image\/jpeg\" \/>\n<meta name=\"author\" content=\"Andrea Rovelli\" \/>\n<meta name=\"twitter:label1\" content=\"Scritto da\" \/>\n\t<meta name=\"twitter:data1\" content=\"Andrea Rovelli\" \/>\n\t<meta name=\"twitter:label2\" content=\"Tempo di lettura stimato\" \/>\n\t<meta name=\"twitter:data2\" content=\"4 minuti\" \/>\n<script type=\"application\/ld+json\" class=\"yoast-schema-graph\">{\"@context\":\"https:\\\/\\\/schema.org\",\"@graph\":[{\"@type\":\"Article\",\"@id\":\"https:\\\/\\\/claai.info\\\/cms\\\/decreto-rilancio-le-principali-misure-per-le-imprese-riassunte-dal-mise\\\/#article\",\"isPartOf\":{\"@id\":\"https:\\\/\\\/claai.info\\\/cms\\\/decreto-rilancio-le-principali-misure-per-le-imprese-riassunte-dal-mise\\\/\"},\"author\":{\"name\":\"Andrea Rovelli\",\"@id\":\"https:\\\/\\\/claai.info\\\/cms\\\/#\\\/schema\\\/person\\\/791c552cf3cc082152dd350d688b7db7\"},\"headline\":\"Decreto Rilancio: le principali misure per le imprese riassunte dal Mise\",\"datePublished\":\"2020-06-01T08:14:04+00:00\",\"mainEntityOfPage\":{\"@id\":\"https:\\\/\\\/claai.info\\\/cms\\\/decreto-rilancio-le-principali-misure-per-le-imprese-riassunte-dal-mise\\\/\"},\"wordCount\":814,\"image\":{\"@id\":\"https:\\\/\\\/claai.info\\\/cms\\\/decreto-rilancio-le-principali-misure-per-le-imprese-riassunte-dal-mise\\\/#primaryimage\"},\"thumbnailUrl\":\"https:\\\/\\\/claai.info\\\/cms\\\/wp-content\\\/uploads\\\/2020\\\/05\\\/Decreto-Rilancio-Agenzia-La-Favorita.jpg\",\"articleSection\":[\"Altre News\",\"Primo Piano\"],\"inLanguage\":\"it-IT\"},{\"@type\":\"WebPage\",\"@id\":\"https:\\\/\\\/claai.info\\\/cms\\\/decreto-rilancio-le-principali-misure-per-le-imprese-riassunte-dal-mise\\\/\",\"url\":\"https:\\\/\\\/claai.info\\\/cms\\\/decreto-rilancio-le-principali-misure-per-le-imprese-riassunte-dal-mise\\\/\",\"name\":\"Decreto Rilancio: le principali misure per le imprese riassunte dal Mise - claai.info\",\"isPartOf\":{\"@id\":\"https:\\\/\\\/claai.info\\\/cms\\\/#website\"},\"primaryImageOfPage\":{\"@id\":\"https:\\\/\\\/claai.info\\\/cms\\\/decreto-rilancio-le-principali-misure-per-le-imprese-riassunte-dal-mise\\\/#primaryimage\"},\"image\":{\"@id\":\"https:\\\/\\\/claai.info\\\/cms\\\/decreto-rilancio-le-principali-misure-per-le-imprese-riassunte-dal-mise\\\/#primaryimage\"},\"thumbnailUrl\":\"https:\\\/\\\/claai.info\\\/cms\\\/wp-content\\\/uploads\\\/2020\\\/05\\\/Decreto-Rilancio-Agenzia-La-Favorita.jpg\",\"datePublished\":\"2020-06-01T08:14:04+00:00\",\"author\":{\"@id\":\"https:\\\/\\\/claai.info\\\/cms\\\/#\\\/schema\\\/person\\\/791c552cf3cc082152dd350d688b7db7\"},\"inLanguage\":\"it-IT\",\"potentialAction\":[{\"@type\":\"ReadAction\",\"target\":[\"https:\\\/\\\/claai.info\\\/cms\\\/decreto-rilancio-le-principali-misure-per-le-imprese-riassunte-dal-mise\\\/\"]}]},{\"@type\":\"ImageObject\",\"inLanguage\":\"it-IT\",\"@id\":\"https:\\\/\\\/claai.info\\\/cms\\\/decreto-rilancio-le-principali-misure-per-le-imprese-riassunte-dal-mise\\\/#primaryimage\",\"url\":\"https:\\\/\\\/claai.info\\\/cms\\\/wp-content\\\/uploads\\\/2020\\\/05\\\/Decreto-Rilancio-Agenzia-La-Favorita.jpg\",\"contentUrl\":\"https:\\\/\\\/claai.info\\\/cms\\\/wp-content\\\/uploads\\\/2020\\\/05\\\/Decreto-Rilancio-Agenzia-La-Favorita.jpg\",\"width\":750,\"height\":500},{\"@type\":\"WebSite\",\"@id\":\"https:\\\/\\\/claai.info\\\/cms\\\/#website\",\"url\":\"https:\\\/\\\/claai.info\\\/cms\\\/\",\"name\":\"claai.info\",\"description\":\"Confederazione delle Libere Associazioni Artigiane Italiane\",\"potentialAction\":[{\"@type\":\"SearchAction\",\"target\":{\"@type\":\"EntryPoint\",\"urlTemplate\":\"https:\\\/\\\/claai.info\\\/cms\\\/?s={search_term_string}\"},\"query-input\":{\"@type\":\"PropertyValueSpecification\",\"valueRequired\":true,\"valueName\":\"search_term_string\"}}],\"inLanguage\":\"it-IT\"},{\"@type\":\"Person\",\"@id\":\"https:\\\/\\\/claai.info\\\/cms\\\/#\\\/schema\\\/person\\\/791c552cf3cc082152dd350d688b7db7\",\"name\":\"Andrea Rovelli\",\"image\":{\"@type\":\"ImageObject\",\"inLanguage\":\"it-IT\",\"@id\":\"https:\\\/\\\/secure.gravatar.com\\\/avatar\\\/5d99d1feb41c1499c90e921d0601cdf490eecb3af40cf941d49b4305ed4fb837?s=96&d=mm&r=g\",\"url\":\"https:\\\/\\\/secure.gravatar.com\\\/avatar\\\/5d99d1feb41c1499c90e921d0601cdf490eecb3af40cf941d49b4305ed4fb837?s=96&d=mm&r=g\",\"contentUrl\":\"https:\\\/\\\/secure.gravatar.com\\\/avatar\\\/5d99d1feb41c1499c90e921d0601cdf490eecb3af40cf941d49b4305ed4fb837?s=96&d=mm&r=g\",\"caption\":\"Andrea Rovelli\"},\"url\":\"https:\\\/\\\/claai.info\\\/cms\\\/author\\\/arovelli\\\/\"}]}<\/script>\n<!-- \/ Yoast SEO plugin. -->","yoast_head_json":{"title":"Decreto Rilancio: le principali misure per le imprese riassunte dal Mise - claai.info","robots":{"index":"index","follow":"follow","max-snippet":"max-snippet:-1","max-image-preview":"max-image-preview:large","max-video-preview":"max-video-preview:-1"},"canonical":"https:\/\/claai.info\/cms\/decreto-rilancio-le-principali-misure-per-le-imprese-riassunte-dal-mise\/","og_locale":"it_IT","og_type":"article","og_title":"Decreto Rilancio: le principali misure per le imprese riassunte dal Mise - claai.info","og_description":"Nel decreto Rilancio, approvato dal Consiglio dei Ministri e pubblicato in Gazzetta Ufficiale, sono stati stanziati 55 miliardi di euro di risorse per sostenere imprese, artigiani, commercianti, professionisti, lavoratori e famiglie nella nuova fase di ripresa economica e sociale del Paese. In particolare, il Ministero dello Sviluppo economico ha lavorato a un pacchetto di misure [&hellip;]","og_url":"https:\/\/claai.info\/cms\/decreto-rilancio-le-principali-misure-per-le-imprese-riassunte-dal-mise\/","og_site_name":"claai.info","article_published_time":"2020-06-01T08:14:04+00:00","og_image":[{"width":750,"height":500,"url":"https:\/\/claai.info\/cms\/wp-content\/uploads\/2020\/05\/Decreto-Rilancio-Agenzia-La-Favorita.jpg","type":"image\/jpeg"}],"author":"Andrea Rovelli","twitter_misc":{"Scritto da":"Andrea Rovelli","Tempo di lettura stimato":"4 minuti"},"schema":{"@context":"https:\/\/schema.org","@graph":[{"@type":"Article","@id":"https:\/\/claai.info\/cms\/decreto-rilancio-le-principali-misure-per-le-imprese-riassunte-dal-mise\/#article","isPartOf":{"@id":"https:\/\/claai.info\/cms\/decreto-rilancio-le-principali-misure-per-le-imprese-riassunte-dal-mise\/"},"author":{"name":"Andrea Rovelli","@id":"https:\/\/claai.info\/cms\/#\/schema\/person\/791c552cf3cc082152dd350d688b7db7"},"headline":"Decreto Rilancio: le principali misure per le imprese riassunte dal Mise","datePublished":"2020-06-01T08:14:04+00:00","mainEntityOfPage":{"@id":"https:\/\/claai.info\/cms\/decreto-rilancio-le-principali-misure-per-le-imprese-riassunte-dal-mise\/"},"wordCount":814,"image":{"@id":"https:\/\/claai.info\/cms\/decreto-rilancio-le-principali-misure-per-le-imprese-riassunte-dal-mise\/#primaryimage"},"thumbnailUrl":"https:\/\/claai.info\/cms\/wp-content\/uploads\/2020\/05\/Decreto-Rilancio-Agenzia-La-Favorita.jpg","articleSection":["Altre News","Primo Piano"],"inLanguage":"it-IT"},{"@type":"WebPage","@id":"https:\/\/claai.info\/cms\/decreto-rilancio-le-principali-misure-per-le-imprese-riassunte-dal-mise\/","url":"https:\/\/claai.info\/cms\/decreto-rilancio-le-principali-misure-per-le-imprese-riassunte-dal-mise\/","name":"Decreto Rilancio: le principali misure per le imprese riassunte dal Mise - claai.info","isPartOf":{"@id":"https:\/\/claai.info\/cms\/#website"},"primaryImageOfPage":{"@id":"https:\/\/claai.info\/cms\/decreto-rilancio-le-principali-misure-per-le-imprese-riassunte-dal-mise\/#primaryimage"},"image":{"@id":"https:\/\/claai.info\/cms\/decreto-rilancio-le-principali-misure-per-le-imprese-riassunte-dal-mise\/#primaryimage"},"thumbnailUrl":"https:\/\/claai.info\/cms\/wp-content\/uploads\/2020\/05\/Decreto-Rilancio-Agenzia-La-Favorita.jpg","datePublished":"2020-06-01T08:14:04+00:00","author":{"@id":"https:\/\/claai.info\/cms\/#\/schema\/person\/791c552cf3cc082152dd350d688b7db7"},"inLanguage":"it-IT","potentialAction":[{"@type":"ReadAction","target":["https:\/\/claai.info\/cms\/decreto-rilancio-le-principali-misure-per-le-imprese-riassunte-dal-mise\/"]}]},{"@type":"ImageObject","inLanguage":"it-IT","@id":"https:\/\/claai.info\/cms\/decreto-rilancio-le-principali-misure-per-le-imprese-riassunte-dal-mise\/#primaryimage","url":"https:\/\/claai.info\/cms\/wp-content\/uploads\/2020\/05\/Decreto-Rilancio-Agenzia-La-Favorita.jpg","contentUrl":"https:\/\/claai.info\/cms\/wp-content\/uploads\/2020\/05\/Decreto-Rilancio-Agenzia-La-Favorita.jpg","width":750,"height":500},{"@type":"WebSite","@id":"https:\/\/claai.info\/cms\/#website","url":"https:\/\/claai.info\/cms\/","name":"claai.info","description":"Confederazione delle Libere Associazioni Artigiane Italiane","potentialAction":[{"@type":"SearchAction","target":{"@type":"EntryPoint","urlTemplate":"https:\/\/claai.info\/cms\/?s={search_term_string}"},"query-input":{"@type":"PropertyValueSpecification","valueRequired":true,"valueName":"search_term_string"}}],"inLanguage":"it-IT"},{"@type":"Person","@id":"https:\/\/claai.info\/cms\/#\/schema\/person\/791c552cf3cc082152dd350d688b7db7","name":"Andrea Rovelli","image":{"@type":"ImageObject","inLanguage":"it-IT","@id":"https:\/\/secure.gravatar.com\/avatar\/5d99d1feb41c1499c90e921d0601cdf490eecb3af40cf941d49b4305ed4fb837?s=96&d=mm&r=g","url":"https:\/\/secure.gravatar.com\/avatar\/5d99d1feb41c1499c90e921d0601cdf490eecb3af40cf941d49b4305ed4fb837?s=96&d=mm&r=g","contentUrl":"https:\/\/secure.gravatar.com\/avatar\/5d99d1feb41c1499c90e921d0601cdf490eecb3af40cf941d49b4305ed4fb837?s=96&d=mm&r=g","caption":"Andrea Rovelli"},"url":"https:\/\/claai.info\/cms\/author\/arovelli\/"}]}},"_links":{"self":[{"href":"https:\/\/claai.info\/cms\/wp-json\/wp\/v2\/posts\/1919","targetHints":{"allow":["GET"]}}],"collection":[{"href":"https:\/\/claai.info\/cms\/wp-json\/wp\/v2\/posts"}],"about":[{"href":"https:\/\/claai.info\/cms\/wp-json\/wp\/v2\/types\/post"}],"author":[{"embeddable":true,"href":"https:\/\/claai.info\/cms\/wp-json\/wp\/v2\/users\/3"}],"replies":[{"embeddable":true,"href":"https:\/\/claai.info\/cms\/wp-json\/wp\/v2\/comments?post=1919"}],"version-history":[{"count":1,"href":"https:\/\/claai.info\/cms\/wp-json\/wp\/v2\/posts\/1919\/revisions"}],"predecessor-version":[{"id":1921,"href":"https:\/\/claai.info\/cms\/wp-json\/wp\/v2\/posts\/1919\/revisions\/1921"}],"wp:featuredmedia":[{"embeddable":true,"href":"https:\/\/claai.info\/cms\/wp-json\/wp\/v2\/media\/1920"}],"wp:attachment":[{"href":"https:\/\/claai.info\/cms\/wp-json\/wp\/v2\/media?parent=1919"}],"wp:term":[{"taxonomy":"category","embeddable":true,"href":"https:\/\/claai.info\/cms\/wp-json\/wp\/v2\/categories?post=1919"},{"taxonomy":"post_tag","embeddable":true,"href":"https:\/\/claai.info\/cms\/wp-json\/wp\/v2\/tags?post=1919"}],"curies":[{"name":"wp","href":"https:\/\/api.w.org\/{rel}","templated":true}]}}