{"id":2236,"date":"2020-11-25T09:24:46","date_gmt":"2020-11-25T08:24:46","guid":{"rendered":"https:\/\/claai.info\/cms\/?p=2236"},"modified":"2020-11-25T09:31:49","modified_gmt":"2020-11-25T08:31:49","slug":"incontri-confederali-c-l-a-a-i-nord-centro-e-sud-italia","status":"publish","type":"post","link":"https:\/\/claai.info\/cms\/incontri-confederali-c-l-a-a-i-nord-centro-e-sud-italia\/","title":{"rendered":"Incontri confederali C.L.A.A.I. nord, centro e sud Italia"},"content":{"rendered":"<p style=\"font-weight: 400;\">Pur in presenza di un periodo che sta continuando a tenere in ginocchio tutta la Comunit\u00e0 economica e civile anche di fronte a non risposte univoche da parte delle istituzioni e per\u00a0 consentire una operativit\u00e0 funzionale, la nostra Confederazione con tutta la sua struttura organizzativa si sta producendo in uno sforzo di sintesi e di intervento a doppio binario verso la Pubblica Amministrazione (amministrativa e politica) e verso i propri associati per reggere e proseguire in un futuro\u00a0 che ci auguriamo migliorare.<\/p>\n<p style=\"font-weight: 400;\">In tale ottica la nostra Confederazione sta preparando degli incontri territoriali che, tenendo conto della premessa, possano rielaborare e portare a compimento soprattutto le istanze raccolte negli incontri territoriali avvenuti nel recente passato.<\/p>\n<p style=\"font-weight: 400;\">L\u2019agenda di detti incontri far\u00e0 perno sulle progettualit\u00e0 di nuovi servizi, il pi\u00f9 possibile automatizzati, al fine di allargare lo spettro di servizi offerti agli associati. Due filoni forniranno la base per la discussione comune:<\/p>\n<ul style=\"font-weight: 400;\">\n<li>la digitalizzazione dei servizi professionali e finanziari. Quali opportunit\u00e0 per la C.L.A.A.I. e le piccole e micro imprese. Presentazione di due casi di studio:\n<ul>\n<li>la gestione operativa della fattura elettronica<\/li>\n<li>e l\u2019integrazione della piattaforma di fatturazione elettronica con sistemi fiscali\/contabili (forfettari e\/o semplificate) e con gli automatismi dell\u2019Agenzia delle Entrate;<\/li>\n<\/ul>\n<\/li>\n<li>sfruttare la partnership con un grande consorzio energia per pmi: partecipare o usufruire dei servizi. Pro e contro dei due scenari;<\/li>\n<li>MEPA\u00a0 (Mercato Elettronico Pubblica Amministrazione).<\/li>\n<\/ul>\n<p style=\"font-weight: 400;\"><em>Considerando il momento storico che tutti noi stiamo vivendo gli incontri si svolgeranno online avvalendosi della piattaforma zoom nelle seguenti giornate:<\/em><\/p>\n<p>Centro Italia: marted\u00ec 1 dicembre 2020<\/p>\n<p>Sud Italia: gioved\u00ec 3 dicembre 2020<\/p>\n<p>Nord Italia: mercoled\u00ec 13 gennaio 2021<\/p>\n<p style=\"font-weight: 400;\"><strong>Qui i dettagli organizzativi: <a href=\"https:\/\/claai.info\/cms\/wp-content\/uploads\/2020\/11\/AGENDA-INCONTRI-CONFEDERALI-C.L.A.A.I..pdf\">AGENDA INCONTRI CONFEDERALI C.L.A.A.I.<\/a><\/strong><\/p>\n<p><b>Vogliate cortesemente confermare la Vostra partecipazione all\u2019incontro previsto per la Vostra zona territoriale\u00a0al seguente indirizzo\u00a0<a>segreteria.generale@unioneartigiani.it<\/a> indicando un indirizzo email\u00a0 per inviarVi il link di collegamento.<\/b><\/p>\n","protected":false},"excerpt":{"rendered":"<p>Pur in presenza di un periodo che sta continuando a tenere in ginocchio tutta la Comunit\u00e0 economica e civile anche di fronte a non risposte univoche da parte delle istituzioni e per\u00a0 consentire una operativit\u00e0 funzionale, la nostra Confederazione con tutta la sua struttura organizzativa si sta producendo in uno sforzo di sintesi e di [&hellip;]<\/p>\n","protected":false},"author":3,"featured_media":2238,"comment_status":"closed","ping_status":"closed","sticky":false,"template":"","format":"standard","meta":{"_et_pb_use_builder":"","_et_pb_old_content":"","_et_gb_content_width":"","footnotes":""},"categories":[20,7],"tags":[],"class_list":["post-2236","post","type-post","status-publish","format-standard","has-post-thumbnail","hentry","category-altre-news","category-primo-piano"],"yoast_head":"<!-- This site is optimized with the Yoast SEO plugin v27.5 - https:\/\/yoast.com\/product\/yoast-seo-wordpress\/ -->\n<title>Incontri confederali C.L.A.A.I. nord, centro e sud Italia - claai.info<\/title>\n<meta name=\"robots\" content=\"index, follow, max-snippet:-1, max-image-preview:large, max-video-preview:-1\" \/>\n<link rel=\"canonical\" href=\"https:\/\/claai.info\/cms\/incontri-confederali-c-l-a-a-i-nord-centro-e-sud-italia\/\" \/>\n<meta property=\"og:locale\" content=\"it_IT\" \/>\n<meta property=\"og:type\" content=\"article\" \/>\n<meta property=\"og:title\" content=\"Incontri confederali C.L.A.A.I. nord, centro e sud Italia - claai.info\" \/>\n<meta property=\"og:description\" content=\"Pur in presenza di un periodo che sta continuando a tenere in ginocchio tutta la Comunit\u00e0 economica e civile anche di fronte a non risposte univoche da parte delle istituzioni e per\u00a0 consentire una operativit\u00e0 funzionale, la nostra Confederazione con tutta la sua struttura organizzativa si sta producendo in uno sforzo di sintesi e di [&hellip;]\" \/>\n<meta property=\"og:url\" content=\"https:\/\/claai.info\/cms\/incontri-confederali-c-l-a-a-i-nord-centro-e-sud-italia\/\" \/>\n<meta property=\"og:site_name\" content=\"claai.info\" \/>\n<meta property=\"article:published_time\" content=\"2020-11-25T08:24:46+00:00\" \/>\n<meta property=\"article:modified_time\" content=\"2020-11-25T08:31:49+00:00\" \/>\n<meta property=\"og:image\" content=\"https:\/\/claai.info\/cms\/wp-content\/uploads\/2020\/11\/videoconferenza-zoom.jpg\" \/>\n\t<meta property=\"og:image:width\" content=\"941\" \/>\n\t<meta property=\"og:image:height\" content=\"422\" \/>\n\t<meta property=\"og:image:type\" content=\"image\/jpeg\" \/>\n<meta name=\"author\" content=\"Andrea Rovelli\" \/>\n<meta name=\"twitter:label1\" content=\"Scritto da\" \/>\n\t<meta name=\"twitter:data1\" content=\"Andrea Rovelli\" \/>\n\t<meta name=\"twitter:label2\" content=\"Tempo di lettura stimato\" \/>\n\t<meta name=\"twitter:data2\" content=\"2 minuti\" \/>\n<script type=\"application\/ld+json\" class=\"yoast-schema-graph\">{\"@context\":\"https:\\\/\\\/schema.org\",\"@graph\":[{\"@type\":\"Article\",\"@id\":\"https:\\\/\\\/claai.info\\\/cms\\\/incontri-confederali-c-l-a-a-i-nord-centro-e-sud-italia\\\/#article\",\"isPartOf\":{\"@id\":\"https:\\\/\\\/claai.info\\\/cms\\\/incontri-confederali-c-l-a-a-i-nord-centro-e-sud-italia\\\/\"},\"author\":{\"name\":\"Andrea Rovelli\",\"@id\":\"https:\\\/\\\/claai.info\\\/cms\\\/#\\\/schema\\\/person\\\/791c552cf3cc082152dd350d688b7db7\"},\"headline\":\"Incontri confederali C.L.A.A.I. nord, centro e sud Italia\",\"datePublished\":\"2020-11-25T08:24:46+00:00\",\"dateModified\":\"2020-11-25T08:31:49+00:00\",\"mainEntityOfPage\":{\"@id\":\"https:\\\/\\\/claai.info\\\/cms\\\/incontri-confederali-c-l-a-a-i-nord-centro-e-sud-italia\\\/\"},\"wordCount\":323,\"image\":{\"@id\":\"https:\\\/\\\/claai.info\\\/cms\\\/incontri-confederali-c-l-a-a-i-nord-centro-e-sud-italia\\\/#primaryimage\"},\"thumbnailUrl\":\"https:\\\/\\\/claai.info\\\/cms\\\/wp-content\\\/uploads\\\/2020\\\/11\\\/videoconferenza-zoom.jpg\",\"articleSection\":[\"Altre News\",\"Primo Piano\"],\"inLanguage\":\"it-IT\"},{\"@type\":\"WebPage\",\"@id\":\"https:\\\/\\\/claai.info\\\/cms\\\/incontri-confederali-c-l-a-a-i-nord-centro-e-sud-italia\\\/\",\"url\":\"https:\\\/\\\/claai.info\\\/cms\\\/incontri-confederali-c-l-a-a-i-nord-centro-e-sud-italia\\\/\",\"name\":\"Incontri confederali C.L.A.A.I. nord, centro e sud Italia - claai.info\",\"isPartOf\":{\"@id\":\"https:\\\/\\\/claai.info\\\/cms\\\/#website\"},\"primaryImageOfPage\":{\"@id\":\"https:\\\/\\\/claai.info\\\/cms\\\/incontri-confederali-c-l-a-a-i-nord-centro-e-sud-italia\\\/#primaryimage\"},\"image\":{\"@id\":\"https:\\\/\\\/claai.info\\\/cms\\\/incontri-confederali-c-l-a-a-i-nord-centro-e-sud-italia\\\/#primaryimage\"},\"thumbnailUrl\":\"https:\\\/\\\/claai.info\\\/cms\\\/wp-content\\\/uploads\\\/2020\\\/11\\\/videoconferenza-zoom.jpg\",\"datePublished\":\"2020-11-25T08:24:46+00:00\",\"dateModified\":\"2020-11-25T08:31:49+00:00\",\"author\":{\"@id\":\"https:\\\/\\\/claai.info\\\/cms\\\/#\\\/schema\\\/person\\\/791c552cf3cc082152dd350d688b7db7\"},\"inLanguage\":\"it-IT\",\"potentialAction\":[{\"@type\":\"ReadAction\",\"target\":[\"https:\\\/\\\/claai.info\\\/cms\\\/incontri-confederali-c-l-a-a-i-nord-centro-e-sud-italia\\\/\"]}]},{\"@type\":\"ImageObject\",\"inLanguage\":\"it-IT\",\"@id\":\"https:\\\/\\\/claai.info\\\/cms\\\/incontri-confederali-c-l-a-a-i-nord-centro-e-sud-italia\\\/#primaryimage\",\"url\":\"https:\\\/\\\/claai.info\\\/cms\\\/wp-content\\\/uploads\\\/2020\\\/11\\\/videoconferenza-zoom.jpg\",\"contentUrl\":\"https:\\\/\\\/claai.info\\\/cms\\\/wp-content\\\/uploads\\\/2020\\\/11\\\/videoconferenza-zoom.jpg\",\"width\":941,\"height\":422,\"caption\":\"Video conference at the office\"},{\"@type\":\"WebSite\",\"@id\":\"https:\\\/\\\/claai.info\\\/cms\\\/#website\",\"url\":\"https:\\\/\\\/claai.info\\\/cms\\\/\",\"name\":\"claai.info\",\"description\":\"Confederazione delle Libere Associazioni Artigiane Italiane\",\"potentialAction\":[{\"@type\":\"SearchAction\",\"target\":{\"@type\":\"EntryPoint\",\"urlTemplate\":\"https:\\\/\\\/claai.info\\\/cms\\\/?s={search_term_string}\"},\"query-input\":{\"@type\":\"PropertyValueSpecification\",\"valueRequired\":true,\"valueName\":\"search_term_string\"}}],\"inLanguage\":\"it-IT\"},{\"@type\":\"Person\",\"@id\":\"https:\\\/\\\/claai.info\\\/cms\\\/#\\\/schema\\\/person\\\/791c552cf3cc082152dd350d688b7db7\",\"name\":\"Andrea Rovelli\",\"image\":{\"@type\":\"ImageObject\",\"inLanguage\":\"it-IT\",\"@id\":\"https:\\\/\\\/secure.gravatar.com\\\/avatar\\\/5d99d1feb41c1499c90e921d0601cdf490eecb3af40cf941d49b4305ed4fb837?s=96&d=mm&r=g\",\"url\":\"https:\\\/\\\/secure.gravatar.com\\\/avatar\\\/5d99d1feb41c1499c90e921d0601cdf490eecb3af40cf941d49b4305ed4fb837?s=96&d=mm&r=g\",\"contentUrl\":\"https:\\\/\\\/secure.gravatar.com\\\/avatar\\\/5d99d1feb41c1499c90e921d0601cdf490eecb3af40cf941d49b4305ed4fb837?s=96&d=mm&r=g\",\"caption\":\"Andrea Rovelli\"},\"url\":\"https:\\\/\\\/claai.info\\\/cms\\\/author\\\/arovelli\\\/\"}]}<\/script>\n<!-- \/ Yoast SEO plugin. -->","yoast_head_json":{"title":"Incontri confederali C.L.A.A.I. nord, centro e sud Italia - claai.info","robots":{"index":"index","follow":"follow","max-snippet":"max-snippet:-1","max-image-preview":"max-image-preview:large","max-video-preview":"max-video-preview:-1"},"canonical":"https:\/\/claai.info\/cms\/incontri-confederali-c-l-a-a-i-nord-centro-e-sud-italia\/","og_locale":"it_IT","og_type":"article","og_title":"Incontri confederali C.L.A.A.I. nord, centro e sud Italia - claai.info","og_description":"Pur in presenza di un periodo che sta continuando a tenere in ginocchio tutta la Comunit\u00e0 economica e civile anche di fronte a non risposte univoche da parte delle istituzioni e per\u00a0 consentire una operativit\u00e0 funzionale, la nostra Confederazione con tutta la sua struttura organizzativa si sta producendo in uno sforzo di sintesi e di [&hellip;]","og_url":"https:\/\/claai.info\/cms\/incontri-confederali-c-l-a-a-i-nord-centro-e-sud-italia\/","og_site_name":"claai.info","article_published_time":"2020-11-25T08:24:46+00:00","article_modified_time":"2020-11-25T08:31:49+00:00","og_image":[{"width":941,"height":422,"url":"https:\/\/claai.info\/cms\/wp-content\/uploads\/2020\/11\/videoconferenza-zoom.jpg","type":"image\/jpeg"}],"author":"Andrea Rovelli","twitter_misc":{"Scritto da":"Andrea Rovelli","Tempo di lettura stimato":"2 minuti"},"schema":{"@context":"https:\/\/schema.org","@graph":[{"@type":"Article","@id":"https:\/\/claai.info\/cms\/incontri-confederali-c-l-a-a-i-nord-centro-e-sud-italia\/#article","isPartOf":{"@id":"https:\/\/claai.info\/cms\/incontri-confederali-c-l-a-a-i-nord-centro-e-sud-italia\/"},"author":{"name":"Andrea Rovelli","@id":"https:\/\/claai.info\/cms\/#\/schema\/person\/791c552cf3cc082152dd350d688b7db7"},"headline":"Incontri confederali C.L.A.A.I. nord, centro e sud Italia","datePublished":"2020-11-25T08:24:46+00:00","dateModified":"2020-11-25T08:31:49+00:00","mainEntityOfPage":{"@id":"https:\/\/claai.info\/cms\/incontri-confederali-c-l-a-a-i-nord-centro-e-sud-italia\/"},"wordCount":323,"image":{"@id":"https:\/\/claai.info\/cms\/incontri-confederali-c-l-a-a-i-nord-centro-e-sud-italia\/#primaryimage"},"thumbnailUrl":"https:\/\/claai.info\/cms\/wp-content\/uploads\/2020\/11\/videoconferenza-zoom.jpg","articleSection":["Altre News","Primo Piano"],"inLanguage":"it-IT"},{"@type":"WebPage","@id":"https:\/\/claai.info\/cms\/incontri-confederali-c-l-a-a-i-nord-centro-e-sud-italia\/","url":"https:\/\/claai.info\/cms\/incontri-confederali-c-l-a-a-i-nord-centro-e-sud-italia\/","name":"Incontri confederali C.L.A.A.I. nord, centro e sud Italia - claai.info","isPartOf":{"@id":"https:\/\/claai.info\/cms\/#website"},"primaryImageOfPage":{"@id":"https:\/\/claai.info\/cms\/incontri-confederali-c-l-a-a-i-nord-centro-e-sud-italia\/#primaryimage"},"image":{"@id":"https:\/\/claai.info\/cms\/incontri-confederali-c-l-a-a-i-nord-centro-e-sud-italia\/#primaryimage"},"thumbnailUrl":"https:\/\/claai.info\/cms\/wp-content\/uploads\/2020\/11\/videoconferenza-zoom.jpg","datePublished":"2020-11-25T08:24:46+00:00","dateModified":"2020-11-25T08:31:49+00:00","author":{"@id":"https:\/\/claai.info\/cms\/#\/schema\/person\/791c552cf3cc082152dd350d688b7db7"},"inLanguage":"it-IT","potentialAction":[{"@type":"ReadAction","target":["https:\/\/claai.info\/cms\/incontri-confederali-c-l-a-a-i-nord-centro-e-sud-italia\/"]}]},{"@type":"ImageObject","inLanguage":"it-IT","@id":"https:\/\/claai.info\/cms\/incontri-confederali-c-l-a-a-i-nord-centro-e-sud-italia\/#primaryimage","url":"https:\/\/claai.info\/cms\/wp-content\/uploads\/2020\/11\/videoconferenza-zoom.jpg","contentUrl":"https:\/\/claai.info\/cms\/wp-content\/uploads\/2020\/11\/videoconferenza-zoom.jpg","width":941,"height":422,"caption":"Video conference at the office"},{"@type":"WebSite","@id":"https:\/\/claai.info\/cms\/#website","url":"https:\/\/claai.info\/cms\/","name":"claai.info","description":"Confederazione delle Libere Associazioni Artigiane Italiane","potentialAction":[{"@type":"SearchAction","target":{"@type":"EntryPoint","urlTemplate":"https:\/\/claai.info\/cms\/?s={search_term_string}"},"query-input":{"@type":"PropertyValueSpecification","valueRequired":true,"valueName":"search_term_string"}}],"inLanguage":"it-IT"},{"@type":"Person","@id":"https:\/\/claai.info\/cms\/#\/schema\/person\/791c552cf3cc082152dd350d688b7db7","name":"Andrea Rovelli","image":{"@type":"ImageObject","inLanguage":"it-IT","@id":"https:\/\/secure.gravatar.com\/avatar\/5d99d1feb41c1499c90e921d0601cdf490eecb3af40cf941d49b4305ed4fb837?s=96&d=mm&r=g","url":"https:\/\/secure.gravatar.com\/avatar\/5d99d1feb41c1499c90e921d0601cdf490eecb3af40cf941d49b4305ed4fb837?s=96&d=mm&r=g","contentUrl":"https:\/\/secure.gravatar.com\/avatar\/5d99d1feb41c1499c90e921d0601cdf490eecb3af40cf941d49b4305ed4fb837?s=96&d=mm&r=g","caption":"Andrea Rovelli"},"url":"https:\/\/claai.info\/cms\/author\/arovelli\/"}]}},"_links":{"self":[{"href":"https:\/\/claai.info\/cms\/wp-json\/wp\/v2\/posts\/2236","targetHints":{"allow":["GET"]}}],"collection":[{"href":"https:\/\/claai.info\/cms\/wp-json\/wp\/v2\/posts"}],"about":[{"href":"https:\/\/claai.info\/cms\/wp-json\/wp\/v2\/types\/post"}],"author":[{"embeddable":true,"href":"https:\/\/claai.info\/cms\/wp-json\/wp\/v2\/users\/3"}],"replies":[{"embeddable":true,"href":"https:\/\/claai.info\/cms\/wp-json\/wp\/v2\/comments?post=2236"}],"version-history":[{"count":2,"href":"https:\/\/claai.info\/cms\/wp-json\/wp\/v2\/posts\/2236\/revisions"}],"predecessor-version":[{"id":2241,"href":"https:\/\/claai.info\/cms\/wp-json\/wp\/v2\/posts\/2236\/revisions\/2241"}],"wp:featuredmedia":[{"embeddable":true,"href":"https:\/\/claai.info\/cms\/wp-json\/wp\/v2\/media\/2238"}],"wp:attachment":[{"href":"https:\/\/claai.info\/cms\/wp-json\/wp\/v2\/media?parent=2236"}],"wp:term":[{"taxonomy":"category","embeddable":true,"href":"https:\/\/claai.info\/cms\/wp-json\/wp\/v2\/categories?post=2236"},{"taxonomy":"post_tag","embeddable":true,"href":"https:\/\/claai.info\/cms\/wp-json\/wp\/v2\/tags?post=2236"}],"curies":[{"name":"wp","href":"https:\/\/api.w.org\/{rel}","templated":true}]}}