{"id":2310,"date":"2021-05-11T15:11:00","date_gmt":"2021-05-11T13:11:00","guid":{"rendered":"https:\/\/claai.info\/cms\/?p=2310"},"modified":"2021-05-11T15:12:35","modified_gmt":"2021-05-11T13:12:35","slug":"2310-2","status":"publish","type":"post","link":"https:\/\/claai.info\/cms\/2310-2\/","title":{"rendered":"WEBINAR PER ODONTOTECNICI: COSA CAMBIA COL REGOLAMENTO EUROPEO 2017\/745"},"content":{"rendered":"<p><a href=\"https:\/\/claai.info\/cms\/wp-content\/uploads\/2021\/05\/WEBINAR-CLAAI.png\"><img loading=\"lazy\" decoding=\"async\" class=\"alignnone size-medium wp-image-2311\" src=\"https:\/\/claai.info\/cms\/wp-content\/uploads\/2021\/05\/WEBINAR-CLAAI-300x300.png\" alt=\"\" width=\"300\" height=\"300\" \/><\/a><\/p>\n<p class=\"p1\"><strong>WEBINAR LUNEDI 24 MAGGIO ORE 20. \u201cOdontotecnici. Col nuovo Regolamento 2017\/745 approccio alla professione pi\u00f9 completo e pi\u00f9 complesso. Ecco cosa occorre tenere d&#8217;occhio\u201d. L&#8217;intervista al nostro formatore, l&#8217;odontoiatra Fabrizio Meani.<br \/>\nPer iscriverti clicca qui:\u00a0<\/strong><a title=\"This external link will open in a new window\" href=\"http:\/\/unioneartigiani.antherica.it\/tk\/get.html?84651&amp;uid=84651&amp;&amp;cid=280&amp;ag=am&amp;newsid=5276&amp;exid=4032446617&amp;ui=84651&amp;uid=84651&amp;&amp;cid=280&amp;linkid=76801\" target=\"_blank\" rel=\"noopener noreferrer\"><span class=\"s1\"><strong>https:\/\/register.gotowebinar.com\/register\/5842030049074473741<\/strong><\/span><\/a><\/p>\n<p class=\"p1\"><strong>Come si devono preparare gli odontotecnici all&#8217;applicazione di questo regolamento? Serve un nuovo approccio alla professione?<\/strong><\/p>\n<p class=\"p1\">Il Regolamento Europeo 2017\/745, altrimenti detto Medical Device Regulation (MDR) sostituisce le due precedenti Direttive Europee riguardanti i Dispositivi Medici (DM), la Direttiva 93\/42\/CEE per i Dispositivi Medici e la Direttiva 90\/385\/CEE per i Dispositivi Medici Attivi Impiantabili. Tale regolamento riguarda la produzione di tutti i tipi di DM presenti sul mercato europeo, dalle valvole cardiache alle protesi ortopediche, pertanto non \u00e8 specifico per i manufatti odontotecnici, sui quali, anzi, ha un impatto pi\u00f9 marginale; esso nasce dalla necessit\u00e0 di migliorare ed implementare la normativa gi\u00e0 esistente, pertanto, essendo la naturale evoluzione dei due precedenti regolamenti, non comporta uno stravolgimento del \u201cmodus operandi\u201d dei fabbricanti di DM.<\/p>\n<p class=\"p1\">Gli odontotecnici si devono preparare all&#8217;applicazione del regolamento soprattutto cercando di ottemperare alle richieste di ulteriore documentazione per quanto concerne la progettazione, la produzione e la sorveglianza post-vendita dei DM. Pi\u00f9 che di un nuovo e diverso approccio alla professione, mi pare pi\u00f9 opportuno parlare di un approccio pi\u00f9 completo e, purtroppo, complesso.<\/p>\n<p class=\"p2\"><strong>Quali sono i punti sui quali sar\u00e0 richiesta pi\u00f9 attenzione?<\/strong><\/p>\n<p class=\"p2\">I punti pi\u00f9 complessi e delicati per gli operatori sono rappresentati dalla individuazione della persona responsabile del rispetto della normativa, dalla revisione e dall&#8217;aggiornamento dei protocolli, soprattutto in base alle nuove tecnologie, e dalla sorveglianza post-vendita.<\/p>\n<p class=\"p2\"><strong>Quali investimenti saranno necessari per adeguare i laboratori?<\/strong><\/p>\n<p class=\"p2\">Si espliciteranno prevalentemente nella verifica e revisione dei protocolli che andr\u00e0 attestata mediante la\u00a0 redazione della relativa modulistica che comprovi la conformit\u00e0 dei processi produttivi al nuovo regolamento; questo comporter\u00e0 soprattutto l&#8217;aggiornamento dei vari software gestionali per quanto concerne i laboratori informatizzati, che penso ormai siano la stragrande maggioranza, mentre per gli altri la creazione di tutta una serie di registri cartacei da compilare ed aggiornare.<\/p>\n<p class=\"p2\"><strong>Per quanto concerne i rapporti tra tecnici e medici? E per i pazienti cosa cambier\u00e0?<\/strong><\/p>\n<p class=\"p1\">Non cambieranno di molto, si tratter\u00e0 di prestare maggiore attenzione ai vari adempimenti burocratici, mentre si rafforzano ulteriormente le procedure di qualit\u00e0 e garanzia per i pazienti.<\/p>\n","protected":false},"excerpt":{"rendered":"<p>WEBINAR LUNEDI 24 MAGGIO ORE 20. \u201cOdontotecnici. Col nuovo Regolamento 2017\/745 approccio alla professione pi\u00f9 completo e pi\u00f9 complesso. Ecco cosa occorre tenere d&#8217;occhio\u201d. L&#8217;intervista al nostro formatore, l&#8217;odontoiatra Fabrizio Meani. Per iscriverti clicca qui:\u00a0https:\/\/register.gotowebinar.com\/register\/5842030049074473741 Come si devono preparare gli odontotecnici all&#8217;applicazione di questo regolamento? Serve un nuovo approccio alla professione? Il Regolamento Europeo 2017\/745, [&hellip;]<\/p>\n","protected":false},"author":5,"featured_media":0,"comment_status":"closed","ping_status":"closed","sticky":false,"template":"","format":"standard","meta":{"_et_pb_use_builder":"","_et_pb_old_content":"","_et_gb_content_width":"","footnotes":""},"categories":[9,17,1],"tags":[],"class_list":["post-2310","post","type-post","status-publish","format-standard","hentry","category-formazione","category-odontotecnici","category-senza-categoria"],"yoast_head":"<!-- This site is optimized with the Yoast SEO plugin v27.5 - https:\/\/yoast.com\/product\/yoast-seo-wordpress\/ -->\n<title>WEBINAR PER ODONTOTECNICI: COSA CAMBIA COL REGOLAMENTO EUROPEO 2017\/745 - claai.info<\/title>\n<meta name=\"robots\" content=\"index, follow, max-snippet:-1, max-image-preview:large, max-video-preview:-1\" \/>\n<link rel=\"canonical\" href=\"https:\/\/claai.info\/cms\/2310-2\/\" \/>\n<meta property=\"og:locale\" content=\"it_IT\" \/>\n<meta property=\"og:type\" content=\"article\" \/>\n<meta property=\"og:title\" content=\"WEBINAR PER ODONTOTECNICI: COSA CAMBIA COL REGOLAMENTO EUROPEO 2017\/745 - claai.info\" \/>\n<meta property=\"og:description\" content=\"WEBINAR LUNEDI 24 MAGGIO ORE 20. \u201cOdontotecnici. Col nuovo Regolamento 2017\/745 approccio alla professione pi\u00f9 completo e pi\u00f9 complesso. Ecco cosa occorre tenere d&#8217;occhio\u201d. L&#8217;intervista al nostro formatore, l&#8217;odontoiatra Fabrizio Meani. Per iscriverti clicca qui:\u00a0https:\/\/register.gotowebinar.com\/register\/5842030049074473741 Come si devono preparare gli odontotecnici all&#8217;applicazione di questo regolamento? Serve un nuovo approccio alla professione? Il Regolamento Europeo 2017\/745, [&hellip;]\" \/>\n<meta property=\"og:url\" content=\"https:\/\/claai.info\/cms\/2310-2\/\" \/>\n<meta property=\"og:site_name\" content=\"claai.info\" \/>\n<meta property=\"article:published_time\" content=\"2021-05-11T13:11:00+00:00\" \/>\n<meta property=\"article:modified_time\" content=\"2021-05-11T13:12:35+00:00\" \/>\n<meta property=\"og:image\" content=\"https:\/\/claai.info\/cms\/wp-content\/uploads\/2021\/05\/WEBINAR-CLAAI-300x300.png\" \/>\n<meta name=\"author\" content=\"Roldano Radaelli\" \/>\n<meta name=\"twitter:label1\" content=\"Scritto da\" \/>\n\t<meta name=\"twitter:data1\" content=\"Roldano Radaelli\" \/>\n\t<meta name=\"twitter:label2\" content=\"Tempo di lettura stimato\" \/>\n\t<meta name=\"twitter:data2\" content=\"2 minuti\" \/>\n<script type=\"application\/ld+json\" class=\"yoast-schema-graph\">{\"@context\":\"https:\\\/\\\/schema.org\",\"@graph\":[{\"@type\":\"Article\",\"@id\":\"https:\\\/\\\/claai.info\\\/cms\\\/2310-2\\\/#article\",\"isPartOf\":{\"@id\":\"https:\\\/\\\/claai.info\\\/cms\\\/2310-2\\\/\"},\"author\":{\"name\":\"Roldano Radaelli\",\"@id\":\"https:\\\/\\\/claai.info\\\/cms\\\/#\\\/schema\\\/person\\\/d634d034d50532073c4c85c3eb23b46e\"},\"headline\":\"WEBINAR PER ODONTOTECNICI: COSA CAMBIA COL REGOLAMENTO EUROPEO 2017\\\/745\",\"datePublished\":\"2021-05-11T13:11:00+00:00\",\"dateModified\":\"2021-05-11T13:12:35+00:00\",\"mainEntityOfPage\":{\"@id\":\"https:\\\/\\\/claai.info\\\/cms\\\/2310-2\\\/\"},\"wordCount\":388,\"image\":{\"@id\":\"https:\\\/\\\/claai.info\\\/cms\\\/2310-2\\\/#primaryimage\"},\"thumbnailUrl\":\"https:\\\/\\\/claai.info\\\/cms\\\/wp-content\\\/uploads\\\/2021\\\/05\\\/WEBINAR-CLAAI-300x300.png\",\"articleSection\":[\"Formazione\",\"Odontotecnici\"],\"inLanguage\":\"it-IT\"},{\"@type\":\"WebPage\",\"@id\":\"https:\\\/\\\/claai.info\\\/cms\\\/2310-2\\\/\",\"url\":\"https:\\\/\\\/claai.info\\\/cms\\\/2310-2\\\/\",\"name\":\"WEBINAR PER ODONTOTECNICI: COSA CAMBIA COL REGOLAMENTO EUROPEO 2017\\\/745 - claai.info\",\"isPartOf\":{\"@id\":\"https:\\\/\\\/claai.info\\\/cms\\\/#website\"},\"primaryImageOfPage\":{\"@id\":\"https:\\\/\\\/claai.info\\\/cms\\\/2310-2\\\/#primaryimage\"},\"image\":{\"@id\":\"https:\\\/\\\/claai.info\\\/cms\\\/2310-2\\\/#primaryimage\"},\"thumbnailUrl\":\"https:\\\/\\\/claai.info\\\/cms\\\/wp-content\\\/uploads\\\/2021\\\/05\\\/WEBINAR-CLAAI-300x300.png\",\"datePublished\":\"2021-05-11T13:11:00+00:00\",\"dateModified\":\"2021-05-11T13:12:35+00:00\",\"author\":{\"@id\":\"https:\\\/\\\/claai.info\\\/cms\\\/#\\\/schema\\\/person\\\/d634d034d50532073c4c85c3eb23b46e\"},\"inLanguage\":\"it-IT\",\"potentialAction\":[{\"@type\":\"ReadAction\",\"target\":[\"https:\\\/\\\/claai.info\\\/cms\\\/2310-2\\\/\"]}]},{\"@type\":\"ImageObject\",\"inLanguage\":\"it-IT\",\"@id\":\"https:\\\/\\\/claai.info\\\/cms\\\/2310-2\\\/#primaryimage\",\"url\":\"https:\\\/\\\/claai.info\\\/cms\\\/wp-content\\\/uploads\\\/2021\\\/05\\\/WEBINAR-CLAAI.png\",\"contentUrl\":\"https:\\\/\\\/claai.info\\\/cms\\\/wp-content\\\/uploads\\\/2021\\\/05\\\/WEBINAR-CLAAI.png\",\"width\":1080,\"height\":1080},{\"@type\":\"WebSite\",\"@id\":\"https:\\\/\\\/claai.info\\\/cms\\\/#website\",\"url\":\"https:\\\/\\\/claai.info\\\/cms\\\/\",\"name\":\"claai.info\",\"description\":\"Confederazione delle Libere Associazioni Artigiane Italiane\",\"potentialAction\":[{\"@type\":\"SearchAction\",\"target\":{\"@type\":\"EntryPoint\",\"urlTemplate\":\"https:\\\/\\\/claai.info\\\/cms\\\/?s={search_term_string}\"},\"query-input\":{\"@type\":\"PropertyValueSpecification\",\"valueRequired\":true,\"valueName\":\"search_term_string\"}}],\"inLanguage\":\"it-IT\"},{\"@type\":\"Person\",\"@id\":\"https:\\\/\\\/claai.info\\\/cms\\\/#\\\/schema\\\/person\\\/d634d034d50532073c4c85c3eb23b46e\",\"name\":\"Roldano Radaelli\",\"image\":{\"@type\":\"ImageObject\",\"inLanguage\":\"it-IT\",\"@id\":\"https:\\\/\\\/secure.gravatar.com\\\/avatar\\\/97809b9ddd3df37c1ba1778903f83cd304e9ead5255b24490d0157d2cf5c0bac?s=96&d=mm&r=g\",\"url\":\"https:\\\/\\\/secure.gravatar.com\\\/avatar\\\/97809b9ddd3df37c1ba1778903f83cd304e9ead5255b24490d0157d2cf5c0bac?s=96&d=mm&r=g\",\"contentUrl\":\"https:\\\/\\\/secure.gravatar.com\\\/avatar\\\/97809b9ddd3df37c1ba1778903f83cd304e9ead5255b24490d0157d2cf5c0bac?s=96&d=mm&r=g\",\"caption\":\"Roldano Radaelli\"},\"sameAs\":[\"https:\\\/\\\/claai.info\\\/\"],\"url\":\"https:\\\/\\\/claai.info\\\/cms\\\/author\\\/rradaelli\\\/\"}]}<\/script>\n<!-- \/ Yoast SEO plugin. -->","yoast_head_json":{"title":"WEBINAR PER ODONTOTECNICI: COSA CAMBIA COL REGOLAMENTO EUROPEO 2017\/745 - claai.info","robots":{"index":"index","follow":"follow","max-snippet":"max-snippet:-1","max-image-preview":"max-image-preview:large","max-video-preview":"max-video-preview:-1"},"canonical":"https:\/\/claai.info\/cms\/2310-2\/","og_locale":"it_IT","og_type":"article","og_title":"WEBINAR PER ODONTOTECNICI: COSA CAMBIA COL REGOLAMENTO EUROPEO 2017\/745 - claai.info","og_description":"WEBINAR LUNEDI 24 MAGGIO ORE 20. \u201cOdontotecnici. Col nuovo Regolamento 2017\/745 approccio alla professione pi\u00f9 completo e pi\u00f9 complesso. Ecco cosa occorre tenere d&#8217;occhio\u201d. L&#8217;intervista al nostro formatore, l&#8217;odontoiatra Fabrizio Meani. Per iscriverti clicca qui:\u00a0https:\/\/register.gotowebinar.com\/register\/5842030049074473741 Come si devono preparare gli odontotecnici all&#8217;applicazione di questo regolamento? Serve un nuovo approccio alla professione? Il Regolamento Europeo 2017\/745, [&hellip;]","og_url":"https:\/\/claai.info\/cms\/2310-2\/","og_site_name":"claai.info","article_published_time":"2021-05-11T13:11:00+00:00","article_modified_time":"2021-05-11T13:12:35+00:00","og_image":[{"url":"https:\/\/claai.info\/cms\/wp-content\/uploads\/2021\/05\/WEBINAR-CLAAI-300x300.png","type":"","width":"","height":""}],"author":"Roldano Radaelli","twitter_misc":{"Scritto da":"Roldano Radaelli","Tempo di lettura stimato":"2 minuti"},"schema":{"@context":"https:\/\/schema.org","@graph":[{"@type":"Article","@id":"https:\/\/claai.info\/cms\/2310-2\/#article","isPartOf":{"@id":"https:\/\/claai.info\/cms\/2310-2\/"},"author":{"name":"Roldano Radaelli","@id":"https:\/\/claai.info\/cms\/#\/schema\/person\/d634d034d50532073c4c85c3eb23b46e"},"headline":"WEBINAR PER ODONTOTECNICI: COSA CAMBIA COL REGOLAMENTO EUROPEO 2017\/745","datePublished":"2021-05-11T13:11:00+00:00","dateModified":"2021-05-11T13:12:35+00:00","mainEntityOfPage":{"@id":"https:\/\/claai.info\/cms\/2310-2\/"},"wordCount":388,"image":{"@id":"https:\/\/claai.info\/cms\/2310-2\/#primaryimage"},"thumbnailUrl":"https:\/\/claai.info\/cms\/wp-content\/uploads\/2021\/05\/WEBINAR-CLAAI-300x300.png","articleSection":["Formazione","Odontotecnici"],"inLanguage":"it-IT"},{"@type":"WebPage","@id":"https:\/\/claai.info\/cms\/2310-2\/","url":"https:\/\/claai.info\/cms\/2310-2\/","name":"WEBINAR PER ODONTOTECNICI: COSA CAMBIA COL REGOLAMENTO EUROPEO 2017\/745 - claai.info","isPartOf":{"@id":"https:\/\/claai.info\/cms\/#website"},"primaryImageOfPage":{"@id":"https:\/\/claai.info\/cms\/2310-2\/#primaryimage"},"image":{"@id":"https:\/\/claai.info\/cms\/2310-2\/#primaryimage"},"thumbnailUrl":"https:\/\/claai.info\/cms\/wp-content\/uploads\/2021\/05\/WEBINAR-CLAAI-300x300.png","datePublished":"2021-05-11T13:11:00+00:00","dateModified":"2021-05-11T13:12:35+00:00","author":{"@id":"https:\/\/claai.info\/cms\/#\/schema\/person\/d634d034d50532073c4c85c3eb23b46e"},"inLanguage":"it-IT","potentialAction":[{"@type":"ReadAction","target":["https:\/\/claai.info\/cms\/2310-2\/"]}]},{"@type":"ImageObject","inLanguage":"it-IT","@id":"https:\/\/claai.info\/cms\/2310-2\/#primaryimage","url":"https:\/\/claai.info\/cms\/wp-content\/uploads\/2021\/05\/WEBINAR-CLAAI.png","contentUrl":"https:\/\/claai.info\/cms\/wp-content\/uploads\/2021\/05\/WEBINAR-CLAAI.png","width":1080,"height":1080},{"@type":"WebSite","@id":"https:\/\/claai.info\/cms\/#website","url":"https:\/\/claai.info\/cms\/","name":"claai.info","description":"Confederazione delle Libere Associazioni Artigiane Italiane","potentialAction":[{"@type":"SearchAction","target":{"@type":"EntryPoint","urlTemplate":"https:\/\/claai.info\/cms\/?s={search_term_string}"},"query-input":{"@type":"PropertyValueSpecification","valueRequired":true,"valueName":"search_term_string"}}],"inLanguage":"it-IT"},{"@type":"Person","@id":"https:\/\/claai.info\/cms\/#\/schema\/person\/d634d034d50532073c4c85c3eb23b46e","name":"Roldano Radaelli","image":{"@type":"ImageObject","inLanguage":"it-IT","@id":"https:\/\/secure.gravatar.com\/avatar\/97809b9ddd3df37c1ba1778903f83cd304e9ead5255b24490d0157d2cf5c0bac?s=96&d=mm&r=g","url":"https:\/\/secure.gravatar.com\/avatar\/97809b9ddd3df37c1ba1778903f83cd304e9ead5255b24490d0157d2cf5c0bac?s=96&d=mm&r=g","contentUrl":"https:\/\/secure.gravatar.com\/avatar\/97809b9ddd3df37c1ba1778903f83cd304e9ead5255b24490d0157d2cf5c0bac?s=96&d=mm&r=g","caption":"Roldano Radaelli"},"sameAs":["https:\/\/claai.info\/"],"url":"https:\/\/claai.info\/cms\/author\/rradaelli\/"}]}},"_links":{"self":[{"href":"https:\/\/claai.info\/cms\/wp-json\/wp\/v2\/posts\/2310","targetHints":{"allow":["GET"]}}],"collection":[{"href":"https:\/\/claai.info\/cms\/wp-json\/wp\/v2\/posts"}],"about":[{"href":"https:\/\/claai.info\/cms\/wp-json\/wp\/v2\/types\/post"}],"author":[{"embeddable":true,"href":"https:\/\/claai.info\/cms\/wp-json\/wp\/v2\/users\/5"}],"replies":[{"embeddable":true,"href":"https:\/\/claai.info\/cms\/wp-json\/wp\/v2\/comments?post=2310"}],"version-history":[{"count":2,"href":"https:\/\/claai.info\/cms\/wp-json\/wp\/v2\/posts\/2310\/revisions"}],"predecessor-version":[{"id":2313,"href":"https:\/\/claai.info\/cms\/wp-json\/wp\/v2\/posts\/2310\/revisions\/2313"}],"wp:attachment":[{"href":"https:\/\/claai.info\/cms\/wp-json\/wp\/v2\/media?parent=2310"}],"wp:term":[{"taxonomy":"category","embeddable":true,"href":"https:\/\/claai.info\/cms\/wp-json\/wp\/v2\/categories?post=2310"},{"taxonomy":"post_tag","embeddable":true,"href":"https:\/\/claai.info\/cms\/wp-json\/wp\/v2\/tags?post=2310"}],"curies":[{"name":"wp","href":"https:\/\/api.w.org\/{rel}","templated":true}]}}