{"id":2384,"date":"2022-03-18T08:15:27","date_gmt":"2022-03-18T07:15:27","guid":{"rendered":"https:\/\/claai.info\/cms\/?p=2384"},"modified":"2022-03-18T08:17:13","modified_gmt":"2022-03-18T07:17:13","slug":"autotrasporto-anche-claai-firma-il-protocollo-dintesa-col-mims-per-le-proposte-previste-nel-dl-energia-stop-alle-agitazioni","status":"publish","type":"post","link":"https:\/\/claai.info\/cms\/autotrasporto-anche-claai-firma-il-protocollo-dintesa-col-mims-per-le-proposte-previste-nel-dl-energia-stop-alle-agitazioni\/","title":{"rendered":"AUTOTRASPORTO. ANCHE CLAAI FIRMA IL PROTOCOLLO D&#8217;INTESA COL MIMS PER LE PROPOSTE PREVISTE NEL DL ENERGIA. STOP ALLE AGITAZIONI"},"content":{"rendered":"<p>Firmato al Mims il Protocollo d\u2019Intesa con le Associazioni di categoria sulla base delle norme proposte per il settore nel Decreto Energia in Consiglio dei Ministri. \ufffdImpegno della categoria a evitare e revocare il fermo nazionale dei servizi di autotrasporto.<\/p>\n<p>Un pacchetto economico per garantire ulteriore respiro all\u2019autotrasporto dopo gli 80 milioni gi\u00e0 previsti nel primo Decreto Energia e un affinamento delle regole nel rapporto tra autotrasporto e committenza grazie al Protocollo d\u2019Intesa sottoscritto ieri al termine del Tavolo convocato al Mims e presieduto dalla Viceministra Teresa Bellanova.<br \/>\nUn risultato \u201cimportante\u201d, lo definisce Bellanova, \u201cfrutto di un confronto serrato e continuo in queste settimane con l\u2019intero settore, autotrasportatori e committenza. Innanzitutto la proposta di un pacchetto di norme: risorse, norme ed emendamenti che andranno a comporre le misure ad hoc per l\u2019autotrasporto nel Decreto in Consiglio dei Ministri e che potranno essere oggetto anche di ulteriori misure. Quindi la sottoscrizione di un Protocollo d\u2019intesa, che voglio considerare un accordo quadro teso a garantire maggiori condizioni di equilibrio all\u2019interno della filiera, e a mettere in sicurezza gli autotrasportatori rispetto a variazioni nel costo del carburante. Allo stesso tempo si indicano anche modalit\u00e0 pi\u00f9 stringenti rispetto ai contratti non scritti, dove diventa obbligatorio il riferimento ai costi indicativi aggiornati dal Ministero. Con l\u2019impegno da parte della categoria a evitare e revocare il fermo nazionale dei servizi di autotrasporto e a garantire la prosecuzione delle attivit\u00e0, senza interruzioni\u201d<\/p>\n<p>Nel pacchetto norme economiche, si prevede un aumento del bonus accise; l\u2019implementazione a partire da quest\u2019anno e fino al 2023 per Marebonus e Ferrobonus per complessivi ulteriori 212 milioni 500mila; l\u2019incremento dello sconto pedaggi e spese non documentate con ulteriori 20 milioni a disposizione; l\u2019esonero per il 2022 del contributo dovuto all\u2019Autorit\u00e0 di regolazione dei Trasporti.<br \/>\nQuanto all\u2019Intesa sottoscritta, altri punti qualificanti sono: i controlli sul rispetto dei tempi di pagamento dei contratti di trasporto anche mediante il coinvolgimento, in aggiunta a quanto gi\u00e0 in essere, dell\u2019Autorit\u00e0 Garante per la Concorrenza ed il Mercato e del Comitato Centrale per l\u2019Albo nazionale degli autotrasportatori; la revisione della regolamentazione dei tempi per il carico e lo scarico delle merci; le misure semplificative e agevolative legate all\u2019entrata in vigore del nuovo Regolamento Europeo 1055\/2020; l\u2019impegno del Ministero a proseguire le iniziative a tutela delle imprese italiane contro i divieni unilaterali adottati in questi anni dal Land Tirolo.<br \/>\nIl Protocollo conferma inoltre la velocizzazione, con la firma di entrambi i Ministeri interessati, Mims e Mef, del Decreto interministeriale per la ripartizione condivisa con le Associazioni di categoria, per il triennio 2022-2024, del fondo di 240 milioni di euro destinati all\u2019autotrasporto, che dunque adesso attende il via libera della Corte dei Conti; l\u2019accelerazione per tutte le procedure di pagamento degli incentivi e dei contributi dovuti; l\u2019esonero anche quest\u2019anno del contributo richiesto dall\u2019Autorit\u00e0 di regolazione dei trasporti alle imprese del settore.<br \/>\n\u201cGrazie al lavoro responsabile e all\u2019impegno di tutti\u201d, dice Bellanova, \u201criusciamo a garantire ulteriore sostegno economico al settore, e a dare concretezza a richieste e aspettative che attendevano da anni una risposta. Il lavoro proseguir\u00e0 finch\u00e9 non avremo affrontato tutte le criticit\u00e0 che ostacolano questo settore nell\u2019affermare ruolo e centralit\u00e0\u201d.<\/p>\n","protected":false},"excerpt":{"rendered":"<p>Firmato al Mims il Protocollo d\u2019Intesa con le Associazioni di categoria sulla base delle norme proposte per il settore nel Decreto Energia in Consiglio dei Ministri. \ufffdImpegno della categoria a evitare e revocare il fermo nazionale dei servizi di autotrasporto. Un pacchetto economico per garantire ulteriore respiro all\u2019autotrasporto dopo gli 80 milioni gi\u00e0 previsti nel [&hellip;]<\/p>\n","protected":false},"author":5,"featured_media":0,"comment_status":"closed","ping_status":"closed","sticky":false,"template":"","format":"standard","meta":{"_et_pb_use_builder":"","_et_pb_old_content":"","_et_gb_content_width":"","footnotes":""},"categories":[18,8,7,1],"tags":[],"class_list":["post-2384","post","type-post","status-publish","format-standard","hentry","category-autotrasportatori","category-comunicati-stampa","category-primo-piano","category-senza-categoria"],"yoast_head":"<!-- This site is optimized with the Yoast SEO plugin v27.5 - https:\/\/yoast.com\/product\/yoast-seo-wordpress\/ -->\n<title>AUTOTRASPORTO. ANCHE CLAAI FIRMA IL PROTOCOLLO D&#039;INTESA COL MIMS PER LE PROPOSTE PREVISTE NEL DL ENERGIA. STOP ALLE AGITAZIONI - claai.info<\/title>\n<meta name=\"robots\" content=\"index, follow, max-snippet:-1, max-image-preview:large, max-video-preview:-1\" \/>\n<link rel=\"canonical\" href=\"https:\/\/claai.info\/cms\/autotrasporto-anche-claai-firma-il-protocollo-dintesa-col-mims-per-le-proposte-previste-nel-dl-energia-stop-alle-agitazioni\/\" \/>\n<meta property=\"og:locale\" content=\"it_IT\" \/>\n<meta property=\"og:type\" content=\"article\" \/>\n<meta property=\"og:title\" content=\"AUTOTRASPORTO. ANCHE CLAAI FIRMA IL PROTOCOLLO D&#039;INTESA COL MIMS PER LE PROPOSTE PREVISTE NEL DL ENERGIA. STOP ALLE AGITAZIONI - claai.info\" \/>\n<meta property=\"og:description\" content=\"Firmato al Mims il Protocollo d\u2019Intesa con le Associazioni di categoria sulla base delle norme proposte per il settore nel Decreto Energia in Consiglio dei Ministri. \ufffdImpegno della categoria a evitare e revocare il fermo nazionale dei servizi di autotrasporto. Un pacchetto economico per garantire ulteriore respiro all\u2019autotrasporto dopo gli 80 milioni gi\u00e0 previsti nel [&hellip;]\" \/>\n<meta property=\"og:url\" content=\"https:\/\/claai.info\/cms\/autotrasporto-anche-claai-firma-il-protocollo-dintesa-col-mims-per-le-proposte-previste-nel-dl-energia-stop-alle-agitazioni\/\" \/>\n<meta property=\"og:site_name\" content=\"claai.info\" \/>\n<meta property=\"article:published_time\" content=\"2022-03-18T07:15:27+00:00\" \/>\n<meta property=\"article:modified_time\" content=\"2022-03-18T07:17:13+00:00\" \/>\n<meta name=\"author\" content=\"Roldano Radaelli\" \/>\n<meta name=\"twitter:label1\" content=\"Scritto da\" \/>\n\t<meta name=\"twitter:data1\" content=\"Roldano Radaelli\" \/>\n\t<meta name=\"twitter:label2\" content=\"Tempo di lettura stimato\" \/>\n\t<meta name=\"twitter:data2\" content=\"3 minuti\" \/>\n<script type=\"application\/ld+json\" class=\"yoast-schema-graph\">{\"@context\":\"https:\\\/\\\/schema.org\",\"@graph\":[{\"@type\":\"Article\",\"@id\":\"https:\\\/\\\/claai.info\\\/cms\\\/autotrasporto-anche-claai-firma-il-protocollo-dintesa-col-mims-per-le-proposte-previste-nel-dl-energia-stop-alle-agitazioni\\\/#article\",\"isPartOf\":{\"@id\":\"https:\\\/\\\/claai.info\\\/cms\\\/autotrasporto-anche-claai-firma-il-protocollo-dintesa-col-mims-per-le-proposte-previste-nel-dl-energia-stop-alle-agitazioni\\\/\"},\"author\":{\"name\":\"Roldano Radaelli\",\"@id\":\"https:\\\/\\\/claai.info\\\/cms\\\/#\\\/schema\\\/person\\\/d634d034d50532073c4c85c3eb23b46e\"},\"headline\":\"AUTOTRASPORTO. ANCHE CLAAI FIRMA IL PROTOCOLLO D&#8217;INTESA COL MIMS PER LE PROPOSTE PREVISTE NEL DL ENERGIA. STOP ALLE AGITAZIONI\",\"datePublished\":\"2022-03-18T07:15:27+00:00\",\"dateModified\":\"2022-03-18T07:17:13+00:00\",\"mainEntityOfPage\":{\"@id\":\"https:\\\/\\\/claai.info\\\/cms\\\/autotrasporto-anche-claai-firma-il-protocollo-dintesa-col-mims-per-le-proposte-previste-nel-dl-energia-stop-alle-agitazioni\\\/\"},\"wordCount\":558,\"articleSection\":[\"Autotrasportatori\",\"Comunicati Stampa\",\"Primo Piano\"],\"inLanguage\":\"it-IT\"},{\"@type\":\"WebPage\",\"@id\":\"https:\\\/\\\/claai.info\\\/cms\\\/autotrasporto-anche-claai-firma-il-protocollo-dintesa-col-mims-per-le-proposte-previste-nel-dl-energia-stop-alle-agitazioni\\\/\",\"url\":\"https:\\\/\\\/claai.info\\\/cms\\\/autotrasporto-anche-claai-firma-il-protocollo-dintesa-col-mims-per-le-proposte-previste-nel-dl-energia-stop-alle-agitazioni\\\/\",\"name\":\"AUTOTRASPORTO. ANCHE CLAAI FIRMA IL PROTOCOLLO D'INTESA COL MIMS PER LE PROPOSTE PREVISTE NEL DL ENERGIA. STOP ALLE AGITAZIONI - claai.info\",\"isPartOf\":{\"@id\":\"https:\\\/\\\/claai.info\\\/cms\\\/#website\"},\"datePublished\":\"2022-03-18T07:15:27+00:00\",\"dateModified\":\"2022-03-18T07:17:13+00:00\",\"author\":{\"@id\":\"https:\\\/\\\/claai.info\\\/cms\\\/#\\\/schema\\\/person\\\/d634d034d50532073c4c85c3eb23b46e\"},\"inLanguage\":\"it-IT\",\"potentialAction\":[{\"@type\":\"ReadAction\",\"target\":[\"https:\\\/\\\/claai.info\\\/cms\\\/autotrasporto-anche-claai-firma-il-protocollo-dintesa-col-mims-per-le-proposte-previste-nel-dl-energia-stop-alle-agitazioni\\\/\"]}]},{\"@type\":\"WebSite\",\"@id\":\"https:\\\/\\\/claai.info\\\/cms\\\/#website\",\"url\":\"https:\\\/\\\/claai.info\\\/cms\\\/\",\"name\":\"claai.info\",\"description\":\"Confederazione delle Libere Associazioni Artigiane Italiane\",\"potentialAction\":[{\"@type\":\"SearchAction\",\"target\":{\"@type\":\"EntryPoint\",\"urlTemplate\":\"https:\\\/\\\/claai.info\\\/cms\\\/?s={search_term_string}\"},\"query-input\":{\"@type\":\"PropertyValueSpecification\",\"valueRequired\":true,\"valueName\":\"search_term_string\"}}],\"inLanguage\":\"it-IT\"},{\"@type\":\"Person\",\"@id\":\"https:\\\/\\\/claai.info\\\/cms\\\/#\\\/schema\\\/person\\\/d634d034d50532073c4c85c3eb23b46e\",\"name\":\"Roldano Radaelli\",\"image\":{\"@type\":\"ImageObject\",\"inLanguage\":\"it-IT\",\"@id\":\"https:\\\/\\\/secure.gravatar.com\\\/avatar\\\/97809b9ddd3df37c1ba1778903f83cd304e9ead5255b24490d0157d2cf5c0bac?s=96&d=mm&r=g\",\"url\":\"https:\\\/\\\/secure.gravatar.com\\\/avatar\\\/97809b9ddd3df37c1ba1778903f83cd304e9ead5255b24490d0157d2cf5c0bac?s=96&d=mm&r=g\",\"contentUrl\":\"https:\\\/\\\/secure.gravatar.com\\\/avatar\\\/97809b9ddd3df37c1ba1778903f83cd304e9ead5255b24490d0157d2cf5c0bac?s=96&d=mm&r=g\",\"caption\":\"Roldano Radaelli\"},\"sameAs\":[\"https:\\\/\\\/claai.info\\\/\"],\"url\":\"https:\\\/\\\/claai.info\\\/cms\\\/author\\\/rradaelli\\\/\"}]}<\/script>\n<!-- \/ Yoast SEO plugin. -->","yoast_head_json":{"title":"AUTOTRASPORTO. ANCHE CLAAI FIRMA IL PROTOCOLLO D'INTESA COL MIMS PER LE PROPOSTE PREVISTE NEL DL ENERGIA. STOP ALLE AGITAZIONI - claai.info","robots":{"index":"index","follow":"follow","max-snippet":"max-snippet:-1","max-image-preview":"max-image-preview:large","max-video-preview":"max-video-preview:-1"},"canonical":"https:\/\/claai.info\/cms\/autotrasporto-anche-claai-firma-il-protocollo-dintesa-col-mims-per-le-proposte-previste-nel-dl-energia-stop-alle-agitazioni\/","og_locale":"it_IT","og_type":"article","og_title":"AUTOTRASPORTO. ANCHE CLAAI FIRMA IL PROTOCOLLO D'INTESA COL MIMS PER LE PROPOSTE PREVISTE NEL DL ENERGIA. STOP ALLE AGITAZIONI - claai.info","og_description":"Firmato al Mims il Protocollo d\u2019Intesa con le Associazioni di categoria sulla base delle norme proposte per il settore nel Decreto Energia in Consiglio dei Ministri. \ufffdImpegno della categoria a evitare e revocare il fermo nazionale dei servizi di autotrasporto. Un pacchetto economico per garantire ulteriore respiro all\u2019autotrasporto dopo gli 80 milioni gi\u00e0 previsti nel [&hellip;]","og_url":"https:\/\/claai.info\/cms\/autotrasporto-anche-claai-firma-il-protocollo-dintesa-col-mims-per-le-proposte-previste-nel-dl-energia-stop-alle-agitazioni\/","og_site_name":"claai.info","article_published_time":"2022-03-18T07:15:27+00:00","article_modified_time":"2022-03-18T07:17:13+00:00","author":"Roldano Radaelli","twitter_misc":{"Scritto da":"Roldano Radaelli","Tempo di lettura stimato":"3 minuti"},"schema":{"@context":"https:\/\/schema.org","@graph":[{"@type":"Article","@id":"https:\/\/claai.info\/cms\/autotrasporto-anche-claai-firma-il-protocollo-dintesa-col-mims-per-le-proposte-previste-nel-dl-energia-stop-alle-agitazioni\/#article","isPartOf":{"@id":"https:\/\/claai.info\/cms\/autotrasporto-anche-claai-firma-il-protocollo-dintesa-col-mims-per-le-proposte-previste-nel-dl-energia-stop-alle-agitazioni\/"},"author":{"name":"Roldano Radaelli","@id":"https:\/\/claai.info\/cms\/#\/schema\/person\/d634d034d50532073c4c85c3eb23b46e"},"headline":"AUTOTRASPORTO. ANCHE CLAAI FIRMA IL PROTOCOLLO D&#8217;INTESA COL MIMS PER LE PROPOSTE PREVISTE NEL DL ENERGIA. STOP ALLE AGITAZIONI","datePublished":"2022-03-18T07:15:27+00:00","dateModified":"2022-03-18T07:17:13+00:00","mainEntityOfPage":{"@id":"https:\/\/claai.info\/cms\/autotrasporto-anche-claai-firma-il-protocollo-dintesa-col-mims-per-le-proposte-previste-nel-dl-energia-stop-alle-agitazioni\/"},"wordCount":558,"articleSection":["Autotrasportatori","Comunicati Stampa","Primo Piano"],"inLanguage":"it-IT"},{"@type":"WebPage","@id":"https:\/\/claai.info\/cms\/autotrasporto-anche-claai-firma-il-protocollo-dintesa-col-mims-per-le-proposte-previste-nel-dl-energia-stop-alle-agitazioni\/","url":"https:\/\/claai.info\/cms\/autotrasporto-anche-claai-firma-il-protocollo-dintesa-col-mims-per-le-proposte-previste-nel-dl-energia-stop-alle-agitazioni\/","name":"AUTOTRASPORTO. ANCHE CLAAI FIRMA IL PROTOCOLLO D'INTESA COL MIMS PER LE PROPOSTE PREVISTE NEL DL ENERGIA. STOP ALLE AGITAZIONI - claai.info","isPartOf":{"@id":"https:\/\/claai.info\/cms\/#website"},"datePublished":"2022-03-18T07:15:27+00:00","dateModified":"2022-03-18T07:17:13+00:00","author":{"@id":"https:\/\/claai.info\/cms\/#\/schema\/person\/d634d034d50532073c4c85c3eb23b46e"},"inLanguage":"it-IT","potentialAction":[{"@type":"ReadAction","target":["https:\/\/claai.info\/cms\/autotrasporto-anche-claai-firma-il-protocollo-dintesa-col-mims-per-le-proposte-previste-nel-dl-energia-stop-alle-agitazioni\/"]}]},{"@type":"WebSite","@id":"https:\/\/claai.info\/cms\/#website","url":"https:\/\/claai.info\/cms\/","name":"claai.info","description":"Confederazione delle Libere Associazioni Artigiane Italiane","potentialAction":[{"@type":"SearchAction","target":{"@type":"EntryPoint","urlTemplate":"https:\/\/claai.info\/cms\/?s={search_term_string}"},"query-input":{"@type":"PropertyValueSpecification","valueRequired":true,"valueName":"search_term_string"}}],"inLanguage":"it-IT"},{"@type":"Person","@id":"https:\/\/claai.info\/cms\/#\/schema\/person\/d634d034d50532073c4c85c3eb23b46e","name":"Roldano Radaelli","image":{"@type":"ImageObject","inLanguage":"it-IT","@id":"https:\/\/secure.gravatar.com\/avatar\/97809b9ddd3df37c1ba1778903f83cd304e9ead5255b24490d0157d2cf5c0bac?s=96&d=mm&r=g","url":"https:\/\/secure.gravatar.com\/avatar\/97809b9ddd3df37c1ba1778903f83cd304e9ead5255b24490d0157d2cf5c0bac?s=96&d=mm&r=g","contentUrl":"https:\/\/secure.gravatar.com\/avatar\/97809b9ddd3df37c1ba1778903f83cd304e9ead5255b24490d0157d2cf5c0bac?s=96&d=mm&r=g","caption":"Roldano Radaelli"},"sameAs":["https:\/\/claai.info\/"],"url":"https:\/\/claai.info\/cms\/author\/rradaelli\/"}]}},"_links":{"self":[{"href":"https:\/\/claai.info\/cms\/wp-json\/wp\/v2\/posts\/2384","targetHints":{"allow":["GET"]}}],"collection":[{"href":"https:\/\/claai.info\/cms\/wp-json\/wp\/v2\/posts"}],"about":[{"href":"https:\/\/claai.info\/cms\/wp-json\/wp\/v2\/types\/post"}],"author":[{"embeddable":true,"href":"https:\/\/claai.info\/cms\/wp-json\/wp\/v2\/users\/5"}],"replies":[{"embeddable":true,"href":"https:\/\/claai.info\/cms\/wp-json\/wp\/v2\/comments?post=2384"}],"version-history":[{"count":1,"href":"https:\/\/claai.info\/cms\/wp-json\/wp\/v2\/posts\/2384\/revisions"}],"predecessor-version":[{"id":2385,"href":"https:\/\/claai.info\/cms\/wp-json\/wp\/v2\/posts\/2384\/revisions\/2385"}],"wp:attachment":[{"href":"https:\/\/claai.info\/cms\/wp-json\/wp\/v2\/media?parent=2384"}],"wp:term":[{"taxonomy":"category","embeddable":true,"href":"https:\/\/claai.info\/cms\/wp-json\/wp\/v2\/categories?post=2384"},{"taxonomy":"post_tag","embeddable":true,"href":"https:\/\/claai.info\/cms\/wp-json\/wp\/v2\/tags?post=2384"}],"curies":[{"name":"wp","href":"https:\/\/api.w.org\/{rel}","templated":true}]}}