{"id":2390,"date":"2022-03-24T14:51:47","date_gmt":"2022-03-24T13:51:47","guid":{"rendered":"https:\/\/claai.info\/cms\/?p=2390"},"modified":"2022-03-24T14:55:14","modified_gmt":"2022-03-24T13:55:14","slug":"prima-intesa-su-550-mln-e-del-fondo-autotrasporto-priorita-ai-contoterzisti-con-veicoli-euro-5-ed-euro-6","status":"publish","type":"post","link":"https:\/\/claai.info\/cms\/prima-intesa-su-550-mln-e-del-fondo-autotrasporto-priorita-ai-contoterzisti-con-veicoli-euro-5-ed-euro-6\/","title":{"rendered":"PRIMA INTESA SU 550 MLN \u20ac DEL FONDO AUTOTRASPORTO: PRIORIT\u00c0 AI CONTOTERZISTI CON VEICOLI EURO 5 ED EURO 6"},"content":{"rendered":"<p>\u00c8 terminato l&#8217;incontro del Tavolo Autotrasporto convocato in modo urgente dalla Viceministra MITE Teresa Bellanova per discutere i criteri e le modalit\u00e0 di erogazione del fondo di 500 milioni di euro per compensare i maggiori costi dovuti agli aumenti eccezionali dei carburanti. Le Associazioni all&#8217;unanimit\u00e0 hanno chiesto alla Viceministra che le risorse previste oggetto di un decreto interministeriale da condividere con il Mef ed emanare entro 30 giorni, siano impiegate nella maniera pi\u00f9 efficace possibile per calmierare gli esorbitanti costi subiti affinch\u00e9 arrivino tempestivamente alle imprese di autotrasporto. D&#8217;intesa con la Viceministra si \u00e8 definito il metodo d&#8217;azione con cui lavorare e il bacino di beneficiari. Sul punto si \u00e8 convenuto che beneficiari saranno coloro i quali hanno diritto al rimborso accise trimestrale per i quali la riduzione di 25 cent alla pompa sta avendo un effetto quasi nullo.<br \/>\nSi tratta delle imprese autotrasporto merci conto terzi con veicoli euro 5 ed euro 6 oltre le 7,5 tonnellate che altrimenti rimarrebbero penalizzate.<\/p>\n<p>Nella foto, CLAAI al tavolo dei lavori.<\/p>\n<p><a href=\"https:\/\/claai.info\/cms\/wp-content\/uploads\/2022\/03\/CLAAI-TRASPORTI.jpeg\"><img loading=\"lazy\" decoding=\"async\" class=\"alignnone size-medium wp-image-2392\" src=\"https:\/\/claai.info\/cms\/wp-content\/uploads\/2022\/03\/CLAAI-TRASPORTI-225x300.jpeg\" alt=\"\" width=\"225\" height=\"300\" \/><\/a><\/p>\n","protected":false},"excerpt":{"rendered":"<p>\u00c8 terminato l&#8217;incontro del Tavolo Autotrasporto convocato in modo urgente dalla Viceministra MITE Teresa Bellanova per discutere i criteri e le modalit\u00e0 di erogazione del fondo di 500 milioni di euro per compensare i maggiori costi dovuti agli aumenti eccezionali dei carburanti. Le Associazioni all&#8217;unanimit\u00e0 hanno chiesto alla Viceministra che le risorse previste oggetto di [&hellip;]<\/p>\n","protected":false},"author":5,"featured_media":0,"comment_status":"closed","ping_status":"closed","sticky":false,"template":"","format":"standard","meta":{"_et_pb_use_builder":"","_et_pb_old_content":"","_et_gb_content_width":"","footnotes":""},"categories":[16,18,8,10,7,1],"tags":[],"class_list":["post-2390","post","type-post","status-publish","format-standard","hentry","category-autoriparatori","category-autotrasportatori","category-comunicati-stampa","category-iniziative","category-primo-piano","category-senza-categoria"],"yoast_head":"<!-- This site is optimized with the Yoast SEO plugin v27.4 - https:\/\/yoast.com\/product\/yoast-seo-wordpress\/ -->\n<title>PRIMA INTESA SU 550 MLN \u20ac DEL FONDO AUTOTRASPORTO: PRIORIT\u00c0 AI CONTOTERZISTI CON VEICOLI EURO 5 ED EURO 6 - claai.info<\/title>\n<meta name=\"robots\" content=\"index, follow, max-snippet:-1, max-image-preview:large, max-video-preview:-1\" \/>\n<link rel=\"canonical\" href=\"https:\/\/claai.info\/cms\/prima-intesa-su-550-mln-e-del-fondo-autotrasporto-priorita-ai-contoterzisti-con-veicoli-euro-5-ed-euro-6\/\" \/>\n<meta property=\"og:locale\" content=\"it_IT\" \/>\n<meta property=\"og:type\" content=\"article\" \/>\n<meta property=\"og:title\" content=\"PRIMA INTESA SU 550 MLN \u20ac DEL FONDO AUTOTRASPORTO: PRIORIT\u00c0 AI CONTOTERZISTI CON VEICOLI EURO 5 ED EURO 6 - claai.info\" \/>\n<meta property=\"og:description\" content=\"\u00c8 terminato l&#8217;incontro del Tavolo Autotrasporto convocato in modo urgente dalla Viceministra MITE Teresa Bellanova per discutere i criteri e le modalit\u00e0 di erogazione del fondo di 500 milioni di euro per compensare i maggiori costi dovuti agli aumenti eccezionali dei carburanti. Le Associazioni all&#8217;unanimit\u00e0 hanno chiesto alla Viceministra che le risorse previste oggetto di [&hellip;]\" \/>\n<meta property=\"og:url\" content=\"https:\/\/claai.info\/cms\/prima-intesa-su-550-mln-e-del-fondo-autotrasporto-priorita-ai-contoterzisti-con-veicoli-euro-5-ed-euro-6\/\" \/>\n<meta property=\"og:site_name\" content=\"claai.info\" \/>\n<meta property=\"article:published_time\" content=\"2022-03-24T13:51:47+00:00\" \/>\n<meta property=\"article:modified_time\" content=\"2022-03-24T13:55:14+00:00\" \/>\n<meta property=\"og:image\" content=\"https:\/\/claai.info\/cms\/wp-content\/uploads\/2022\/03\/CLAAI-TRASPORTI-225x300.jpeg\" \/>\n<meta name=\"author\" content=\"Roldano Radaelli\" \/>\n<meta name=\"twitter:label1\" content=\"Scritto da\" \/>\n\t<meta name=\"twitter:data1\" content=\"Roldano Radaelli\" \/>\n\t<meta name=\"twitter:label2\" content=\"Tempo di lettura stimato\" \/>\n\t<meta name=\"twitter:data2\" content=\"2 minuti\" \/>\n<script type=\"application\/ld+json\" class=\"yoast-schema-graph\">{\"@context\":\"https:\\\/\\\/schema.org\",\"@graph\":[{\"@type\":\"Article\",\"@id\":\"https:\\\/\\\/claai.info\\\/cms\\\/prima-intesa-su-550-mln-e-del-fondo-autotrasporto-priorita-ai-contoterzisti-con-veicoli-euro-5-ed-euro-6\\\/#article\",\"isPartOf\":{\"@id\":\"https:\\\/\\\/claai.info\\\/cms\\\/prima-intesa-su-550-mln-e-del-fondo-autotrasporto-priorita-ai-contoterzisti-con-veicoli-euro-5-ed-euro-6\\\/\"},\"author\":{\"name\":\"Roldano Radaelli\",\"@id\":\"https:\\\/\\\/claai.info\\\/cms\\\/#\\\/schema\\\/person\\\/d634d034d50532073c4c85c3eb23b46e\"},\"headline\":\"PRIMA INTESA SU 550 MLN \u20ac DEL FONDO AUTOTRASPORTO: PRIORIT\u00c0 AI CONTOTERZISTI CON VEICOLI EURO 5 ED EURO 6\",\"datePublished\":\"2022-03-24T13:51:47+00:00\",\"dateModified\":\"2022-03-24T13:55:14+00:00\",\"mainEntityOfPage\":{\"@id\":\"https:\\\/\\\/claai.info\\\/cms\\\/prima-intesa-su-550-mln-e-del-fondo-autotrasporto-priorita-ai-contoterzisti-con-veicoli-euro-5-ed-euro-6\\\/\"},\"wordCount\":179,\"image\":{\"@id\":\"https:\\\/\\\/claai.info\\\/cms\\\/prima-intesa-su-550-mln-e-del-fondo-autotrasporto-priorita-ai-contoterzisti-con-veicoli-euro-5-ed-euro-6\\\/#primaryimage\"},\"thumbnailUrl\":\"https:\\\/\\\/claai.info\\\/cms\\\/wp-content\\\/uploads\\\/2022\\\/03\\\/CLAAI-TRASPORTI-225x300.jpeg\",\"articleSection\":[\"Autoriparatori\",\"Autotrasportatori\",\"Comunicati Stampa\",\"Iniziative\",\"Primo Piano\"],\"inLanguage\":\"it-IT\"},{\"@type\":\"WebPage\",\"@id\":\"https:\\\/\\\/claai.info\\\/cms\\\/prima-intesa-su-550-mln-e-del-fondo-autotrasporto-priorita-ai-contoterzisti-con-veicoli-euro-5-ed-euro-6\\\/\",\"url\":\"https:\\\/\\\/claai.info\\\/cms\\\/prima-intesa-su-550-mln-e-del-fondo-autotrasporto-priorita-ai-contoterzisti-con-veicoli-euro-5-ed-euro-6\\\/\",\"name\":\"PRIMA INTESA SU 550 MLN \u20ac DEL FONDO AUTOTRASPORTO: PRIORIT\u00c0 AI CONTOTERZISTI CON VEICOLI EURO 5 ED EURO 6 - claai.info\",\"isPartOf\":{\"@id\":\"https:\\\/\\\/claai.info\\\/cms\\\/#website\"},\"primaryImageOfPage\":{\"@id\":\"https:\\\/\\\/claai.info\\\/cms\\\/prima-intesa-su-550-mln-e-del-fondo-autotrasporto-priorita-ai-contoterzisti-con-veicoli-euro-5-ed-euro-6\\\/#primaryimage\"},\"image\":{\"@id\":\"https:\\\/\\\/claai.info\\\/cms\\\/prima-intesa-su-550-mln-e-del-fondo-autotrasporto-priorita-ai-contoterzisti-con-veicoli-euro-5-ed-euro-6\\\/#primaryimage\"},\"thumbnailUrl\":\"https:\\\/\\\/claai.info\\\/cms\\\/wp-content\\\/uploads\\\/2022\\\/03\\\/CLAAI-TRASPORTI-225x300.jpeg\",\"datePublished\":\"2022-03-24T13:51:47+00:00\",\"dateModified\":\"2022-03-24T13:55:14+00:00\",\"author\":{\"@id\":\"https:\\\/\\\/claai.info\\\/cms\\\/#\\\/schema\\\/person\\\/d634d034d50532073c4c85c3eb23b46e\"},\"inLanguage\":\"it-IT\",\"potentialAction\":[{\"@type\":\"ReadAction\",\"target\":[\"https:\\\/\\\/claai.info\\\/cms\\\/prima-intesa-su-550-mln-e-del-fondo-autotrasporto-priorita-ai-contoterzisti-con-veicoli-euro-5-ed-euro-6\\\/\"]}]},{\"@type\":\"ImageObject\",\"inLanguage\":\"it-IT\",\"@id\":\"https:\\\/\\\/claai.info\\\/cms\\\/prima-intesa-su-550-mln-e-del-fondo-autotrasporto-priorita-ai-contoterzisti-con-veicoli-euro-5-ed-euro-6\\\/#primaryimage\",\"url\":\"https:\\\/\\\/claai.info\\\/cms\\\/wp-content\\\/uploads\\\/2022\\\/03\\\/CLAAI-TRASPORTI.jpeg\",\"contentUrl\":\"https:\\\/\\\/claai.info\\\/cms\\\/wp-content\\\/uploads\\\/2022\\\/03\\\/CLAAI-TRASPORTI.jpeg\",\"width\":1200,\"height\":1600},{\"@type\":\"WebSite\",\"@id\":\"https:\\\/\\\/claai.info\\\/cms\\\/#website\",\"url\":\"https:\\\/\\\/claai.info\\\/cms\\\/\",\"name\":\"claai.info\",\"description\":\"Confederazione delle Libere Associazioni Artigiane Italiane\",\"potentialAction\":[{\"@type\":\"SearchAction\",\"target\":{\"@type\":\"EntryPoint\",\"urlTemplate\":\"https:\\\/\\\/claai.info\\\/cms\\\/?s={search_term_string}\"},\"query-input\":{\"@type\":\"PropertyValueSpecification\",\"valueRequired\":true,\"valueName\":\"search_term_string\"}}],\"inLanguage\":\"it-IT\"},{\"@type\":\"Person\",\"@id\":\"https:\\\/\\\/claai.info\\\/cms\\\/#\\\/schema\\\/person\\\/d634d034d50532073c4c85c3eb23b46e\",\"name\":\"Roldano Radaelli\",\"image\":{\"@type\":\"ImageObject\",\"inLanguage\":\"it-IT\",\"@id\":\"https:\\\/\\\/secure.gravatar.com\\\/avatar\\\/97809b9ddd3df37c1ba1778903f83cd304e9ead5255b24490d0157d2cf5c0bac?s=96&d=mm&r=g\",\"url\":\"https:\\\/\\\/secure.gravatar.com\\\/avatar\\\/97809b9ddd3df37c1ba1778903f83cd304e9ead5255b24490d0157d2cf5c0bac?s=96&d=mm&r=g\",\"contentUrl\":\"https:\\\/\\\/secure.gravatar.com\\\/avatar\\\/97809b9ddd3df37c1ba1778903f83cd304e9ead5255b24490d0157d2cf5c0bac?s=96&d=mm&r=g\",\"caption\":\"Roldano Radaelli\"},\"sameAs\":[\"https:\\\/\\\/claai.info\\\/\"],\"url\":\"https:\\\/\\\/claai.info\\\/cms\\\/author\\\/rradaelli\\\/\"}]}<\/script>\n<!-- \/ Yoast SEO plugin. -->","yoast_head_json":{"title":"PRIMA INTESA SU 550 MLN \u20ac DEL FONDO AUTOTRASPORTO: PRIORIT\u00c0 AI CONTOTERZISTI CON VEICOLI EURO 5 ED EURO 6 - claai.info","robots":{"index":"index","follow":"follow","max-snippet":"max-snippet:-1","max-image-preview":"max-image-preview:large","max-video-preview":"max-video-preview:-1"},"canonical":"https:\/\/claai.info\/cms\/prima-intesa-su-550-mln-e-del-fondo-autotrasporto-priorita-ai-contoterzisti-con-veicoli-euro-5-ed-euro-6\/","og_locale":"it_IT","og_type":"article","og_title":"PRIMA INTESA SU 550 MLN \u20ac DEL FONDO AUTOTRASPORTO: PRIORIT\u00c0 AI CONTOTERZISTI CON VEICOLI EURO 5 ED EURO 6 - claai.info","og_description":"\u00c8 terminato l&#8217;incontro del Tavolo Autotrasporto convocato in modo urgente dalla Viceministra MITE Teresa Bellanova per discutere i criteri e le modalit\u00e0 di erogazione del fondo di 500 milioni di euro per compensare i maggiori costi dovuti agli aumenti eccezionali dei carburanti. Le Associazioni all&#8217;unanimit\u00e0 hanno chiesto alla Viceministra che le risorse previste oggetto di [&hellip;]","og_url":"https:\/\/claai.info\/cms\/prima-intesa-su-550-mln-e-del-fondo-autotrasporto-priorita-ai-contoterzisti-con-veicoli-euro-5-ed-euro-6\/","og_site_name":"claai.info","article_published_time":"2022-03-24T13:51:47+00:00","article_modified_time":"2022-03-24T13:55:14+00:00","og_image":[{"url":"https:\/\/claai.info\/cms\/wp-content\/uploads\/2022\/03\/CLAAI-TRASPORTI-225x300.jpeg","type":"","width":"","height":""}],"author":"Roldano Radaelli","twitter_misc":{"Scritto da":"Roldano Radaelli","Tempo di lettura stimato":"2 minuti"},"schema":{"@context":"https:\/\/schema.org","@graph":[{"@type":"Article","@id":"https:\/\/claai.info\/cms\/prima-intesa-su-550-mln-e-del-fondo-autotrasporto-priorita-ai-contoterzisti-con-veicoli-euro-5-ed-euro-6\/#article","isPartOf":{"@id":"https:\/\/claai.info\/cms\/prima-intesa-su-550-mln-e-del-fondo-autotrasporto-priorita-ai-contoterzisti-con-veicoli-euro-5-ed-euro-6\/"},"author":{"name":"Roldano Radaelli","@id":"https:\/\/claai.info\/cms\/#\/schema\/person\/d634d034d50532073c4c85c3eb23b46e"},"headline":"PRIMA INTESA SU 550 MLN \u20ac DEL FONDO AUTOTRASPORTO: PRIORIT\u00c0 AI CONTOTERZISTI CON VEICOLI EURO 5 ED EURO 6","datePublished":"2022-03-24T13:51:47+00:00","dateModified":"2022-03-24T13:55:14+00:00","mainEntityOfPage":{"@id":"https:\/\/claai.info\/cms\/prima-intesa-su-550-mln-e-del-fondo-autotrasporto-priorita-ai-contoterzisti-con-veicoli-euro-5-ed-euro-6\/"},"wordCount":179,"image":{"@id":"https:\/\/claai.info\/cms\/prima-intesa-su-550-mln-e-del-fondo-autotrasporto-priorita-ai-contoterzisti-con-veicoli-euro-5-ed-euro-6\/#primaryimage"},"thumbnailUrl":"https:\/\/claai.info\/cms\/wp-content\/uploads\/2022\/03\/CLAAI-TRASPORTI-225x300.jpeg","articleSection":["Autoriparatori","Autotrasportatori","Comunicati Stampa","Iniziative","Primo Piano"],"inLanguage":"it-IT"},{"@type":"WebPage","@id":"https:\/\/claai.info\/cms\/prima-intesa-su-550-mln-e-del-fondo-autotrasporto-priorita-ai-contoterzisti-con-veicoli-euro-5-ed-euro-6\/","url":"https:\/\/claai.info\/cms\/prima-intesa-su-550-mln-e-del-fondo-autotrasporto-priorita-ai-contoterzisti-con-veicoli-euro-5-ed-euro-6\/","name":"PRIMA INTESA SU 550 MLN \u20ac DEL FONDO AUTOTRASPORTO: PRIORIT\u00c0 AI CONTOTERZISTI CON VEICOLI EURO 5 ED EURO 6 - claai.info","isPartOf":{"@id":"https:\/\/claai.info\/cms\/#website"},"primaryImageOfPage":{"@id":"https:\/\/claai.info\/cms\/prima-intesa-su-550-mln-e-del-fondo-autotrasporto-priorita-ai-contoterzisti-con-veicoli-euro-5-ed-euro-6\/#primaryimage"},"image":{"@id":"https:\/\/claai.info\/cms\/prima-intesa-su-550-mln-e-del-fondo-autotrasporto-priorita-ai-contoterzisti-con-veicoli-euro-5-ed-euro-6\/#primaryimage"},"thumbnailUrl":"https:\/\/claai.info\/cms\/wp-content\/uploads\/2022\/03\/CLAAI-TRASPORTI-225x300.jpeg","datePublished":"2022-03-24T13:51:47+00:00","dateModified":"2022-03-24T13:55:14+00:00","author":{"@id":"https:\/\/claai.info\/cms\/#\/schema\/person\/d634d034d50532073c4c85c3eb23b46e"},"inLanguage":"it-IT","potentialAction":[{"@type":"ReadAction","target":["https:\/\/claai.info\/cms\/prima-intesa-su-550-mln-e-del-fondo-autotrasporto-priorita-ai-contoterzisti-con-veicoli-euro-5-ed-euro-6\/"]}]},{"@type":"ImageObject","inLanguage":"it-IT","@id":"https:\/\/claai.info\/cms\/prima-intesa-su-550-mln-e-del-fondo-autotrasporto-priorita-ai-contoterzisti-con-veicoli-euro-5-ed-euro-6\/#primaryimage","url":"https:\/\/claai.info\/cms\/wp-content\/uploads\/2022\/03\/CLAAI-TRASPORTI.jpeg","contentUrl":"https:\/\/claai.info\/cms\/wp-content\/uploads\/2022\/03\/CLAAI-TRASPORTI.jpeg","width":1200,"height":1600},{"@type":"WebSite","@id":"https:\/\/claai.info\/cms\/#website","url":"https:\/\/claai.info\/cms\/","name":"claai.info","description":"Confederazione delle Libere Associazioni Artigiane Italiane","potentialAction":[{"@type":"SearchAction","target":{"@type":"EntryPoint","urlTemplate":"https:\/\/claai.info\/cms\/?s={search_term_string}"},"query-input":{"@type":"PropertyValueSpecification","valueRequired":true,"valueName":"search_term_string"}}],"inLanguage":"it-IT"},{"@type":"Person","@id":"https:\/\/claai.info\/cms\/#\/schema\/person\/d634d034d50532073c4c85c3eb23b46e","name":"Roldano Radaelli","image":{"@type":"ImageObject","inLanguage":"it-IT","@id":"https:\/\/secure.gravatar.com\/avatar\/97809b9ddd3df37c1ba1778903f83cd304e9ead5255b24490d0157d2cf5c0bac?s=96&d=mm&r=g","url":"https:\/\/secure.gravatar.com\/avatar\/97809b9ddd3df37c1ba1778903f83cd304e9ead5255b24490d0157d2cf5c0bac?s=96&d=mm&r=g","contentUrl":"https:\/\/secure.gravatar.com\/avatar\/97809b9ddd3df37c1ba1778903f83cd304e9ead5255b24490d0157d2cf5c0bac?s=96&d=mm&r=g","caption":"Roldano Radaelli"},"sameAs":["https:\/\/claai.info\/"],"url":"https:\/\/claai.info\/cms\/author\/rradaelli\/"}]}},"_links":{"self":[{"href":"https:\/\/claai.info\/cms\/wp-json\/wp\/v2\/posts\/2390","targetHints":{"allow":["GET"]}}],"collection":[{"href":"https:\/\/claai.info\/cms\/wp-json\/wp\/v2\/posts"}],"about":[{"href":"https:\/\/claai.info\/cms\/wp-json\/wp\/v2\/types\/post"}],"author":[{"embeddable":true,"href":"https:\/\/claai.info\/cms\/wp-json\/wp\/v2\/users\/5"}],"replies":[{"embeddable":true,"href":"https:\/\/claai.info\/cms\/wp-json\/wp\/v2\/comments?post=2390"}],"version-history":[{"count":2,"href":"https:\/\/claai.info\/cms\/wp-json\/wp\/v2\/posts\/2390\/revisions"}],"predecessor-version":[{"id":2395,"href":"https:\/\/claai.info\/cms\/wp-json\/wp\/v2\/posts\/2390\/revisions\/2395"}],"wp:attachment":[{"href":"https:\/\/claai.info\/cms\/wp-json\/wp\/v2\/media?parent=2390"}],"wp:term":[{"taxonomy":"category","embeddable":true,"href":"https:\/\/claai.info\/cms\/wp-json\/wp\/v2\/categories?post=2390"},{"taxonomy":"post_tag","embeddable":true,"href":"https:\/\/claai.info\/cms\/wp-json\/wp\/v2\/tags?post=2390"}],"curies":[{"name":"wp","href":"https:\/\/api.w.org\/{rel}","templated":true}]}}