{"id":2617,"date":"2023-10-09T21:31:47","date_gmt":"2023-10-09T19:31:47","guid":{"rendered":"https:\/\/claai.info\/cms\/?p=2617"},"modified":"2023-10-09T21:32:44","modified_gmt":"2023-10-09T19:32:44","slug":"taxi-ecco-perche-non-aderiamo-allo-sciopero-di-martedi-10-ottobre","status":"publish","type":"post","link":"https:\/\/claai.info\/cms\/taxi-ecco-perche-non-aderiamo-allo-sciopero-di-martedi-10-ottobre\/","title":{"rendered":"TAXI, ECCO PERCH\u00c8 NON ADERIAMO ALLO SCIOPERO DI MARTED\u00cd 10 OTTOBRE"},"content":{"rendered":"<p>In data 4 ottobre 2023 si \u00e8 tenuto un incontro con le associazioni nazionali di rappresentanza del settore taxi per valutare l&#8217;impatto dell&#8217;articolo 3 del cosiddetto &#8220;Decreto Asset&#8221; ed assumere una posizione politico-sindacale di tipo unitaria.<br \/>\nLe Associazioni scriventi sono ad esprimere una valutazione negativa su un provvedimento scritto forse sull&#8217;impulso emotivo dettato da un&#8217;attacco mediatico senza precedenti, interrompendo un inizio di confronto che avrebbe dovuto portare al completamento della Legge 02\/19 con l&#8217;emanazione dei Decreti Attuativi e il DPCM per la regolamentazione delle piattaforme tecnologiche.<\/p>\n<p>Pensiamo che il &#8220;Decreto Asset&#8221; necessiti di una rimeditazione, per evitare distorsioni nel Servizio Pubblico non di Linea.<br \/>\nSu questo punto ci siamo fatti portavoce di diverse richieste di intervento, con diversi emendamenti presentati e purtroppo non approvati.<\/p>\n<p>Il testo di legge appena convertito non risolve in maniera incontrovertibile nessun problema cos\u00ec, pur apprezzando l&#8217;idea di &#8220;sburocratizzare&#8221;, riteniamo troppo rischioso il DL per le motivazioni che gi\u00e0 tutti conoscete per i quali, in vista anche dell&#8217;adozione degli agognati decreti attuativi su REN, piattaforme tecnologiche di intermediazione e foglio di servizio, abbiamo chiesto l&#8217;urgente convocazione di un tavolo con i Ministri competenti, allo scopo di porre rimedio a quanto segnalato e poter affrontare i prossimi interventi tentando di concertare i contenuti, motivo per cui NON SAREMO A PARTECIPARE ALLO SCIOPERO DI DOMANI.<\/p>\n<p><strong>ACAI, CLAAI Unione Artigiani, SATAM, TAM<\/strong><\/p>\n","protected":false},"excerpt":{"rendered":"<p>In data 4 ottobre 2023 si \u00e8 tenuto un incontro con le associazioni nazionali di rappresentanza del settore taxi per valutare l&#8217;impatto dell&#8217;articolo 3 del cosiddetto &#8220;Decreto Asset&#8221; ed assumere una posizione politico-sindacale di tipo unitaria. Le Associazioni scriventi sono ad esprimere una valutazione negativa su un provvedimento scritto forse sull&#8217;impulso emotivo dettato da un&#8217;attacco [&hellip;]<\/p>\n","protected":false},"author":5,"featured_media":0,"comment_status":"closed","ping_status":"closed","sticky":false,"template":"","format":"standard","meta":{"_et_pb_use_builder":"","_et_pb_old_content":"","_et_gb_content_width":"","footnotes":""},"categories":[8,1,12],"tags":[],"class_list":["post-2617","post","type-post","status-publish","format-standard","hentry","category-comunicati-stampa","category-senza-categoria","category-sindacale"],"yoast_head":"<!-- This site is optimized with the Yoast SEO plugin v27.5 - https:\/\/yoast.com\/product\/yoast-seo-wordpress\/ -->\n<title>TAXI, ECCO PERCH\u00c8 NON ADERIAMO ALLO SCIOPERO DI MARTED\u00cd 10 OTTOBRE - claai.info<\/title>\n<meta name=\"robots\" content=\"index, follow, max-snippet:-1, max-image-preview:large, max-video-preview:-1\" \/>\n<link rel=\"canonical\" href=\"https:\/\/claai.info\/cms\/taxi-ecco-perche-non-aderiamo-allo-sciopero-di-martedi-10-ottobre\/\" \/>\n<meta property=\"og:locale\" content=\"it_IT\" \/>\n<meta property=\"og:type\" content=\"article\" \/>\n<meta property=\"og:title\" content=\"TAXI, ECCO PERCH\u00c8 NON ADERIAMO ALLO SCIOPERO DI MARTED\u00cd 10 OTTOBRE - claai.info\" \/>\n<meta property=\"og:description\" content=\"In data 4 ottobre 2023 si \u00e8 tenuto un incontro con le associazioni nazionali di rappresentanza del settore taxi per valutare l&#8217;impatto dell&#8217;articolo 3 del cosiddetto &#8220;Decreto Asset&#8221; ed assumere una posizione politico-sindacale di tipo unitaria. Le Associazioni scriventi sono ad esprimere una valutazione negativa su un provvedimento scritto forse sull&#8217;impulso emotivo dettato da un&#8217;attacco [&hellip;]\" \/>\n<meta property=\"og:url\" content=\"https:\/\/claai.info\/cms\/taxi-ecco-perche-non-aderiamo-allo-sciopero-di-martedi-10-ottobre\/\" \/>\n<meta property=\"og:site_name\" content=\"claai.info\" \/>\n<meta property=\"article:published_time\" content=\"2023-10-09T19:31:47+00:00\" \/>\n<meta property=\"article:modified_time\" content=\"2023-10-09T19:32:44+00:00\" \/>\n<meta name=\"author\" content=\"Roldano Radaelli\" \/>\n<meta name=\"twitter:label1\" content=\"Scritto da\" \/>\n\t<meta name=\"twitter:data1\" content=\"Roldano Radaelli\" \/>\n\t<meta name=\"twitter:label2\" content=\"Tempo di lettura stimato\" \/>\n\t<meta name=\"twitter:data2\" content=\"2 minuti\" \/>\n<script type=\"application\/ld+json\" class=\"yoast-schema-graph\">{\"@context\":\"https:\\\/\\\/schema.org\",\"@graph\":[{\"@type\":\"Article\",\"@id\":\"https:\\\/\\\/claai.info\\\/cms\\\/taxi-ecco-perche-non-aderiamo-allo-sciopero-di-martedi-10-ottobre\\\/#article\",\"isPartOf\":{\"@id\":\"https:\\\/\\\/claai.info\\\/cms\\\/taxi-ecco-perche-non-aderiamo-allo-sciopero-di-martedi-10-ottobre\\\/\"},\"author\":{\"name\":\"Roldano Radaelli\",\"@id\":\"https:\\\/\\\/claai.info\\\/cms\\\/#\\\/schema\\\/person\\\/d634d034d50532073c4c85c3eb23b46e\"},\"headline\":\"TAXI, ECCO PERCH\u00c8 NON ADERIAMO ALLO SCIOPERO DI MARTED\u00cd 10 OTTOBRE\",\"datePublished\":\"2023-10-09T19:31:47+00:00\",\"dateModified\":\"2023-10-09T19:32:44+00:00\",\"mainEntityOfPage\":{\"@id\":\"https:\\\/\\\/claai.info\\\/cms\\\/taxi-ecco-perche-non-aderiamo-allo-sciopero-di-martedi-10-ottobre\\\/\"},\"wordCount\":236,\"articleSection\":{\"0\":\"Comunicati Stampa\",\"2\":\"Sindacale\"},\"inLanguage\":\"it-IT\"},{\"@type\":\"WebPage\",\"@id\":\"https:\\\/\\\/claai.info\\\/cms\\\/taxi-ecco-perche-non-aderiamo-allo-sciopero-di-martedi-10-ottobre\\\/\",\"url\":\"https:\\\/\\\/claai.info\\\/cms\\\/taxi-ecco-perche-non-aderiamo-allo-sciopero-di-martedi-10-ottobre\\\/\",\"name\":\"TAXI, ECCO PERCH\u00c8 NON ADERIAMO ALLO SCIOPERO DI MARTED\u00cd 10 OTTOBRE - claai.info\",\"isPartOf\":{\"@id\":\"https:\\\/\\\/claai.info\\\/cms\\\/#website\"},\"datePublished\":\"2023-10-09T19:31:47+00:00\",\"dateModified\":\"2023-10-09T19:32:44+00:00\",\"author\":{\"@id\":\"https:\\\/\\\/claai.info\\\/cms\\\/#\\\/schema\\\/person\\\/d634d034d50532073c4c85c3eb23b46e\"},\"inLanguage\":\"it-IT\",\"potentialAction\":[{\"@type\":\"ReadAction\",\"target\":[\"https:\\\/\\\/claai.info\\\/cms\\\/taxi-ecco-perche-non-aderiamo-allo-sciopero-di-martedi-10-ottobre\\\/\"]}]},{\"@type\":\"WebSite\",\"@id\":\"https:\\\/\\\/claai.info\\\/cms\\\/#website\",\"url\":\"https:\\\/\\\/claai.info\\\/cms\\\/\",\"name\":\"claai.info\",\"description\":\"Confederazione delle Libere Associazioni Artigiane Italiane\",\"potentialAction\":[{\"@type\":\"SearchAction\",\"target\":{\"@type\":\"EntryPoint\",\"urlTemplate\":\"https:\\\/\\\/claai.info\\\/cms\\\/?s={search_term_string}\"},\"query-input\":{\"@type\":\"PropertyValueSpecification\",\"valueRequired\":true,\"valueName\":\"search_term_string\"}}],\"inLanguage\":\"it-IT\"},{\"@type\":\"Person\",\"@id\":\"https:\\\/\\\/claai.info\\\/cms\\\/#\\\/schema\\\/person\\\/d634d034d50532073c4c85c3eb23b46e\",\"name\":\"Roldano Radaelli\",\"image\":{\"@type\":\"ImageObject\",\"inLanguage\":\"it-IT\",\"@id\":\"https:\\\/\\\/secure.gravatar.com\\\/avatar\\\/97809b9ddd3df37c1ba1778903f83cd304e9ead5255b24490d0157d2cf5c0bac?s=96&d=mm&r=g\",\"url\":\"https:\\\/\\\/secure.gravatar.com\\\/avatar\\\/97809b9ddd3df37c1ba1778903f83cd304e9ead5255b24490d0157d2cf5c0bac?s=96&d=mm&r=g\",\"contentUrl\":\"https:\\\/\\\/secure.gravatar.com\\\/avatar\\\/97809b9ddd3df37c1ba1778903f83cd304e9ead5255b24490d0157d2cf5c0bac?s=96&d=mm&r=g\",\"caption\":\"Roldano Radaelli\"},\"sameAs\":[\"https:\\\/\\\/claai.info\\\/\"],\"url\":\"https:\\\/\\\/claai.info\\\/cms\\\/author\\\/rradaelli\\\/\"}]}<\/script>\n<!-- \/ Yoast SEO plugin. -->","yoast_head_json":{"title":"TAXI, ECCO PERCH\u00c8 NON ADERIAMO ALLO SCIOPERO DI MARTED\u00cd 10 OTTOBRE - claai.info","robots":{"index":"index","follow":"follow","max-snippet":"max-snippet:-1","max-image-preview":"max-image-preview:large","max-video-preview":"max-video-preview:-1"},"canonical":"https:\/\/claai.info\/cms\/taxi-ecco-perche-non-aderiamo-allo-sciopero-di-martedi-10-ottobre\/","og_locale":"it_IT","og_type":"article","og_title":"TAXI, ECCO PERCH\u00c8 NON ADERIAMO ALLO SCIOPERO DI MARTED\u00cd 10 OTTOBRE - claai.info","og_description":"In data 4 ottobre 2023 si \u00e8 tenuto un incontro con le associazioni nazionali di rappresentanza del settore taxi per valutare l&#8217;impatto dell&#8217;articolo 3 del cosiddetto &#8220;Decreto Asset&#8221; ed assumere una posizione politico-sindacale di tipo unitaria. Le Associazioni scriventi sono ad esprimere una valutazione negativa su un provvedimento scritto forse sull&#8217;impulso emotivo dettato da un&#8217;attacco [&hellip;]","og_url":"https:\/\/claai.info\/cms\/taxi-ecco-perche-non-aderiamo-allo-sciopero-di-martedi-10-ottobre\/","og_site_name":"claai.info","article_published_time":"2023-10-09T19:31:47+00:00","article_modified_time":"2023-10-09T19:32:44+00:00","author":"Roldano Radaelli","twitter_misc":{"Scritto da":"Roldano Radaelli","Tempo di lettura stimato":"2 minuti"},"schema":{"@context":"https:\/\/schema.org","@graph":[{"@type":"Article","@id":"https:\/\/claai.info\/cms\/taxi-ecco-perche-non-aderiamo-allo-sciopero-di-martedi-10-ottobre\/#article","isPartOf":{"@id":"https:\/\/claai.info\/cms\/taxi-ecco-perche-non-aderiamo-allo-sciopero-di-martedi-10-ottobre\/"},"author":{"name":"Roldano Radaelli","@id":"https:\/\/claai.info\/cms\/#\/schema\/person\/d634d034d50532073c4c85c3eb23b46e"},"headline":"TAXI, ECCO PERCH\u00c8 NON ADERIAMO ALLO SCIOPERO DI MARTED\u00cd 10 OTTOBRE","datePublished":"2023-10-09T19:31:47+00:00","dateModified":"2023-10-09T19:32:44+00:00","mainEntityOfPage":{"@id":"https:\/\/claai.info\/cms\/taxi-ecco-perche-non-aderiamo-allo-sciopero-di-martedi-10-ottobre\/"},"wordCount":236,"articleSection":{"0":"Comunicati Stampa","2":"Sindacale"},"inLanguage":"it-IT"},{"@type":"WebPage","@id":"https:\/\/claai.info\/cms\/taxi-ecco-perche-non-aderiamo-allo-sciopero-di-martedi-10-ottobre\/","url":"https:\/\/claai.info\/cms\/taxi-ecco-perche-non-aderiamo-allo-sciopero-di-martedi-10-ottobre\/","name":"TAXI, ECCO PERCH\u00c8 NON ADERIAMO ALLO SCIOPERO DI MARTED\u00cd 10 OTTOBRE - claai.info","isPartOf":{"@id":"https:\/\/claai.info\/cms\/#website"},"datePublished":"2023-10-09T19:31:47+00:00","dateModified":"2023-10-09T19:32:44+00:00","author":{"@id":"https:\/\/claai.info\/cms\/#\/schema\/person\/d634d034d50532073c4c85c3eb23b46e"},"inLanguage":"it-IT","potentialAction":[{"@type":"ReadAction","target":["https:\/\/claai.info\/cms\/taxi-ecco-perche-non-aderiamo-allo-sciopero-di-martedi-10-ottobre\/"]}]},{"@type":"WebSite","@id":"https:\/\/claai.info\/cms\/#website","url":"https:\/\/claai.info\/cms\/","name":"claai.info","description":"Confederazione delle Libere Associazioni Artigiane Italiane","potentialAction":[{"@type":"SearchAction","target":{"@type":"EntryPoint","urlTemplate":"https:\/\/claai.info\/cms\/?s={search_term_string}"},"query-input":{"@type":"PropertyValueSpecification","valueRequired":true,"valueName":"search_term_string"}}],"inLanguage":"it-IT"},{"@type":"Person","@id":"https:\/\/claai.info\/cms\/#\/schema\/person\/d634d034d50532073c4c85c3eb23b46e","name":"Roldano Radaelli","image":{"@type":"ImageObject","inLanguage":"it-IT","@id":"https:\/\/secure.gravatar.com\/avatar\/97809b9ddd3df37c1ba1778903f83cd304e9ead5255b24490d0157d2cf5c0bac?s=96&d=mm&r=g","url":"https:\/\/secure.gravatar.com\/avatar\/97809b9ddd3df37c1ba1778903f83cd304e9ead5255b24490d0157d2cf5c0bac?s=96&d=mm&r=g","contentUrl":"https:\/\/secure.gravatar.com\/avatar\/97809b9ddd3df37c1ba1778903f83cd304e9ead5255b24490d0157d2cf5c0bac?s=96&d=mm&r=g","caption":"Roldano Radaelli"},"sameAs":["https:\/\/claai.info\/"],"url":"https:\/\/claai.info\/cms\/author\/rradaelli\/"}]}},"_links":{"self":[{"href":"https:\/\/claai.info\/cms\/wp-json\/wp\/v2\/posts\/2617","targetHints":{"allow":["GET"]}}],"collection":[{"href":"https:\/\/claai.info\/cms\/wp-json\/wp\/v2\/posts"}],"about":[{"href":"https:\/\/claai.info\/cms\/wp-json\/wp\/v2\/types\/post"}],"author":[{"embeddable":true,"href":"https:\/\/claai.info\/cms\/wp-json\/wp\/v2\/users\/5"}],"replies":[{"embeddable":true,"href":"https:\/\/claai.info\/cms\/wp-json\/wp\/v2\/comments?post=2617"}],"version-history":[{"count":1,"href":"https:\/\/claai.info\/cms\/wp-json\/wp\/v2\/posts\/2617\/revisions"}],"predecessor-version":[{"id":2618,"href":"https:\/\/claai.info\/cms\/wp-json\/wp\/v2\/posts\/2617\/revisions\/2618"}],"wp:attachment":[{"href":"https:\/\/claai.info\/cms\/wp-json\/wp\/v2\/media?parent=2617"}],"wp:term":[{"taxonomy":"category","embeddable":true,"href":"https:\/\/claai.info\/cms\/wp-json\/wp\/v2\/categories?post=2617"},{"taxonomy":"post_tag","embeddable":true,"href":"https:\/\/claai.info\/cms\/wp-json\/wp\/v2\/tags?post=2617"}],"curies":[{"name":"wp","href":"https:\/\/api.w.org\/{rel}","templated":true}]}}