{"id":2680,"date":"2024-02-06T08:28:25","date_gmt":"2024-02-06T07:28:25","guid":{"rendered":"https:\/\/claai.info\/cms\/?p=2680"},"modified":"2024-02-06T08:29:51","modified_gmt":"2024-02-06T07:29:51","slug":"claii-avellino-protagonista-alla-bit-di-milano","status":"publish","type":"post","link":"https:\/\/claai.info\/cms\/claii-avellino-protagonista-alla-bit-di-milano\/","title":{"rendered":"CLAII AVELLINO PROTAGONISTA ALLA BIT DI MILANO"},"content":{"rendered":"<p>Le imprese artigiane e le Pmi di Avellino protagoniste alla BIT di Milano con la CLAAI \u2013 Associazione dell\u2019artigianato e della piccola impresa in provincia di Avellino.<\/p>\n<figure id=\"attachment_171113\" class=\"wp-caption alignright\" aria-describedby=\"caption-attachment-171113\"><a href=\"https:\/\/www.nuovairpinia.it\/wp-content\/uploads\/2024\/01\/CLAAI-AVELLINO-ALLA-BIT-DI-MILANO-.jpg\"><img loading=\"lazy\" decoding=\"async\" class=\"size-medium wp-image-171113\" src=\"https:\/\/www.nuovairpinia.it\/wp-content\/uploads\/2024\/01\/CLAAI-AVELLINO-ALLA-BIT-DI-MILANO--300x226.jpg\" sizes=\"(max-width: 300px) 100vw, 300px\" srcset=\"https:\/\/www.nuovairpinia.it\/wp-content\/uploads\/2024\/01\/CLAAI-AVELLINO-ALLA-BIT-DI-MILANO--300x226.jpg 300w, https:\/\/www.nuovairpinia.it\/wp-content\/uploads\/2024\/01\/CLAAI-AVELLINO-ALLA-BIT-DI-MILANO--80x60.jpg 80w, https:\/\/www.nuovairpinia.it\/wp-content\/uploads\/2024\/01\/CLAAI-AVELLINO-ALLA-BIT-DI-MILANO--696x525.jpg 696w, https:\/\/www.nuovairpinia.it\/wp-content\/uploads\/2024\/01\/CLAAI-AVELLINO-ALLA-BIT-DI-MILANO--557x420.jpg 557w, https:\/\/www.nuovairpinia.it\/wp-content\/uploads\/2024\/01\/CLAAI-AVELLINO-ALLA-BIT-DI-MILANO-.jpg 737w\" alt=\"\" width=\"300\" height=\"226\" \/><\/a><figcaption id=\"caption-attachment-171113\" class=\"wp-caption-text\">Imprese artigiane e Pmi di Avellino alla Bit di Milano con CLAAI<\/figcaption><\/figure>\n<p>La delegazione CLAAI, ospitata in uno spazio dedicato nello stand della Regione Campania, si \u00e8 impegnata in questi giorni con i propri operatori specializzati in iniziative per la promozione territoriale del capoluogo e dell\u2019Irpinia, con la presentazione delle imprese che orbitano nel settore turistico-culturale e dell\u2019indotto. Punto di forza &#8211; dicono con orgoglio i dirigenti CLAII avellinesi &#8211; \u00e8 \u00abla grande passione che muove e unisce gli associati, pronti a fronteggiare e vincere la sfida della globalizzazione sul piano economico, culturale e sociale, stimolando la comunit\u00e0 provinciale a fare altrettanto. Per accompagnare le imprese irpine verso traguardi nazionali e internazionali e impegnare fette di mercato finora inesplorate con rotte commerciali inedite&#8221;.<\/p>\n<p><strong>IL POSIZIONAMENTO DI CLAAI ALLA BIT.<\/strong> Alla vetrina promozionale del territorio, con illustrazioni dedicate, utili a catturare nuove presenze, visitatori e potenziali cittadini temporanei, l\u2019associazione irpina si \u00e8 posta sul mercato come perno della filiera turistica provinciale: attivit\u00e0 alberghiere ed extra- alberghiere, alle societ\u00e0 di trasporti private ed NCC, alle imprese dell\u2019accoglienza, alle guide turistiche abilitate, agli accompagnatori turistici, alle guide escursionistiche ed ambientali, ai wedding planner, ristoratori, cantine vinicole, industrie dolciarie, aziende artigiane e dell\u2019artigianato artistico, tra le altre.<\/p>\n<p><strong>Il FUTURO.<\/strong> Ora dovranno essere sviluppate le relazioni con i buyer attivate alla Bit e mettere a terra tutti i progetti in grado di tradurre le risorse naturali in servizi e accoglienza. La nuova sfida inaugurata da Claai guarda con lungimiranza alle nuove prospettive turistiche aperte a seguito della pandemia, che ha ribaltato i paradigmi delle mete turistiche, e ha aperto per le aree interne interessanti prospettive di esplorazione.<\/p>\n","protected":false},"excerpt":{"rendered":"<p>Le imprese artigiane e le Pmi di Avellino protagoniste alla BIT di Milano con la CLAAI \u2013 Associazione dell\u2019artigianato e della piccola impresa in provincia di Avellino. Imprese artigiane e Pmi di Avellino alla Bit di Milano con CLAAI La delegazione CLAAI, ospitata in uno spazio dedicato nello stand della Regione Campania, si \u00e8 impegnata [&hellip;]<\/p>\n","protected":false},"author":5,"featured_media":0,"comment_status":"closed","ping_status":"closed","sticky":false,"template":"","format":"standard","meta":{"_et_pb_use_builder":"","_et_pb_old_content":"","_et_gb_content_width":"","footnotes":""},"categories":[10],"tags":[71,70,69],"class_list":["post-2680","post","type-post","status-publish","format-standard","hentry","category-iniziative","tag-avellino","tag-bit","tag-turismo"],"yoast_head":"<!-- This site is optimized with the Yoast SEO plugin v27.5 - https:\/\/yoast.com\/product\/yoast-seo-wordpress\/ -->\n<title>CLAII AVELLINO PROTAGONISTA ALLA BIT DI MILANO - claai.info<\/title>\n<meta name=\"robots\" content=\"index, follow, max-snippet:-1, max-image-preview:large, max-video-preview:-1\" \/>\n<link rel=\"canonical\" href=\"https:\/\/claai.info\/cms\/claii-avellino-protagonista-alla-bit-di-milano\/\" \/>\n<meta property=\"og:locale\" content=\"it_IT\" \/>\n<meta property=\"og:type\" content=\"article\" \/>\n<meta property=\"og:title\" content=\"CLAII AVELLINO PROTAGONISTA ALLA BIT DI MILANO - claai.info\" \/>\n<meta property=\"og:description\" content=\"Le imprese artigiane e le Pmi di Avellino protagoniste alla BIT di Milano con la CLAAI \u2013 Associazione dell\u2019artigianato e della piccola impresa in provincia di Avellino. Imprese artigiane e Pmi di Avellino alla Bit di Milano con CLAAI La delegazione CLAAI, ospitata in uno spazio dedicato nello stand della Regione Campania, si \u00e8 impegnata [&hellip;]\" \/>\n<meta property=\"og:url\" content=\"https:\/\/claai.info\/cms\/claii-avellino-protagonista-alla-bit-di-milano\/\" \/>\n<meta property=\"og:site_name\" content=\"claai.info\" \/>\n<meta property=\"article:published_time\" content=\"2024-02-06T07:28:25+00:00\" \/>\n<meta property=\"article:modified_time\" content=\"2024-02-06T07:29:51+00:00\" \/>\n<meta property=\"og:image\" content=\"https:\/\/www.nuovairpinia.it\/wp-content\/uploads\/2024\/01\/CLAAI-AVELLINO-ALLA-BIT-DI-MILANO--300x226.jpg\" \/>\n<meta name=\"author\" content=\"Roldano Radaelli\" \/>\n<meta name=\"twitter:label1\" content=\"Scritto da\" \/>\n\t<meta name=\"twitter:data1\" content=\"Roldano Radaelli\" \/>\n\t<meta name=\"twitter:label2\" content=\"Tempo di lettura stimato\" \/>\n\t<meta name=\"twitter:data2\" content=\"2 minuti\" \/>\n<script type=\"application\/ld+json\" class=\"yoast-schema-graph\">{\"@context\":\"https:\\\/\\\/schema.org\",\"@graph\":[{\"@type\":\"Article\",\"@id\":\"https:\\\/\\\/claai.info\\\/cms\\\/claii-avellino-protagonista-alla-bit-di-milano\\\/#article\",\"isPartOf\":{\"@id\":\"https:\\\/\\\/claai.info\\\/cms\\\/claii-avellino-protagonista-alla-bit-di-milano\\\/\"},\"author\":{\"name\":\"Roldano Radaelli\",\"@id\":\"https:\\\/\\\/claai.info\\\/cms\\\/#\\\/schema\\\/person\\\/d634d034d50532073c4c85c3eb23b46e\"},\"headline\":\"CLAII AVELLINO PROTAGONISTA ALLA BIT DI MILANO\",\"datePublished\":\"2024-02-06T07:28:25+00:00\",\"dateModified\":\"2024-02-06T07:29:51+00:00\",\"mainEntityOfPage\":{\"@id\":\"https:\\\/\\\/claai.info\\\/cms\\\/claii-avellino-protagonista-alla-bit-di-milano\\\/\"},\"wordCount\":308,\"image\":{\"@id\":\"https:\\\/\\\/claai.info\\\/cms\\\/claii-avellino-protagonista-alla-bit-di-milano\\\/#primaryimage\"},\"thumbnailUrl\":\"https:\\\/\\\/www.nuovairpinia.it\\\/wp-content\\\/uploads\\\/2024\\\/01\\\/CLAAI-AVELLINO-ALLA-BIT-DI-MILANO--300x226.jpg\",\"keywords\":[\"avellino\",\"bit\",\"turismo\"],\"articleSection\":[\"Iniziative\"],\"inLanguage\":\"it-IT\"},{\"@type\":\"WebPage\",\"@id\":\"https:\\\/\\\/claai.info\\\/cms\\\/claii-avellino-protagonista-alla-bit-di-milano\\\/\",\"url\":\"https:\\\/\\\/claai.info\\\/cms\\\/claii-avellino-protagonista-alla-bit-di-milano\\\/\",\"name\":\"CLAII AVELLINO PROTAGONISTA ALLA BIT DI MILANO - claai.info\",\"isPartOf\":{\"@id\":\"https:\\\/\\\/claai.info\\\/cms\\\/#website\"},\"primaryImageOfPage\":{\"@id\":\"https:\\\/\\\/claai.info\\\/cms\\\/claii-avellino-protagonista-alla-bit-di-milano\\\/#primaryimage\"},\"image\":{\"@id\":\"https:\\\/\\\/claai.info\\\/cms\\\/claii-avellino-protagonista-alla-bit-di-milano\\\/#primaryimage\"},\"thumbnailUrl\":\"https:\\\/\\\/www.nuovairpinia.it\\\/wp-content\\\/uploads\\\/2024\\\/01\\\/CLAAI-AVELLINO-ALLA-BIT-DI-MILANO--300x226.jpg\",\"datePublished\":\"2024-02-06T07:28:25+00:00\",\"dateModified\":\"2024-02-06T07:29:51+00:00\",\"author\":{\"@id\":\"https:\\\/\\\/claai.info\\\/cms\\\/#\\\/schema\\\/person\\\/d634d034d50532073c4c85c3eb23b46e\"},\"inLanguage\":\"it-IT\",\"potentialAction\":[{\"@type\":\"ReadAction\",\"target\":[\"https:\\\/\\\/claai.info\\\/cms\\\/claii-avellino-protagonista-alla-bit-di-milano\\\/\"]}]},{\"@type\":\"ImageObject\",\"inLanguage\":\"it-IT\",\"@id\":\"https:\\\/\\\/claai.info\\\/cms\\\/claii-avellino-protagonista-alla-bit-di-milano\\\/#primaryimage\",\"url\":\"https:\\\/\\\/www.nuovairpinia.it\\\/wp-content\\\/uploads\\\/2024\\\/01\\\/CLAAI-AVELLINO-ALLA-BIT-DI-MILANO--300x226.jpg\",\"contentUrl\":\"https:\\\/\\\/www.nuovairpinia.it\\\/wp-content\\\/uploads\\\/2024\\\/01\\\/CLAAI-AVELLINO-ALLA-BIT-DI-MILANO--300x226.jpg\"},{\"@type\":\"WebSite\",\"@id\":\"https:\\\/\\\/claai.info\\\/cms\\\/#website\",\"url\":\"https:\\\/\\\/claai.info\\\/cms\\\/\",\"name\":\"claai.info\",\"description\":\"Confederazione delle Libere Associazioni Artigiane Italiane\",\"potentialAction\":[{\"@type\":\"SearchAction\",\"target\":{\"@type\":\"EntryPoint\",\"urlTemplate\":\"https:\\\/\\\/claai.info\\\/cms\\\/?s={search_term_string}\"},\"query-input\":{\"@type\":\"PropertyValueSpecification\",\"valueRequired\":true,\"valueName\":\"search_term_string\"}}],\"inLanguage\":\"it-IT\"},{\"@type\":\"Person\",\"@id\":\"https:\\\/\\\/claai.info\\\/cms\\\/#\\\/schema\\\/person\\\/d634d034d50532073c4c85c3eb23b46e\",\"name\":\"Roldano Radaelli\",\"image\":{\"@type\":\"ImageObject\",\"inLanguage\":\"it-IT\",\"@id\":\"https:\\\/\\\/secure.gravatar.com\\\/avatar\\\/97809b9ddd3df37c1ba1778903f83cd304e9ead5255b24490d0157d2cf5c0bac?s=96&d=mm&r=g\",\"url\":\"https:\\\/\\\/secure.gravatar.com\\\/avatar\\\/97809b9ddd3df37c1ba1778903f83cd304e9ead5255b24490d0157d2cf5c0bac?s=96&d=mm&r=g\",\"contentUrl\":\"https:\\\/\\\/secure.gravatar.com\\\/avatar\\\/97809b9ddd3df37c1ba1778903f83cd304e9ead5255b24490d0157d2cf5c0bac?s=96&d=mm&r=g\",\"caption\":\"Roldano Radaelli\"},\"sameAs\":[\"https:\\\/\\\/claai.info\\\/\"],\"url\":\"https:\\\/\\\/claai.info\\\/cms\\\/author\\\/rradaelli\\\/\"}]}<\/script>\n<!-- \/ Yoast SEO plugin. -->","yoast_head_json":{"title":"CLAII AVELLINO PROTAGONISTA ALLA BIT DI MILANO - claai.info","robots":{"index":"index","follow":"follow","max-snippet":"max-snippet:-1","max-image-preview":"max-image-preview:large","max-video-preview":"max-video-preview:-1"},"canonical":"https:\/\/claai.info\/cms\/claii-avellino-protagonista-alla-bit-di-milano\/","og_locale":"it_IT","og_type":"article","og_title":"CLAII AVELLINO PROTAGONISTA ALLA BIT DI MILANO - claai.info","og_description":"Le imprese artigiane e le Pmi di Avellino protagoniste alla BIT di Milano con la CLAAI \u2013 Associazione dell\u2019artigianato e della piccola impresa in provincia di Avellino. Imprese artigiane e Pmi di Avellino alla Bit di Milano con CLAAI La delegazione CLAAI, ospitata in uno spazio dedicato nello stand della Regione Campania, si \u00e8 impegnata [&hellip;]","og_url":"https:\/\/claai.info\/cms\/claii-avellino-protagonista-alla-bit-di-milano\/","og_site_name":"claai.info","article_published_time":"2024-02-06T07:28:25+00:00","article_modified_time":"2024-02-06T07:29:51+00:00","og_image":[{"url":"https:\/\/www.nuovairpinia.it\/wp-content\/uploads\/2024\/01\/CLAAI-AVELLINO-ALLA-BIT-DI-MILANO--300x226.jpg","type":"","width":"","height":""}],"author":"Roldano Radaelli","twitter_misc":{"Scritto da":"Roldano Radaelli","Tempo di lettura stimato":"2 minuti"},"schema":{"@context":"https:\/\/schema.org","@graph":[{"@type":"Article","@id":"https:\/\/claai.info\/cms\/claii-avellino-protagonista-alla-bit-di-milano\/#article","isPartOf":{"@id":"https:\/\/claai.info\/cms\/claii-avellino-protagonista-alla-bit-di-milano\/"},"author":{"name":"Roldano Radaelli","@id":"https:\/\/claai.info\/cms\/#\/schema\/person\/d634d034d50532073c4c85c3eb23b46e"},"headline":"CLAII AVELLINO PROTAGONISTA ALLA BIT DI MILANO","datePublished":"2024-02-06T07:28:25+00:00","dateModified":"2024-02-06T07:29:51+00:00","mainEntityOfPage":{"@id":"https:\/\/claai.info\/cms\/claii-avellino-protagonista-alla-bit-di-milano\/"},"wordCount":308,"image":{"@id":"https:\/\/claai.info\/cms\/claii-avellino-protagonista-alla-bit-di-milano\/#primaryimage"},"thumbnailUrl":"https:\/\/www.nuovairpinia.it\/wp-content\/uploads\/2024\/01\/CLAAI-AVELLINO-ALLA-BIT-DI-MILANO--300x226.jpg","keywords":["avellino","bit","turismo"],"articleSection":["Iniziative"],"inLanguage":"it-IT"},{"@type":"WebPage","@id":"https:\/\/claai.info\/cms\/claii-avellino-protagonista-alla-bit-di-milano\/","url":"https:\/\/claai.info\/cms\/claii-avellino-protagonista-alla-bit-di-milano\/","name":"CLAII AVELLINO PROTAGONISTA ALLA BIT DI MILANO - claai.info","isPartOf":{"@id":"https:\/\/claai.info\/cms\/#website"},"primaryImageOfPage":{"@id":"https:\/\/claai.info\/cms\/claii-avellino-protagonista-alla-bit-di-milano\/#primaryimage"},"image":{"@id":"https:\/\/claai.info\/cms\/claii-avellino-protagonista-alla-bit-di-milano\/#primaryimage"},"thumbnailUrl":"https:\/\/www.nuovairpinia.it\/wp-content\/uploads\/2024\/01\/CLAAI-AVELLINO-ALLA-BIT-DI-MILANO--300x226.jpg","datePublished":"2024-02-06T07:28:25+00:00","dateModified":"2024-02-06T07:29:51+00:00","author":{"@id":"https:\/\/claai.info\/cms\/#\/schema\/person\/d634d034d50532073c4c85c3eb23b46e"},"inLanguage":"it-IT","potentialAction":[{"@type":"ReadAction","target":["https:\/\/claai.info\/cms\/claii-avellino-protagonista-alla-bit-di-milano\/"]}]},{"@type":"ImageObject","inLanguage":"it-IT","@id":"https:\/\/claai.info\/cms\/claii-avellino-protagonista-alla-bit-di-milano\/#primaryimage","url":"https:\/\/www.nuovairpinia.it\/wp-content\/uploads\/2024\/01\/CLAAI-AVELLINO-ALLA-BIT-DI-MILANO--300x226.jpg","contentUrl":"https:\/\/www.nuovairpinia.it\/wp-content\/uploads\/2024\/01\/CLAAI-AVELLINO-ALLA-BIT-DI-MILANO--300x226.jpg"},{"@type":"WebSite","@id":"https:\/\/claai.info\/cms\/#website","url":"https:\/\/claai.info\/cms\/","name":"claai.info","description":"Confederazione delle Libere Associazioni Artigiane Italiane","potentialAction":[{"@type":"SearchAction","target":{"@type":"EntryPoint","urlTemplate":"https:\/\/claai.info\/cms\/?s={search_term_string}"},"query-input":{"@type":"PropertyValueSpecification","valueRequired":true,"valueName":"search_term_string"}}],"inLanguage":"it-IT"},{"@type":"Person","@id":"https:\/\/claai.info\/cms\/#\/schema\/person\/d634d034d50532073c4c85c3eb23b46e","name":"Roldano Radaelli","image":{"@type":"ImageObject","inLanguage":"it-IT","@id":"https:\/\/secure.gravatar.com\/avatar\/97809b9ddd3df37c1ba1778903f83cd304e9ead5255b24490d0157d2cf5c0bac?s=96&d=mm&r=g","url":"https:\/\/secure.gravatar.com\/avatar\/97809b9ddd3df37c1ba1778903f83cd304e9ead5255b24490d0157d2cf5c0bac?s=96&d=mm&r=g","contentUrl":"https:\/\/secure.gravatar.com\/avatar\/97809b9ddd3df37c1ba1778903f83cd304e9ead5255b24490d0157d2cf5c0bac?s=96&d=mm&r=g","caption":"Roldano Radaelli"},"sameAs":["https:\/\/claai.info\/"],"url":"https:\/\/claai.info\/cms\/author\/rradaelli\/"}]}},"_links":{"self":[{"href":"https:\/\/claai.info\/cms\/wp-json\/wp\/v2\/posts\/2680","targetHints":{"allow":["GET"]}}],"collection":[{"href":"https:\/\/claai.info\/cms\/wp-json\/wp\/v2\/posts"}],"about":[{"href":"https:\/\/claai.info\/cms\/wp-json\/wp\/v2\/types\/post"}],"author":[{"embeddable":true,"href":"https:\/\/claai.info\/cms\/wp-json\/wp\/v2\/users\/5"}],"replies":[{"embeddable":true,"href":"https:\/\/claai.info\/cms\/wp-json\/wp\/v2\/comments?post=2680"}],"version-history":[{"count":2,"href":"https:\/\/claai.info\/cms\/wp-json\/wp\/v2\/posts\/2680\/revisions"}],"predecessor-version":[{"id":2682,"href":"https:\/\/claai.info\/cms\/wp-json\/wp\/v2\/posts\/2680\/revisions\/2682"}],"wp:attachment":[{"href":"https:\/\/claai.info\/cms\/wp-json\/wp\/v2\/media?parent=2680"}],"wp:term":[{"taxonomy":"category","embeddable":true,"href":"https:\/\/claai.info\/cms\/wp-json\/wp\/v2\/categories?post=2680"},{"taxonomy":"post_tag","embeddable":true,"href":"https:\/\/claai.info\/cms\/wp-json\/wp\/v2\/tags?post=2680"}],"curies":[{"name":"wp","href":"https:\/\/api.w.org\/{rel}","templated":true}]}}