{"id":2691,"date":"2024-03-15T09:04:00","date_gmt":"2024-03-15T08:04:00","guid":{"rendered":"https:\/\/claai.info\/cms\/?p=2691"},"modified":"2024-03-15T09:04:00","modified_gmt":"2024-03-15T08:04:00","slug":"sicurezza-sul-lavoro-nasce-la-patente-a-punti-anche-per-microimprese-e-autonomi-il-testo-del-nuovo-decreto-del-governo","status":"publish","type":"post","link":"https:\/\/claai.info\/cms\/sicurezza-sul-lavoro-nasce-la-patente-a-punti-anche-per-microimprese-e-autonomi-il-testo-del-nuovo-decreto-del-governo\/","title":{"rendered":"SICUREZZA SUL LAVORO, NASCE LA PATENTE A PUNTI ANCHE PER MICROIMPRESE E AUTONOMI. IL TESTO DEL NUOVO DECRETO DEL GOVERNO"},"content":{"rendered":"<p>&nbsp;<\/p>\n<p>Le nuove norme sono contenute nel <a href=\"https:\/\/www.gazzettaufficiale.it\/eli\/gu\/2024\/03\/02\/52\/sg\/pdf\">Decreto Legge 19\/2024 pubblicato sulla Gazzetta Ufficiale n. 52 del 2 marzo 2024 e subito in vigore. Gli articoli del DL che riguardano il tema sono i nn. 29, 30 e 31. <\/a>Entro 60 giorni dovr\u00e0 essere convertito dal Parlamento in Legge. Secondo il Ministro del Lavoro Marina Calderone il DL consente di dare &#8220;<em>attuazione al piano nazionale per la lotta al lavoro sommerso 2023-2025 con un approccio delle tre C: controlli, contrasto, compliance, per accompagnare le imprese verso la regolarizzazion<\/em>e&#8221;.<\/p>\n<p>Questi i punti principali del provvedimento:<\/p>\n<ul>\n<li>a partire da ottobre 2024 sar\u00e0 introdotto un nuovo sistema di qualificazione delle imprese e dei lavoratori autonomi: la cosiddetta patente a crediti, sar\u00e0 in formato digitale e obbligatoria per imprese e lavoratori autonomi che intendano operare nell\u2019ambito di cantieri edili. Le ditte partiranno con 30 punti se risulteranno con le carte in regola, in caso di illeciti o irregolarit\u00e0 subiranno la decurtazione dei punti fino alla sospensione dell&#8217;attivit\u00e0 (che scatter\u00e0 sotto i 15 punti) e al pagamento di multe fino a 12mila\u20ac. Un incidente mortale pu\u00f2 &#8220;valere&#8221; 20 punti. I punti persi si recuperano con corsi obbligatori di formazione che varanno 5 punti ciascuno.<\/li>\n<li>la &#8220;patente&#8221; sar\u00e0 rilasciata dall&#8217;Ispettorato nazionale del lavoro dopo l&#8217;iscrizione alla Camera di Commercio, l&#8217;adempimento degli obblighi formativi, il possesso del Durc, del DVR Documento di Valutazione dei Rischi e del Documento Unico di Regolarit\u00e0 Fiscale.<\/li>\n<li>le altre decurtazioni: -15 per un&#8217;inabilit\u00e0 permanente al lavoro assoluta o parziale, -10 per infortuni per oltre 40 giorni di prognosi, sospensione della patente fino ad un massimo di 12 mesi. Queste decisioni saranno adottate dall&#8217;Ispettorato del Lavoro.<\/li>\n<li>un impresa priva della patente o con una patente con punteggio inferiore a 15 comporta il pagamento di una sanzione da 6.000 a 12.000 \u20ac e l&#8217;esclusione dalla partecipazioni ai lavori pubblici.<\/li>\n<li>non sono tenute al possesso della partente le imprese con qualificazione SOA<\/li>\n<li>rafforzamento dell\u2019attivit\u00e0 di accertamento e contrasto delle violazioni in ambito contributivo con il potenziamento e il coordinamento del personale ispettivo in materia di lavoro (Ispettorato Nazionale del Lavoro, Nucleo dei Carabinieri, INPS e INAIL) per i controlli relativi alla salute e sicurezza sui luoghi di lavoro; previsto un incremento del 40% del controlli con l&#8217;assunzione di 766 Ispettori del Lavoro.<\/li>\n<li>nuove misure di \u00a0carattere preventivo-incentivante. Ad esempio, subordinando l\u2019erogazione di benefici normativi e contributivi all&#8217;utilizzo dei contratti di lavoro maggiormente applicati, \u00a0all\u2019assenza di violazioni della disciplina in materia di lavoro e legislazione sociale, nonch\u00e9 introducendo una premialit\u00e0 in favore di datori di lavoro che dimostrino comportamenti virtuosi nella gestione dei rapporti di lavoro con l&#8217;iscrizione, tra le altre agevolazioni, nella &#8220;Lista di conformit\u00e0&#8221; dell&#8217;Ispettorato del Lavoro che esclude nuove verifiche dell&#8217;INL per 12 mesi dalla data di iscrizione, fatte salve le ulteriori verifche su salute e sicurezza nonch\u00e8 le indagini disposte dalla Procura della Repubblica ed eventuali richieste di interventi. Non sono previsti sconti su premi e contributi.<\/li>\n<li>estensione del regime di solidariet\u00e0 nell\u2019obbligazione retributiva e contributiva: al personale degli appalti e dei subappalti si applica il trattamento economico dei contratti collettivi maggiormente rappresentativi. Il committente \u00e8 obbligato in solido con l&#8217;appaltatore entro un anno dalla cessazione dell&#8217;appalto a corrispondere ai lavoratori i trattamenti retributivi e contributivi.<\/li>\n<li>prima del saldo finale dell&#8217;appalto per lavori edili pubblici e privati sar\u00e0 obbligatoria la verifica della congruit\u00e0 dell&#8217;incidenza della manopera (L. n. 120\/2020). Previste sanzioni amministrative anche a carico dei committenti per gli appalti privati sopra i 500mila euro.<\/li>\n<li>nuove disposizioni di natura repressiva come sanzioni penali \u2013 in luogo delle sanzioni amministrative, frutto di una precedente depenalizzazione, per le ipotesi di somministrazione fraudolenta di lavoratori, utilizzazione illecita di lavoratori, somministrazione abusiva con sfruttamento di minori.<\/li>\n<li style=\"list-style-type: none;\"><\/li>\n<\/ul>\n","protected":false},"excerpt":{"rendered":"<p>&nbsp; Le nuove norme sono contenute nel Decreto Legge 19\/2024 pubblicato sulla Gazzetta Ufficiale n. 52 del 2 marzo 2024 e subito in vigore. Gli articoli del DL che riguardano il tema sono i nn. 29, 30 e 31. Entro 60 giorni dovr\u00e0 essere convertito dal Parlamento in Legge. Secondo il Ministro del Lavoro Marina [&hellip;]<\/p>\n","protected":false},"author":5,"featured_media":0,"comment_status":"closed","ping_status":"closed","sticky":false,"template":"","format":"standard","meta":{"_et_pb_use_builder":"","_et_pb_old_content":"","_et_gb_content_width":"","footnotes":""},"categories":[1],"tags":[],"class_list":["post-2691","post","type-post","status-publish","format-standard","hentry","category-senza-categoria"],"yoast_head":"<!-- This site is optimized with the Yoast SEO plugin v27.5 - https:\/\/yoast.com\/product\/yoast-seo-wordpress\/ -->\n<title>SICUREZZA SUL LAVORO, NASCE LA PATENTE A PUNTI ANCHE PER MICROIMPRESE E AUTONOMI. IL TESTO DEL NUOVO DECRETO DEL GOVERNO - claai.info<\/title>\n<meta name=\"robots\" content=\"index, follow, max-snippet:-1, max-image-preview:large, max-video-preview:-1\" \/>\n<link rel=\"canonical\" href=\"https:\/\/claai.info\/cms\/sicurezza-sul-lavoro-nasce-la-patente-a-punti-anche-per-microimprese-e-autonomi-il-testo-del-nuovo-decreto-del-governo\/\" \/>\n<meta property=\"og:locale\" content=\"it_IT\" \/>\n<meta property=\"og:type\" content=\"article\" \/>\n<meta property=\"og:title\" content=\"SICUREZZA SUL LAVORO, NASCE LA PATENTE A PUNTI ANCHE PER MICROIMPRESE E AUTONOMI. IL TESTO DEL NUOVO DECRETO DEL GOVERNO - claai.info\" \/>\n<meta property=\"og:description\" content=\"&nbsp; Le nuove norme sono contenute nel Decreto Legge 19\/2024 pubblicato sulla Gazzetta Ufficiale n. 52 del 2 marzo 2024 e subito in vigore. Gli articoli del DL che riguardano il tema sono i nn. 29, 30 e 31. Entro 60 giorni dovr\u00e0 essere convertito dal Parlamento in Legge. Secondo il Ministro del Lavoro Marina [&hellip;]\" \/>\n<meta property=\"og:url\" content=\"https:\/\/claai.info\/cms\/sicurezza-sul-lavoro-nasce-la-patente-a-punti-anche-per-microimprese-e-autonomi-il-testo-del-nuovo-decreto-del-governo\/\" \/>\n<meta property=\"og:site_name\" content=\"claai.info\" \/>\n<meta property=\"article:published_time\" content=\"2024-03-15T08:04:00+00:00\" \/>\n<meta name=\"author\" content=\"Roldano Radaelli\" \/>\n<meta name=\"twitter:label1\" content=\"Scritto da\" \/>\n\t<meta name=\"twitter:data1\" content=\"Roldano Radaelli\" \/>\n\t<meta name=\"twitter:label2\" content=\"Tempo di lettura stimato\" \/>\n\t<meta name=\"twitter:data2\" content=\"4 minuti\" \/>\n<script type=\"application\/ld+json\" class=\"yoast-schema-graph\">{\"@context\":\"https:\\\/\\\/schema.org\",\"@graph\":[{\"@type\":\"Article\",\"@id\":\"https:\\\/\\\/claai.info\\\/cms\\\/sicurezza-sul-lavoro-nasce-la-patente-a-punti-anche-per-microimprese-e-autonomi-il-testo-del-nuovo-decreto-del-governo\\\/#article\",\"isPartOf\":{\"@id\":\"https:\\\/\\\/claai.info\\\/cms\\\/sicurezza-sul-lavoro-nasce-la-patente-a-punti-anche-per-microimprese-e-autonomi-il-testo-del-nuovo-decreto-del-governo\\\/\"},\"author\":{\"name\":\"Roldano Radaelli\",\"@id\":\"https:\\\/\\\/claai.info\\\/cms\\\/#\\\/schema\\\/person\\\/d634d034d50532073c4c85c3eb23b46e\"},\"headline\":\"SICUREZZA SUL LAVORO, NASCE LA PATENTE A PUNTI ANCHE PER MICROIMPRESE E AUTONOMI. IL TESTO DEL NUOVO DECRETO DEL GOVERNO\",\"datePublished\":\"2024-03-15T08:04:00+00:00\",\"mainEntityOfPage\":{\"@id\":\"https:\\\/\\\/claai.info\\\/cms\\\/sicurezza-sul-lavoro-nasce-la-patente-a-punti-anche-per-microimprese-e-autonomi-il-testo-del-nuovo-decreto-del-governo\\\/\"},\"wordCount\":626,\"inLanguage\":\"it-IT\"},{\"@type\":\"WebPage\",\"@id\":\"https:\\\/\\\/claai.info\\\/cms\\\/sicurezza-sul-lavoro-nasce-la-patente-a-punti-anche-per-microimprese-e-autonomi-il-testo-del-nuovo-decreto-del-governo\\\/\",\"url\":\"https:\\\/\\\/claai.info\\\/cms\\\/sicurezza-sul-lavoro-nasce-la-patente-a-punti-anche-per-microimprese-e-autonomi-il-testo-del-nuovo-decreto-del-governo\\\/\",\"name\":\"SICUREZZA SUL LAVORO, NASCE LA PATENTE A PUNTI ANCHE PER MICROIMPRESE E AUTONOMI. IL TESTO DEL NUOVO DECRETO DEL GOVERNO - claai.info\",\"isPartOf\":{\"@id\":\"https:\\\/\\\/claai.info\\\/cms\\\/#website\"},\"datePublished\":\"2024-03-15T08:04:00+00:00\",\"author\":{\"@id\":\"https:\\\/\\\/claai.info\\\/cms\\\/#\\\/schema\\\/person\\\/d634d034d50532073c4c85c3eb23b46e\"},\"inLanguage\":\"it-IT\",\"potentialAction\":[{\"@type\":\"ReadAction\",\"target\":[\"https:\\\/\\\/claai.info\\\/cms\\\/sicurezza-sul-lavoro-nasce-la-patente-a-punti-anche-per-microimprese-e-autonomi-il-testo-del-nuovo-decreto-del-governo\\\/\"]}]},{\"@type\":\"WebSite\",\"@id\":\"https:\\\/\\\/claai.info\\\/cms\\\/#website\",\"url\":\"https:\\\/\\\/claai.info\\\/cms\\\/\",\"name\":\"claai.info\",\"description\":\"Confederazione delle Libere Associazioni Artigiane Italiane\",\"potentialAction\":[{\"@type\":\"SearchAction\",\"target\":{\"@type\":\"EntryPoint\",\"urlTemplate\":\"https:\\\/\\\/claai.info\\\/cms\\\/?s={search_term_string}\"},\"query-input\":{\"@type\":\"PropertyValueSpecification\",\"valueRequired\":true,\"valueName\":\"search_term_string\"}}],\"inLanguage\":\"it-IT\"},{\"@type\":\"Person\",\"@id\":\"https:\\\/\\\/claai.info\\\/cms\\\/#\\\/schema\\\/person\\\/d634d034d50532073c4c85c3eb23b46e\",\"name\":\"Roldano Radaelli\",\"image\":{\"@type\":\"ImageObject\",\"inLanguage\":\"it-IT\",\"@id\":\"https:\\\/\\\/secure.gravatar.com\\\/avatar\\\/97809b9ddd3df37c1ba1778903f83cd304e9ead5255b24490d0157d2cf5c0bac?s=96&d=mm&r=g\",\"url\":\"https:\\\/\\\/secure.gravatar.com\\\/avatar\\\/97809b9ddd3df37c1ba1778903f83cd304e9ead5255b24490d0157d2cf5c0bac?s=96&d=mm&r=g\",\"contentUrl\":\"https:\\\/\\\/secure.gravatar.com\\\/avatar\\\/97809b9ddd3df37c1ba1778903f83cd304e9ead5255b24490d0157d2cf5c0bac?s=96&d=mm&r=g\",\"caption\":\"Roldano Radaelli\"},\"sameAs\":[\"https:\\\/\\\/claai.info\\\/\"],\"url\":\"https:\\\/\\\/claai.info\\\/cms\\\/author\\\/rradaelli\\\/\"}]}<\/script>\n<!-- \/ Yoast SEO plugin. -->","yoast_head_json":{"title":"SICUREZZA SUL LAVORO, NASCE LA PATENTE A PUNTI ANCHE PER MICROIMPRESE E AUTONOMI. IL TESTO DEL NUOVO DECRETO DEL GOVERNO - claai.info","robots":{"index":"index","follow":"follow","max-snippet":"max-snippet:-1","max-image-preview":"max-image-preview:large","max-video-preview":"max-video-preview:-1"},"canonical":"https:\/\/claai.info\/cms\/sicurezza-sul-lavoro-nasce-la-patente-a-punti-anche-per-microimprese-e-autonomi-il-testo-del-nuovo-decreto-del-governo\/","og_locale":"it_IT","og_type":"article","og_title":"SICUREZZA SUL LAVORO, NASCE LA PATENTE A PUNTI ANCHE PER MICROIMPRESE E AUTONOMI. IL TESTO DEL NUOVO DECRETO DEL GOVERNO - claai.info","og_description":"&nbsp; Le nuove norme sono contenute nel Decreto Legge 19\/2024 pubblicato sulla Gazzetta Ufficiale n. 52 del 2 marzo 2024 e subito in vigore. Gli articoli del DL che riguardano il tema sono i nn. 29, 30 e 31. Entro 60 giorni dovr\u00e0 essere convertito dal Parlamento in Legge. Secondo il Ministro del Lavoro Marina [&hellip;]","og_url":"https:\/\/claai.info\/cms\/sicurezza-sul-lavoro-nasce-la-patente-a-punti-anche-per-microimprese-e-autonomi-il-testo-del-nuovo-decreto-del-governo\/","og_site_name":"claai.info","article_published_time":"2024-03-15T08:04:00+00:00","author":"Roldano Radaelli","twitter_misc":{"Scritto da":"Roldano Radaelli","Tempo di lettura stimato":"4 minuti"},"schema":{"@context":"https:\/\/schema.org","@graph":[{"@type":"Article","@id":"https:\/\/claai.info\/cms\/sicurezza-sul-lavoro-nasce-la-patente-a-punti-anche-per-microimprese-e-autonomi-il-testo-del-nuovo-decreto-del-governo\/#article","isPartOf":{"@id":"https:\/\/claai.info\/cms\/sicurezza-sul-lavoro-nasce-la-patente-a-punti-anche-per-microimprese-e-autonomi-il-testo-del-nuovo-decreto-del-governo\/"},"author":{"name":"Roldano Radaelli","@id":"https:\/\/claai.info\/cms\/#\/schema\/person\/d634d034d50532073c4c85c3eb23b46e"},"headline":"SICUREZZA SUL LAVORO, NASCE LA PATENTE A PUNTI ANCHE PER MICROIMPRESE E AUTONOMI. IL TESTO DEL NUOVO DECRETO DEL GOVERNO","datePublished":"2024-03-15T08:04:00+00:00","mainEntityOfPage":{"@id":"https:\/\/claai.info\/cms\/sicurezza-sul-lavoro-nasce-la-patente-a-punti-anche-per-microimprese-e-autonomi-il-testo-del-nuovo-decreto-del-governo\/"},"wordCount":626,"inLanguage":"it-IT"},{"@type":"WebPage","@id":"https:\/\/claai.info\/cms\/sicurezza-sul-lavoro-nasce-la-patente-a-punti-anche-per-microimprese-e-autonomi-il-testo-del-nuovo-decreto-del-governo\/","url":"https:\/\/claai.info\/cms\/sicurezza-sul-lavoro-nasce-la-patente-a-punti-anche-per-microimprese-e-autonomi-il-testo-del-nuovo-decreto-del-governo\/","name":"SICUREZZA SUL LAVORO, NASCE LA PATENTE A PUNTI ANCHE PER MICROIMPRESE E AUTONOMI. IL TESTO DEL NUOVO DECRETO DEL GOVERNO - claai.info","isPartOf":{"@id":"https:\/\/claai.info\/cms\/#website"},"datePublished":"2024-03-15T08:04:00+00:00","author":{"@id":"https:\/\/claai.info\/cms\/#\/schema\/person\/d634d034d50532073c4c85c3eb23b46e"},"inLanguage":"it-IT","potentialAction":[{"@type":"ReadAction","target":["https:\/\/claai.info\/cms\/sicurezza-sul-lavoro-nasce-la-patente-a-punti-anche-per-microimprese-e-autonomi-il-testo-del-nuovo-decreto-del-governo\/"]}]},{"@type":"WebSite","@id":"https:\/\/claai.info\/cms\/#website","url":"https:\/\/claai.info\/cms\/","name":"claai.info","description":"Confederazione delle Libere Associazioni Artigiane Italiane","potentialAction":[{"@type":"SearchAction","target":{"@type":"EntryPoint","urlTemplate":"https:\/\/claai.info\/cms\/?s={search_term_string}"},"query-input":{"@type":"PropertyValueSpecification","valueRequired":true,"valueName":"search_term_string"}}],"inLanguage":"it-IT"},{"@type":"Person","@id":"https:\/\/claai.info\/cms\/#\/schema\/person\/d634d034d50532073c4c85c3eb23b46e","name":"Roldano Radaelli","image":{"@type":"ImageObject","inLanguage":"it-IT","@id":"https:\/\/secure.gravatar.com\/avatar\/97809b9ddd3df37c1ba1778903f83cd304e9ead5255b24490d0157d2cf5c0bac?s=96&d=mm&r=g","url":"https:\/\/secure.gravatar.com\/avatar\/97809b9ddd3df37c1ba1778903f83cd304e9ead5255b24490d0157d2cf5c0bac?s=96&d=mm&r=g","contentUrl":"https:\/\/secure.gravatar.com\/avatar\/97809b9ddd3df37c1ba1778903f83cd304e9ead5255b24490d0157d2cf5c0bac?s=96&d=mm&r=g","caption":"Roldano Radaelli"},"sameAs":["https:\/\/claai.info\/"],"url":"https:\/\/claai.info\/cms\/author\/rradaelli\/"}]}},"_links":{"self":[{"href":"https:\/\/claai.info\/cms\/wp-json\/wp\/v2\/posts\/2691","targetHints":{"allow":["GET"]}}],"collection":[{"href":"https:\/\/claai.info\/cms\/wp-json\/wp\/v2\/posts"}],"about":[{"href":"https:\/\/claai.info\/cms\/wp-json\/wp\/v2\/types\/post"}],"author":[{"embeddable":true,"href":"https:\/\/claai.info\/cms\/wp-json\/wp\/v2\/users\/5"}],"replies":[{"embeddable":true,"href":"https:\/\/claai.info\/cms\/wp-json\/wp\/v2\/comments?post=2691"}],"version-history":[{"count":1,"href":"https:\/\/claai.info\/cms\/wp-json\/wp\/v2\/posts\/2691\/revisions"}],"predecessor-version":[{"id":2692,"href":"https:\/\/claai.info\/cms\/wp-json\/wp\/v2\/posts\/2691\/revisions\/2692"}],"wp:attachment":[{"href":"https:\/\/claai.info\/cms\/wp-json\/wp\/v2\/media?parent=2691"}],"wp:term":[{"taxonomy":"category","embeddable":true,"href":"https:\/\/claai.info\/cms\/wp-json\/wp\/v2\/categories?post=2691"},{"taxonomy":"post_tag","embeddable":true,"href":"https:\/\/claai.info\/cms\/wp-json\/wp\/v2\/tags?post=2691"}],"curies":[{"name":"wp","href":"https:\/\/api.w.org\/{rel}","templated":true}]}}