{"id":2702,"date":"2024-03-16T18:22:00","date_gmt":"2024-03-16T17:22:00","guid":{"rendered":"https:\/\/claai.info\/cms\/?p=2702"},"modified":"2024-03-16T18:44:00","modified_gmt":"2024-03-16T17:44:00","slug":"si-alla-patente-a-crediti-se-sara-una-semplificazione-per-lartigiano-in-cantiere-la-posizione-di-claai-allincontro-col-ministro-calderone","status":"publish","type":"post","link":"https:\/\/claai.info\/cms\/si-alla-patente-a-crediti-se-sara-una-semplificazione-per-lartigiano-in-cantiere-la-posizione-di-claai-allincontro-col-ministro-calderone\/","title":{"rendered":"\u201cSI\u2019 ALLA PATENTE A CREDITI SE SAR\u00c0 UNA SEMPLIFICAZIONE PER L\u2019ARTIGIANO IN CANTIERE\u201d. LA POSIZIONE DI CLAAI ALL\u2019INCONTRO COL MINISTRO CALDERONE"},"content":{"rendered":"<p><a href=\"https:\/\/claai.info\/cms\/wp-content\/uploads\/2024\/03\/WhatsApp-Image-2024-03-15-at-09.52.51.jpeg\"><img loading=\"lazy\" decoding=\"async\" class=\"aligncenter size-medium wp-image-2704\" src=\"https:\/\/claai.info\/cms\/wp-content\/uploads\/2024\/03\/WhatsApp-Image-2024-03-15-at-09.52.51-169x300.jpeg\" alt=\"\" width=\"169\" height=\"300\" \/><\/a><\/p>\n<p>&#8220;Diciamo s\u00ec alla<strong> patente a crediti<\/strong> prevista dal <strong><a href=\"https:\/\/www.gazzettaufficiale.it\/eli\/id\/2024\/03\/02\/24G00035\/sg\">DL 2 marzo 2024, n.19<\/a>\u00a0<\/strong> &#8211; che dal <strong>1\u00b0 ottobre<\/strong> diventer\u00e0 <em>obbligatoria per imprese e lavoratori autonomi che intendano operare nell\u2019ambito dei cantieri edili &#8211;<\/em> <strong>a condizione<\/strong> che questa sia uno <strong>strumento di semplificazione<\/strong> dell\u2019attivit\u00e0 burocratica nella gestione dei cantieri e sostituisca i 30 documenti che gli artigiani devono produrre prima di entrare in un cantiere.&#8221;<\/p>\n<p>\u00c8 questa, in sintesi, la posizione espressa da <strong>CLAAI<\/strong> all&#8217;incontro delle associazioni datoriali e sindacali col <strong>Ministro del Lavoro Marina Calderone<\/strong> in vista della conversione in legge del DL e della definizione dei vari provvedimenti attuativi. <a href=\"https:\/\/claai.info\/cms\/wp-content\/uploads\/2024\/03\/2024.03.14-Modifiche-D.Lgs-81-08.pdf\"><strong>CLAAI<\/strong> ha contribuito al dibattito con un documento ufficiale<\/a> che sar\u00e0 messo a disposizione del tavolo tecnico che si aprir\u00e0 da luned\u00ec 18 marzo.<\/p>\n<p>Secondo <strong>Sandro Carta,<\/strong><em> responsabile nazionale del settore Salute e Sicurezza sul Lavoro di CLAAI<\/em>\u00a0 &#8220;una patente a punti ben organizzata pu\u00f2 snellire l\u2019iter burocratico dando chiarezza sui documenti realmente necessari a dimostrare l\u2019applicazione degli adempimenti indispensabili per garantire sicurezza. Ci riferiamo sicuramente agli aspetti di formazione, di sorveglianza sanitaria e di dispositivi di protezione&#8221;.<\/p>\n<p class=\"p1\">Crediamo \u2013 ha aggiunto Carta \u2013 che il tema della qualificazione delle imprese debba diventare davvero centrale per essere un deterente vero al sommerso e alle aziende irregolari che ancora oggi sono presenti nei cantieri. Si pu\u00f2 partire dalla <strong>formazione dei datori di lavoro<\/strong> per i quali attendiamo una risposta dalla <strong>conferenza Stato regioni dal giugno 2022<\/strong>. Riteniamo che, sulla base dell\u2019<strong>art. 18 del D.lgs. 81\/08<\/strong>, intitolato <strong>Obblighi del Datore di Lavoro e del Dirigente<\/strong>, la <strong>formazione che deve essere impartita al Datore di Lavoro che non svolge gi\u00e0 il Ruolo di RSPP interno all\u2019azienda, sia equiparata a quella gi\u00e0 prevista per il Dirigente<\/strong>.<\/p>\n<p>&#8220;La\u00a0<strong>sicurezza sul lavoro\u00a0<\/strong>\u00e8 un tema di tutti, che dev\u2019essere affrontato in modo serio, concreto e costruttivo. \u00c8 anche una preoccupazione e una\u00a0<strong>priorit\u00e0 del governo<\/strong> fin dai primi mesi del suo insediamento&#8221; ha commentato il Ministro del Lavoro e delle Politiche Sociali, <strong>Marina Calderone. <\/strong>&#8220;Siamo il governo &#8211; ha aggiunto il Ministro\u00a0 che prima e pi\u00f9 di tutti ha<strong>\u00a0rafforzato il numero e gli strumenti a disposizione degli ispettori del lavoro<\/strong>: tra quelli che abbiamo gi\u00e0 assunto e quelli previsti dalle nuove norme, ai 2.300 che avevamo ne abbiamo aggiunti oltre 1.600. Non succedeva dal 2006. Abbiamo gi\u00e0 ottenuto un aumento del 20% delle ispezioni nel 2023, quest\u2019anno con le nuove risorse le aumentiamo del 40%. Abbiamo anche\u00a0<strong>raddoppiato le risorse dell\u2019Inail per la prevenzione<\/strong>\u00a0in salute e sicurezza sul lavoro, 1 miliardo e mezzo di euro. Abbiamo\u00a0<strong>investito sulla formazione<\/strong>, fin dai banchi di scuola. E abbiamo\u00a0<strong>introdotto nuove misure<\/strong>, a partire da quella patente a punti che i sindacati chiedono da anni. E che ovviamente non attribuisce un punteggio alla vita umana, che ha un valore incalcolabile, ma fissa una soglia di crediti sotto la quale l\u2019azienda non pu\u00f2 svolgere pi\u00f9 la sua attivit\u00e0. Per questo, la chiamer\u00f2 d\u2019ora in poi patente a crediti. Infine, abbiamo<strong>\u00a0rinvigorito il regime sanzionatorio<\/strong>, anche sotto il profilo penale.\u00a0Invito tutti &#8211; forze politiche e parti sociali &#8211; a unirsi in un impegno e uno sforzo comuni, perch\u00e9 comune \u00e8 l\u2019obiettivo: garantire vite umane&#8221;.<\/p>\n<p>&nbsp;<\/p>\n<p><a href=\"https:\/\/claai.info\/cms\/wp-content\/uploads\/2024\/03\/WhatsApp-Image-2024-03-15-at-13.56.19.jpeg\"><img loading=\"lazy\" decoding=\"async\" class=\"size-medium wp-image-2705 aligncenter\" src=\"https:\/\/claai.info\/cms\/wp-content\/uploads\/2024\/03\/WhatsApp-Image-2024-03-15-at-13.56.19-226x300.jpeg\" alt=\"\" width=\"226\" height=\"300\" \/><\/a><\/p>\n","protected":false},"excerpt":{"rendered":"<p>&#8220;Diciamo s\u00ec alla patente a crediti prevista dal DL 2 marzo 2024, n.19\u00a0 &#8211; che dal 1\u00b0 ottobre diventer\u00e0 obbligatoria per imprese e lavoratori autonomi che intendano operare nell\u2019ambito dei cantieri edili &#8211; a condizione che questa sia uno strumento di semplificazione dell\u2019attivit\u00e0 burocratica nella gestione dei cantieri e sostituisca i 30 documenti che gli [&hellip;]<\/p>\n","protected":false},"author":5,"featured_media":0,"comment_status":"closed","ping_status":"closed","sticky":false,"template":"","format":"standard","meta":{"_et_pb_use_builder":"","_et_pb_old_content":"","_et_gb_content_width":"","footnotes":""},"categories":[1],"tags":[],"class_list":["post-2702","post","type-post","status-publish","format-standard","hentry","category-senza-categoria"],"yoast_head":"<!-- This site is optimized with the Yoast SEO plugin v27.5 - https:\/\/yoast.com\/product\/yoast-seo-wordpress\/ -->\n<title>\u201cSI\u2019 ALLA PATENTE A CREDITI SE SAR\u00c0 UNA SEMPLIFICAZIONE PER L\u2019ARTIGIANO IN CANTIERE\u201d. LA POSIZIONE DI CLAAI ALL\u2019INCONTRO COL MINISTRO CALDERONE - claai.info<\/title>\n<meta name=\"robots\" content=\"index, follow, max-snippet:-1, max-image-preview:large, max-video-preview:-1\" \/>\n<link rel=\"canonical\" href=\"https:\/\/claai.info\/cms\/si-alla-patente-a-crediti-se-sara-una-semplificazione-per-lartigiano-in-cantiere-la-posizione-di-claai-allincontro-col-ministro-calderone\/\" \/>\n<meta property=\"og:locale\" content=\"it_IT\" \/>\n<meta property=\"og:type\" content=\"article\" \/>\n<meta property=\"og:title\" content=\"\u201cSI\u2019 ALLA PATENTE A CREDITI SE SAR\u00c0 UNA SEMPLIFICAZIONE PER L\u2019ARTIGIANO IN CANTIERE\u201d. LA POSIZIONE DI CLAAI ALL\u2019INCONTRO COL MINISTRO CALDERONE - claai.info\" \/>\n<meta property=\"og:description\" content=\"&#8220;Diciamo s\u00ec alla patente a crediti prevista dal DL 2 marzo 2024, n.19\u00a0 &#8211; che dal 1\u00b0 ottobre diventer\u00e0 obbligatoria per imprese e lavoratori autonomi che intendano operare nell\u2019ambito dei cantieri edili &#8211; a condizione che questa sia uno strumento di semplificazione dell\u2019attivit\u00e0 burocratica nella gestione dei cantieri e sostituisca i 30 documenti che gli [&hellip;]\" \/>\n<meta property=\"og:url\" content=\"https:\/\/claai.info\/cms\/si-alla-patente-a-crediti-se-sara-una-semplificazione-per-lartigiano-in-cantiere-la-posizione-di-claai-allincontro-col-ministro-calderone\/\" \/>\n<meta property=\"og:site_name\" content=\"claai.info\" \/>\n<meta property=\"article:published_time\" content=\"2024-03-16T17:22:00+00:00\" \/>\n<meta property=\"article:modified_time\" content=\"2024-03-16T17:44:00+00:00\" \/>\n<meta property=\"og:image\" content=\"https:\/\/claai.info\/cms\/wp-content\/uploads\/2024\/03\/WhatsApp-Image-2024-03-15-at-09.52.51-169x300.jpeg\" \/>\n<meta name=\"author\" content=\"Roldano Radaelli\" \/>\n<meta name=\"twitter:label1\" content=\"Scritto da\" \/>\n\t<meta name=\"twitter:data1\" content=\"Roldano Radaelli\" \/>\n\t<meta name=\"twitter:label2\" content=\"Tempo di lettura stimato\" \/>\n\t<meta name=\"twitter:data2\" content=\"4 minuti\" \/>\n<script type=\"application\/ld+json\" class=\"yoast-schema-graph\">{\"@context\":\"https:\\\/\\\/schema.org\",\"@graph\":[{\"@type\":\"Article\",\"@id\":\"https:\\\/\\\/claai.info\\\/cms\\\/si-alla-patente-a-crediti-se-sara-una-semplificazione-per-lartigiano-in-cantiere-la-posizione-di-claai-allincontro-col-ministro-calderone\\\/#article\",\"isPartOf\":{\"@id\":\"https:\\\/\\\/claai.info\\\/cms\\\/si-alla-patente-a-crediti-se-sara-una-semplificazione-per-lartigiano-in-cantiere-la-posizione-di-claai-allincontro-col-ministro-calderone\\\/\"},\"author\":{\"name\":\"Roldano Radaelli\",\"@id\":\"https:\\\/\\\/claai.info\\\/cms\\\/#\\\/schema\\\/person\\\/d634d034d50532073c4c85c3eb23b46e\"},\"headline\":\"\u201cSI\u2019 ALLA PATENTE A CREDITI SE SAR\u00c0 UNA SEMPLIFICAZIONE PER L\u2019ARTIGIANO IN CANTIERE\u201d. LA POSIZIONE DI CLAAI ALL\u2019INCONTRO COL MINISTRO CALDERONE\",\"datePublished\":\"2024-03-16T17:22:00+00:00\",\"dateModified\":\"2024-03-16T17:44:00+00:00\",\"mainEntityOfPage\":{\"@id\":\"https:\\\/\\\/claai.info\\\/cms\\\/si-alla-patente-a-crediti-se-sara-una-semplificazione-per-lartigiano-in-cantiere-la-posizione-di-claai-allincontro-col-ministro-calderone\\\/\"},\"wordCount\":543,\"image\":{\"@id\":\"https:\\\/\\\/claai.info\\\/cms\\\/si-alla-patente-a-crediti-se-sara-una-semplificazione-per-lartigiano-in-cantiere-la-posizione-di-claai-allincontro-col-ministro-calderone\\\/#primaryimage\"},\"thumbnailUrl\":\"https:\\\/\\\/claai.info\\\/cms\\\/wp-content\\\/uploads\\\/2024\\\/03\\\/WhatsApp-Image-2024-03-15-at-09.52.51-169x300.jpeg\",\"inLanguage\":\"it-IT\"},{\"@type\":\"WebPage\",\"@id\":\"https:\\\/\\\/claai.info\\\/cms\\\/si-alla-patente-a-crediti-se-sara-una-semplificazione-per-lartigiano-in-cantiere-la-posizione-di-claai-allincontro-col-ministro-calderone\\\/\",\"url\":\"https:\\\/\\\/claai.info\\\/cms\\\/si-alla-patente-a-crediti-se-sara-una-semplificazione-per-lartigiano-in-cantiere-la-posizione-di-claai-allincontro-col-ministro-calderone\\\/\",\"name\":\"\u201cSI\u2019 ALLA PATENTE A CREDITI SE SAR\u00c0 UNA SEMPLIFICAZIONE PER L\u2019ARTIGIANO IN CANTIERE\u201d. LA POSIZIONE DI CLAAI ALL\u2019INCONTRO COL MINISTRO CALDERONE - claai.info\",\"isPartOf\":{\"@id\":\"https:\\\/\\\/claai.info\\\/cms\\\/#website\"},\"primaryImageOfPage\":{\"@id\":\"https:\\\/\\\/claai.info\\\/cms\\\/si-alla-patente-a-crediti-se-sara-una-semplificazione-per-lartigiano-in-cantiere-la-posizione-di-claai-allincontro-col-ministro-calderone\\\/#primaryimage\"},\"image\":{\"@id\":\"https:\\\/\\\/claai.info\\\/cms\\\/si-alla-patente-a-crediti-se-sara-una-semplificazione-per-lartigiano-in-cantiere-la-posizione-di-claai-allincontro-col-ministro-calderone\\\/#primaryimage\"},\"thumbnailUrl\":\"https:\\\/\\\/claai.info\\\/cms\\\/wp-content\\\/uploads\\\/2024\\\/03\\\/WhatsApp-Image-2024-03-15-at-09.52.51-169x300.jpeg\",\"datePublished\":\"2024-03-16T17:22:00+00:00\",\"dateModified\":\"2024-03-16T17:44:00+00:00\",\"author\":{\"@id\":\"https:\\\/\\\/claai.info\\\/cms\\\/#\\\/schema\\\/person\\\/d634d034d50532073c4c85c3eb23b46e\"},\"inLanguage\":\"it-IT\",\"potentialAction\":[{\"@type\":\"ReadAction\",\"target\":[\"https:\\\/\\\/claai.info\\\/cms\\\/si-alla-patente-a-crediti-se-sara-una-semplificazione-per-lartigiano-in-cantiere-la-posizione-di-claai-allincontro-col-ministro-calderone\\\/\"]}]},{\"@type\":\"ImageObject\",\"inLanguage\":\"it-IT\",\"@id\":\"https:\\\/\\\/claai.info\\\/cms\\\/si-alla-patente-a-crediti-se-sara-una-semplificazione-per-lartigiano-in-cantiere-la-posizione-di-claai-allincontro-col-ministro-calderone\\\/#primaryimage\",\"url\":\"https:\\\/\\\/claai.info\\\/cms\\\/wp-content\\\/uploads\\\/2024\\\/03\\\/WhatsApp-Image-2024-03-15-at-09.52.51.jpeg\",\"contentUrl\":\"https:\\\/\\\/claai.info\\\/cms\\\/wp-content\\\/uploads\\\/2024\\\/03\\\/WhatsApp-Image-2024-03-15-at-09.52.51.jpeg\",\"width\":900,\"height\":1600},{\"@type\":\"WebSite\",\"@id\":\"https:\\\/\\\/claai.info\\\/cms\\\/#website\",\"url\":\"https:\\\/\\\/claai.info\\\/cms\\\/\",\"name\":\"claai.info\",\"description\":\"Confederazione delle Libere Associazioni Artigiane Italiane\",\"potentialAction\":[{\"@type\":\"SearchAction\",\"target\":{\"@type\":\"EntryPoint\",\"urlTemplate\":\"https:\\\/\\\/claai.info\\\/cms\\\/?s={search_term_string}\"},\"query-input\":{\"@type\":\"PropertyValueSpecification\",\"valueRequired\":true,\"valueName\":\"search_term_string\"}}],\"inLanguage\":\"it-IT\"},{\"@type\":\"Person\",\"@id\":\"https:\\\/\\\/claai.info\\\/cms\\\/#\\\/schema\\\/person\\\/d634d034d50532073c4c85c3eb23b46e\",\"name\":\"Roldano Radaelli\",\"image\":{\"@type\":\"ImageObject\",\"inLanguage\":\"it-IT\",\"@id\":\"https:\\\/\\\/secure.gravatar.com\\\/avatar\\\/97809b9ddd3df37c1ba1778903f83cd304e9ead5255b24490d0157d2cf5c0bac?s=96&d=mm&r=g\",\"url\":\"https:\\\/\\\/secure.gravatar.com\\\/avatar\\\/97809b9ddd3df37c1ba1778903f83cd304e9ead5255b24490d0157d2cf5c0bac?s=96&d=mm&r=g\",\"contentUrl\":\"https:\\\/\\\/secure.gravatar.com\\\/avatar\\\/97809b9ddd3df37c1ba1778903f83cd304e9ead5255b24490d0157d2cf5c0bac?s=96&d=mm&r=g\",\"caption\":\"Roldano Radaelli\"},\"sameAs\":[\"https:\\\/\\\/claai.info\\\/\"],\"url\":\"https:\\\/\\\/claai.info\\\/cms\\\/author\\\/rradaelli\\\/\"}]}<\/script>\n<!-- \/ Yoast SEO plugin. -->","yoast_head_json":{"title":"\u201cSI\u2019 ALLA PATENTE A CREDITI SE SAR\u00c0 UNA SEMPLIFICAZIONE PER L\u2019ARTIGIANO IN CANTIERE\u201d. LA POSIZIONE DI CLAAI ALL\u2019INCONTRO COL MINISTRO CALDERONE - claai.info","robots":{"index":"index","follow":"follow","max-snippet":"max-snippet:-1","max-image-preview":"max-image-preview:large","max-video-preview":"max-video-preview:-1"},"canonical":"https:\/\/claai.info\/cms\/si-alla-patente-a-crediti-se-sara-una-semplificazione-per-lartigiano-in-cantiere-la-posizione-di-claai-allincontro-col-ministro-calderone\/","og_locale":"it_IT","og_type":"article","og_title":"\u201cSI\u2019 ALLA PATENTE A CREDITI SE SAR\u00c0 UNA SEMPLIFICAZIONE PER L\u2019ARTIGIANO IN CANTIERE\u201d. LA POSIZIONE DI CLAAI ALL\u2019INCONTRO COL MINISTRO CALDERONE - claai.info","og_description":"&#8220;Diciamo s\u00ec alla patente a crediti prevista dal DL 2 marzo 2024, n.19\u00a0 &#8211; che dal 1\u00b0 ottobre diventer\u00e0 obbligatoria per imprese e lavoratori autonomi che intendano operare nell\u2019ambito dei cantieri edili &#8211; a condizione che questa sia uno strumento di semplificazione dell\u2019attivit\u00e0 burocratica nella gestione dei cantieri e sostituisca i 30 documenti che gli [&hellip;]","og_url":"https:\/\/claai.info\/cms\/si-alla-patente-a-crediti-se-sara-una-semplificazione-per-lartigiano-in-cantiere-la-posizione-di-claai-allincontro-col-ministro-calderone\/","og_site_name":"claai.info","article_published_time":"2024-03-16T17:22:00+00:00","article_modified_time":"2024-03-16T17:44:00+00:00","og_image":[{"url":"https:\/\/claai.info\/cms\/wp-content\/uploads\/2024\/03\/WhatsApp-Image-2024-03-15-at-09.52.51-169x300.jpeg","type":"","width":"","height":""}],"author":"Roldano Radaelli","twitter_misc":{"Scritto da":"Roldano Radaelli","Tempo di lettura stimato":"4 minuti"},"schema":{"@context":"https:\/\/schema.org","@graph":[{"@type":"Article","@id":"https:\/\/claai.info\/cms\/si-alla-patente-a-crediti-se-sara-una-semplificazione-per-lartigiano-in-cantiere-la-posizione-di-claai-allincontro-col-ministro-calderone\/#article","isPartOf":{"@id":"https:\/\/claai.info\/cms\/si-alla-patente-a-crediti-se-sara-una-semplificazione-per-lartigiano-in-cantiere-la-posizione-di-claai-allincontro-col-ministro-calderone\/"},"author":{"name":"Roldano Radaelli","@id":"https:\/\/claai.info\/cms\/#\/schema\/person\/d634d034d50532073c4c85c3eb23b46e"},"headline":"\u201cSI\u2019 ALLA PATENTE A CREDITI SE SAR\u00c0 UNA SEMPLIFICAZIONE PER L\u2019ARTIGIANO IN CANTIERE\u201d. LA POSIZIONE DI CLAAI ALL\u2019INCONTRO COL MINISTRO CALDERONE","datePublished":"2024-03-16T17:22:00+00:00","dateModified":"2024-03-16T17:44:00+00:00","mainEntityOfPage":{"@id":"https:\/\/claai.info\/cms\/si-alla-patente-a-crediti-se-sara-una-semplificazione-per-lartigiano-in-cantiere-la-posizione-di-claai-allincontro-col-ministro-calderone\/"},"wordCount":543,"image":{"@id":"https:\/\/claai.info\/cms\/si-alla-patente-a-crediti-se-sara-una-semplificazione-per-lartigiano-in-cantiere-la-posizione-di-claai-allincontro-col-ministro-calderone\/#primaryimage"},"thumbnailUrl":"https:\/\/claai.info\/cms\/wp-content\/uploads\/2024\/03\/WhatsApp-Image-2024-03-15-at-09.52.51-169x300.jpeg","inLanguage":"it-IT"},{"@type":"WebPage","@id":"https:\/\/claai.info\/cms\/si-alla-patente-a-crediti-se-sara-una-semplificazione-per-lartigiano-in-cantiere-la-posizione-di-claai-allincontro-col-ministro-calderone\/","url":"https:\/\/claai.info\/cms\/si-alla-patente-a-crediti-se-sara-una-semplificazione-per-lartigiano-in-cantiere-la-posizione-di-claai-allincontro-col-ministro-calderone\/","name":"\u201cSI\u2019 ALLA PATENTE A CREDITI SE SAR\u00c0 UNA SEMPLIFICAZIONE PER L\u2019ARTIGIANO IN CANTIERE\u201d. LA POSIZIONE DI CLAAI ALL\u2019INCONTRO COL MINISTRO CALDERONE - claai.info","isPartOf":{"@id":"https:\/\/claai.info\/cms\/#website"},"primaryImageOfPage":{"@id":"https:\/\/claai.info\/cms\/si-alla-patente-a-crediti-se-sara-una-semplificazione-per-lartigiano-in-cantiere-la-posizione-di-claai-allincontro-col-ministro-calderone\/#primaryimage"},"image":{"@id":"https:\/\/claai.info\/cms\/si-alla-patente-a-crediti-se-sara-una-semplificazione-per-lartigiano-in-cantiere-la-posizione-di-claai-allincontro-col-ministro-calderone\/#primaryimage"},"thumbnailUrl":"https:\/\/claai.info\/cms\/wp-content\/uploads\/2024\/03\/WhatsApp-Image-2024-03-15-at-09.52.51-169x300.jpeg","datePublished":"2024-03-16T17:22:00+00:00","dateModified":"2024-03-16T17:44:00+00:00","author":{"@id":"https:\/\/claai.info\/cms\/#\/schema\/person\/d634d034d50532073c4c85c3eb23b46e"},"inLanguage":"it-IT","potentialAction":[{"@type":"ReadAction","target":["https:\/\/claai.info\/cms\/si-alla-patente-a-crediti-se-sara-una-semplificazione-per-lartigiano-in-cantiere-la-posizione-di-claai-allincontro-col-ministro-calderone\/"]}]},{"@type":"ImageObject","inLanguage":"it-IT","@id":"https:\/\/claai.info\/cms\/si-alla-patente-a-crediti-se-sara-una-semplificazione-per-lartigiano-in-cantiere-la-posizione-di-claai-allincontro-col-ministro-calderone\/#primaryimage","url":"https:\/\/claai.info\/cms\/wp-content\/uploads\/2024\/03\/WhatsApp-Image-2024-03-15-at-09.52.51.jpeg","contentUrl":"https:\/\/claai.info\/cms\/wp-content\/uploads\/2024\/03\/WhatsApp-Image-2024-03-15-at-09.52.51.jpeg","width":900,"height":1600},{"@type":"WebSite","@id":"https:\/\/claai.info\/cms\/#website","url":"https:\/\/claai.info\/cms\/","name":"claai.info","description":"Confederazione delle Libere Associazioni Artigiane Italiane","potentialAction":[{"@type":"SearchAction","target":{"@type":"EntryPoint","urlTemplate":"https:\/\/claai.info\/cms\/?s={search_term_string}"},"query-input":{"@type":"PropertyValueSpecification","valueRequired":true,"valueName":"search_term_string"}}],"inLanguage":"it-IT"},{"@type":"Person","@id":"https:\/\/claai.info\/cms\/#\/schema\/person\/d634d034d50532073c4c85c3eb23b46e","name":"Roldano Radaelli","image":{"@type":"ImageObject","inLanguage":"it-IT","@id":"https:\/\/secure.gravatar.com\/avatar\/97809b9ddd3df37c1ba1778903f83cd304e9ead5255b24490d0157d2cf5c0bac?s=96&d=mm&r=g","url":"https:\/\/secure.gravatar.com\/avatar\/97809b9ddd3df37c1ba1778903f83cd304e9ead5255b24490d0157d2cf5c0bac?s=96&d=mm&r=g","contentUrl":"https:\/\/secure.gravatar.com\/avatar\/97809b9ddd3df37c1ba1778903f83cd304e9ead5255b24490d0157d2cf5c0bac?s=96&d=mm&r=g","caption":"Roldano Radaelli"},"sameAs":["https:\/\/claai.info\/"],"url":"https:\/\/claai.info\/cms\/author\/rradaelli\/"}]}},"_links":{"self":[{"href":"https:\/\/claai.info\/cms\/wp-json\/wp\/v2\/posts\/2702","targetHints":{"allow":["GET"]}}],"collection":[{"href":"https:\/\/claai.info\/cms\/wp-json\/wp\/v2\/posts"}],"about":[{"href":"https:\/\/claai.info\/cms\/wp-json\/wp\/v2\/types\/post"}],"author":[{"embeddable":true,"href":"https:\/\/claai.info\/cms\/wp-json\/wp\/v2\/users\/5"}],"replies":[{"embeddable":true,"href":"https:\/\/claai.info\/cms\/wp-json\/wp\/v2\/comments?post=2702"}],"version-history":[{"count":2,"href":"https:\/\/claai.info\/cms\/wp-json\/wp\/v2\/posts\/2702\/revisions"}],"predecessor-version":[{"id":2714,"href":"https:\/\/claai.info\/cms\/wp-json\/wp\/v2\/posts\/2702\/revisions\/2714"}],"wp:attachment":[{"href":"https:\/\/claai.info\/cms\/wp-json\/wp\/v2\/media?parent=2702"}],"wp:term":[{"taxonomy":"category","embeddable":true,"href":"https:\/\/claai.info\/cms\/wp-json\/wp\/v2\/categories?post=2702"},{"taxonomy":"post_tag","embeddable":true,"href":"https:\/\/claai.info\/cms\/wp-json\/wp\/v2\/tags?post=2702"}],"curies":[{"name":"wp","href":"https:\/\/api.w.org\/{rel}","templated":true}]}}