{"id":272,"date":"2014-02-06T09:07:14","date_gmt":"2014-02-06T08:07:14","guid":{"rendered":"https:\/\/claai.info\/cms\/?p=272"},"modified":"2018-01-18T15:27:04","modified_gmt":"2018-01-18T14:27:04","slug":"stralciata-la-proposta-di-riforma-rc-auto","status":"publish","type":"post","link":"https:\/\/claai.info\/cms\/stralciata-la-proposta-di-riforma-rc-auto\/","title":{"rendered":"Stralciata la proposta di riforma Rc-auto"},"content":{"rendered":"<p><span style=\"font-family: verdana,geneva; font-size: small;\">La Claai accoglie con favore l&#8217;annunciato <strong>stralcio dell&#8217;articolo 8 del decreto &#8220;Destinazione Italia&#8221;, <\/strong>inerente la riforma dell&#8217;Rc auto, in particolare del risarcimento &#8220;in forma specifica&#8221;.<br \/>\n<\/span><\/p>\n<p><span style=\"font-family: verdana,geneva;\"><span style=\"font-size: small;\">&#8220;<em>Esprimiamo grande soddisfazione<\/em> &#8211; afferma il segretario generale, <strong>Marco Accornero<\/strong> &#8211; <em>per la scelta di rinunciare a trasformare in legge un provvedimento che avrebbe inciso negativamente sulla categoria dei carrozzieri e sulla libera scelta dei consumatori. Confermiamo la massima disponibilit\u00e0 per un confronto su questo tema particolarmente complesso, che per\u00f2 non pu\u00f2 non coinvolgere e tener conto delle 14mila imprese di carrozzeria per circa 60mila addetti in Italia. Con questo stralcio sono state <strong>salvate il 30% delle carrozzerie del Paese e migliaia di dipendenti<\/strong>.&#8221;<\/em><\/span><\/span>\u00a0<\/p>\n<p><span style=\"font-family: verdana,geneva; font-size: small;\">Secondo una indagine realizzata dalla Claai, infatti,\u00a0con la riforma proposta che avrebbe assegnato i lavori di riparazione dei danni da sinistro alle sole carrozzerie convenzionate con le compagnie assicurative, sarebbero state <strong>messe a repentaglio\u00a0circa\u00a04500 imprese di carrozzeria, per almeno 15mila addetti<\/strong> a rischio posto di lavoro.<\/span>\u00a0<\/p>\n<p><span style=\"font-family: verdana,geneva; font-size: small;\">&#8220;<em>Ringraziamo per l&#8217;impegno nel sostenere le nostre posizioni di critica e nel perorare lo stralcio della riforma <\/em>&#8211; rimarca Accornero &#8211;\u00a0<\/span><span style=\"font-family: verdana,geneva;\"><span style=\"font-size: small;\"><em>tutti i parlamentari che si sono mossi in questo senso, in particolare il <strong>senatore Maurizio Sacconi<\/strong> e l&#8217;<strong>onorevole Marco Carra<\/strong>.&#8221;<\/em><\/span><\/span><\/p>\n<p>&#8220;Occorre pensare\u00a0a un provvedimento ordinario &#8211; conclude Accornero &#8211; <em>che consenta di verificare approfonditamente l&#8217;impatto di una riforma su tutta la filiera legata al settore del risarcimento dei danni da sinistro automobilistico, senza penalizzare le imprese artigiane indipendenti e la libert\u00e0 di scelta dei consumatori.&#8221;<\/em><\/p>\n<p>&nbsp;<\/p>\n","protected":false},"excerpt":{"rendered":"<p>La Claai accoglie con favore l&#8217;annunciato stralcio dell&#8217;articolo 8 del decreto &#8220;Destinazione Italia&#8221;, inerente la riforma dell&#8217;Rc auto, in particolare del risarcimento &#8220;in forma specifica&#8221;. &#8220;Esprimiamo grande soddisfazione &#8211; afferma il segretario generale, Marco Accornero &#8211; per la scelta di rinunciare a trasformare in legge un provvedimento che avrebbe inciso negativamente sulla categoria dei carrozzieri [&hellip;]<\/p>\n","protected":false},"author":3,"featured_media":273,"comment_status":"open","ping_status":"open","sticky":false,"template":"","format":"standard","meta":{"_et_pb_use_builder":"","_et_pb_old_content":"","_et_gb_content_width":"","footnotes":""},"categories":[1],"tags":[],"class_list":["post-272","post","type-post","status-publish","format-standard","has-post-thumbnail","hentry","category-senza-categoria"],"yoast_head":"<!-- This site is optimized with the Yoast SEO plugin v27.5 - https:\/\/yoast.com\/product\/yoast-seo-wordpress\/ -->\n<title>Stralciata la proposta di riforma Rc-auto - claai.info<\/title>\n<meta name=\"robots\" content=\"index, follow, max-snippet:-1, max-image-preview:large, max-video-preview:-1\" \/>\n<link rel=\"canonical\" href=\"https:\/\/claai.info\/cms\/stralciata-la-proposta-di-riforma-rc-auto\/\" \/>\n<meta property=\"og:locale\" content=\"it_IT\" \/>\n<meta property=\"og:type\" content=\"article\" \/>\n<meta property=\"og:title\" content=\"Stralciata la proposta di riforma Rc-auto - claai.info\" \/>\n<meta property=\"og:description\" content=\"La Claai accoglie con favore l&#8217;annunciato stralcio dell&#8217;articolo 8 del decreto &#8220;Destinazione Italia&#8221;, inerente la riforma dell&#8217;Rc auto, in particolare del risarcimento &#8220;in forma specifica&#8221;. &#8220;Esprimiamo grande soddisfazione &#8211; afferma il segretario generale, Marco Accornero &#8211; per la scelta di rinunciare a trasformare in legge un provvedimento che avrebbe inciso negativamente sulla categoria dei carrozzieri [&hellip;]\" \/>\n<meta property=\"og:url\" content=\"https:\/\/claai.info\/cms\/stralciata-la-proposta-di-riforma-rc-auto\/\" \/>\n<meta property=\"og:site_name\" content=\"claai.info\" \/>\n<meta property=\"article:published_time\" content=\"2014-02-06T08:07:14+00:00\" \/>\n<meta property=\"article:modified_time\" content=\"2018-01-18T14:27:04+00:00\" \/>\n<meta property=\"og:image\" content=\"https:\/\/claai.info\/cms\/wp-content\/uploads\/2014\/02\/rca.jpg\" \/>\n\t<meta property=\"og:image:width\" content=\"263\" \/>\n\t<meta property=\"og:image:height\" content=\"191\" \/>\n\t<meta property=\"og:image:type\" content=\"image\/jpeg\" \/>\n<meta name=\"author\" content=\"Andrea Rovelli\" \/>\n<meta name=\"twitter:label1\" content=\"Scritto da\" \/>\n\t<meta name=\"twitter:data1\" content=\"Andrea Rovelli\" \/>\n\t<meta name=\"twitter:label2\" content=\"Tempo di lettura stimato\" \/>\n\t<meta name=\"twitter:data2\" content=\"1 minuto\" \/>\n<script type=\"application\/ld+json\" class=\"yoast-schema-graph\">{\"@context\":\"https:\\\/\\\/schema.org\",\"@graph\":[{\"@type\":\"Article\",\"@id\":\"https:\\\/\\\/claai.info\\\/cms\\\/stralciata-la-proposta-di-riforma-rc-auto\\\/#article\",\"isPartOf\":{\"@id\":\"https:\\\/\\\/claai.info\\\/cms\\\/stralciata-la-proposta-di-riforma-rc-auto\\\/\"},\"author\":{\"name\":\"Andrea Rovelli\",\"@id\":\"https:\\\/\\\/claai.info\\\/cms\\\/#\\\/schema\\\/person\\\/791c552cf3cc082152dd350d688b7db7\"},\"headline\":\"Stralciata la proposta di riforma Rc-auto\",\"datePublished\":\"2014-02-06T08:07:14+00:00\",\"dateModified\":\"2018-01-18T14:27:04+00:00\",\"mainEntityOfPage\":{\"@id\":\"https:\\\/\\\/claai.info\\\/cms\\\/stralciata-la-proposta-di-riforma-rc-auto\\\/\"},\"wordCount\":255,\"commentCount\":0,\"image\":{\"@id\":\"https:\\\/\\\/claai.info\\\/cms\\\/stralciata-la-proposta-di-riforma-rc-auto\\\/#primaryimage\"},\"thumbnailUrl\":\"https:\\\/\\\/claai.info\\\/cms\\\/wp-content\\\/uploads\\\/2014\\\/02\\\/rca.jpg\",\"inLanguage\":\"it-IT\",\"potentialAction\":[{\"@type\":\"CommentAction\",\"name\":\"Comment\",\"target\":[\"https:\\\/\\\/claai.info\\\/cms\\\/stralciata-la-proposta-di-riforma-rc-auto\\\/#respond\"]}]},{\"@type\":\"WebPage\",\"@id\":\"https:\\\/\\\/claai.info\\\/cms\\\/stralciata-la-proposta-di-riforma-rc-auto\\\/\",\"url\":\"https:\\\/\\\/claai.info\\\/cms\\\/stralciata-la-proposta-di-riforma-rc-auto\\\/\",\"name\":\"Stralciata la proposta di riforma Rc-auto - claai.info\",\"isPartOf\":{\"@id\":\"https:\\\/\\\/claai.info\\\/cms\\\/#website\"},\"primaryImageOfPage\":{\"@id\":\"https:\\\/\\\/claai.info\\\/cms\\\/stralciata-la-proposta-di-riforma-rc-auto\\\/#primaryimage\"},\"image\":{\"@id\":\"https:\\\/\\\/claai.info\\\/cms\\\/stralciata-la-proposta-di-riforma-rc-auto\\\/#primaryimage\"},\"thumbnailUrl\":\"https:\\\/\\\/claai.info\\\/cms\\\/wp-content\\\/uploads\\\/2014\\\/02\\\/rca.jpg\",\"datePublished\":\"2014-02-06T08:07:14+00:00\",\"dateModified\":\"2018-01-18T14:27:04+00:00\",\"author\":{\"@id\":\"https:\\\/\\\/claai.info\\\/cms\\\/#\\\/schema\\\/person\\\/791c552cf3cc082152dd350d688b7db7\"},\"inLanguage\":\"it-IT\",\"potentialAction\":[{\"@type\":\"ReadAction\",\"target\":[\"https:\\\/\\\/claai.info\\\/cms\\\/stralciata-la-proposta-di-riforma-rc-auto\\\/\"]}]},{\"@type\":\"ImageObject\",\"inLanguage\":\"it-IT\",\"@id\":\"https:\\\/\\\/claai.info\\\/cms\\\/stralciata-la-proposta-di-riforma-rc-auto\\\/#primaryimage\",\"url\":\"https:\\\/\\\/claai.info\\\/cms\\\/wp-content\\\/uploads\\\/2014\\\/02\\\/rca.jpg\",\"contentUrl\":\"https:\\\/\\\/claai.info\\\/cms\\\/wp-content\\\/uploads\\\/2014\\\/02\\\/rca.jpg\",\"width\":263,\"height\":191},{\"@type\":\"WebSite\",\"@id\":\"https:\\\/\\\/claai.info\\\/cms\\\/#website\",\"url\":\"https:\\\/\\\/claai.info\\\/cms\\\/\",\"name\":\"claai.info\",\"description\":\"Confederazione delle Libere Associazioni Artigiane Italiane\",\"potentialAction\":[{\"@type\":\"SearchAction\",\"target\":{\"@type\":\"EntryPoint\",\"urlTemplate\":\"https:\\\/\\\/claai.info\\\/cms\\\/?s={search_term_string}\"},\"query-input\":{\"@type\":\"PropertyValueSpecification\",\"valueRequired\":true,\"valueName\":\"search_term_string\"}}],\"inLanguage\":\"it-IT\"},{\"@type\":\"Person\",\"@id\":\"https:\\\/\\\/claai.info\\\/cms\\\/#\\\/schema\\\/person\\\/791c552cf3cc082152dd350d688b7db7\",\"name\":\"Andrea Rovelli\",\"image\":{\"@type\":\"ImageObject\",\"inLanguage\":\"it-IT\",\"@id\":\"https:\\\/\\\/secure.gravatar.com\\\/avatar\\\/5d99d1feb41c1499c90e921d0601cdf490eecb3af40cf941d49b4305ed4fb837?s=96&d=mm&r=g\",\"url\":\"https:\\\/\\\/secure.gravatar.com\\\/avatar\\\/5d99d1feb41c1499c90e921d0601cdf490eecb3af40cf941d49b4305ed4fb837?s=96&d=mm&r=g\",\"contentUrl\":\"https:\\\/\\\/secure.gravatar.com\\\/avatar\\\/5d99d1feb41c1499c90e921d0601cdf490eecb3af40cf941d49b4305ed4fb837?s=96&d=mm&r=g\",\"caption\":\"Andrea Rovelli\"},\"url\":\"https:\\\/\\\/claai.info\\\/cms\\\/author\\\/arovelli\\\/\"}]}<\/script>\n<!-- \/ Yoast SEO plugin. -->","yoast_head_json":{"title":"Stralciata la proposta di riforma Rc-auto - claai.info","robots":{"index":"index","follow":"follow","max-snippet":"max-snippet:-1","max-image-preview":"max-image-preview:large","max-video-preview":"max-video-preview:-1"},"canonical":"https:\/\/claai.info\/cms\/stralciata-la-proposta-di-riforma-rc-auto\/","og_locale":"it_IT","og_type":"article","og_title":"Stralciata la proposta di riforma Rc-auto - claai.info","og_description":"La Claai accoglie con favore l&#8217;annunciato stralcio dell&#8217;articolo 8 del decreto &#8220;Destinazione Italia&#8221;, inerente la riforma dell&#8217;Rc auto, in particolare del risarcimento &#8220;in forma specifica&#8221;. &#8220;Esprimiamo grande soddisfazione &#8211; afferma il segretario generale, Marco Accornero &#8211; per la scelta di rinunciare a trasformare in legge un provvedimento che avrebbe inciso negativamente sulla categoria dei carrozzieri [&hellip;]","og_url":"https:\/\/claai.info\/cms\/stralciata-la-proposta-di-riforma-rc-auto\/","og_site_name":"claai.info","article_published_time":"2014-02-06T08:07:14+00:00","article_modified_time":"2018-01-18T14:27:04+00:00","og_image":[{"width":263,"height":191,"url":"https:\/\/claai.info\/cms\/wp-content\/uploads\/2014\/02\/rca.jpg","type":"image\/jpeg"}],"author":"Andrea Rovelli","twitter_misc":{"Scritto da":"Andrea Rovelli","Tempo di lettura stimato":"1 minuto"},"schema":{"@context":"https:\/\/schema.org","@graph":[{"@type":"Article","@id":"https:\/\/claai.info\/cms\/stralciata-la-proposta-di-riforma-rc-auto\/#article","isPartOf":{"@id":"https:\/\/claai.info\/cms\/stralciata-la-proposta-di-riforma-rc-auto\/"},"author":{"name":"Andrea Rovelli","@id":"https:\/\/claai.info\/cms\/#\/schema\/person\/791c552cf3cc082152dd350d688b7db7"},"headline":"Stralciata la proposta di riforma Rc-auto","datePublished":"2014-02-06T08:07:14+00:00","dateModified":"2018-01-18T14:27:04+00:00","mainEntityOfPage":{"@id":"https:\/\/claai.info\/cms\/stralciata-la-proposta-di-riforma-rc-auto\/"},"wordCount":255,"commentCount":0,"image":{"@id":"https:\/\/claai.info\/cms\/stralciata-la-proposta-di-riforma-rc-auto\/#primaryimage"},"thumbnailUrl":"https:\/\/claai.info\/cms\/wp-content\/uploads\/2014\/02\/rca.jpg","inLanguage":"it-IT","potentialAction":[{"@type":"CommentAction","name":"Comment","target":["https:\/\/claai.info\/cms\/stralciata-la-proposta-di-riforma-rc-auto\/#respond"]}]},{"@type":"WebPage","@id":"https:\/\/claai.info\/cms\/stralciata-la-proposta-di-riforma-rc-auto\/","url":"https:\/\/claai.info\/cms\/stralciata-la-proposta-di-riforma-rc-auto\/","name":"Stralciata la proposta di riforma Rc-auto - claai.info","isPartOf":{"@id":"https:\/\/claai.info\/cms\/#website"},"primaryImageOfPage":{"@id":"https:\/\/claai.info\/cms\/stralciata-la-proposta-di-riforma-rc-auto\/#primaryimage"},"image":{"@id":"https:\/\/claai.info\/cms\/stralciata-la-proposta-di-riforma-rc-auto\/#primaryimage"},"thumbnailUrl":"https:\/\/claai.info\/cms\/wp-content\/uploads\/2014\/02\/rca.jpg","datePublished":"2014-02-06T08:07:14+00:00","dateModified":"2018-01-18T14:27:04+00:00","author":{"@id":"https:\/\/claai.info\/cms\/#\/schema\/person\/791c552cf3cc082152dd350d688b7db7"},"inLanguage":"it-IT","potentialAction":[{"@type":"ReadAction","target":["https:\/\/claai.info\/cms\/stralciata-la-proposta-di-riforma-rc-auto\/"]}]},{"@type":"ImageObject","inLanguage":"it-IT","@id":"https:\/\/claai.info\/cms\/stralciata-la-proposta-di-riforma-rc-auto\/#primaryimage","url":"https:\/\/claai.info\/cms\/wp-content\/uploads\/2014\/02\/rca.jpg","contentUrl":"https:\/\/claai.info\/cms\/wp-content\/uploads\/2014\/02\/rca.jpg","width":263,"height":191},{"@type":"WebSite","@id":"https:\/\/claai.info\/cms\/#website","url":"https:\/\/claai.info\/cms\/","name":"claai.info","description":"Confederazione delle Libere Associazioni Artigiane Italiane","potentialAction":[{"@type":"SearchAction","target":{"@type":"EntryPoint","urlTemplate":"https:\/\/claai.info\/cms\/?s={search_term_string}"},"query-input":{"@type":"PropertyValueSpecification","valueRequired":true,"valueName":"search_term_string"}}],"inLanguage":"it-IT"},{"@type":"Person","@id":"https:\/\/claai.info\/cms\/#\/schema\/person\/791c552cf3cc082152dd350d688b7db7","name":"Andrea Rovelli","image":{"@type":"ImageObject","inLanguage":"it-IT","@id":"https:\/\/secure.gravatar.com\/avatar\/5d99d1feb41c1499c90e921d0601cdf490eecb3af40cf941d49b4305ed4fb837?s=96&d=mm&r=g","url":"https:\/\/secure.gravatar.com\/avatar\/5d99d1feb41c1499c90e921d0601cdf490eecb3af40cf941d49b4305ed4fb837?s=96&d=mm&r=g","contentUrl":"https:\/\/secure.gravatar.com\/avatar\/5d99d1feb41c1499c90e921d0601cdf490eecb3af40cf941d49b4305ed4fb837?s=96&d=mm&r=g","caption":"Andrea Rovelli"},"url":"https:\/\/claai.info\/cms\/author\/arovelli\/"}]}},"_links":{"self":[{"href":"https:\/\/claai.info\/cms\/wp-json\/wp\/v2\/posts\/272","targetHints":{"allow":["GET"]}}],"collection":[{"href":"https:\/\/claai.info\/cms\/wp-json\/wp\/v2\/posts"}],"about":[{"href":"https:\/\/claai.info\/cms\/wp-json\/wp\/v2\/types\/post"}],"author":[{"embeddable":true,"href":"https:\/\/claai.info\/cms\/wp-json\/wp\/v2\/users\/3"}],"replies":[{"embeddable":true,"href":"https:\/\/claai.info\/cms\/wp-json\/wp\/v2\/comments?post=272"}],"version-history":[{"count":2,"href":"https:\/\/claai.info\/cms\/wp-json\/wp\/v2\/posts\/272\/revisions"}],"predecessor-version":[{"id":300,"href":"https:\/\/claai.info\/cms\/wp-json\/wp\/v2\/posts\/272\/revisions\/300"}],"wp:featuredmedia":[{"embeddable":true,"href":"https:\/\/claai.info\/cms\/wp-json\/wp\/v2\/media\/273"}],"wp:attachment":[{"href":"https:\/\/claai.info\/cms\/wp-json\/wp\/v2\/media?parent=272"}],"wp:term":[{"taxonomy":"category","embeddable":true,"href":"https:\/\/claai.info\/cms\/wp-json\/wp\/v2\/categories?post=272"},{"taxonomy":"post_tag","embeddable":true,"href":"https:\/\/claai.info\/cms\/wp-json\/wp\/v2\/tags?post=272"}],"curies":[{"name":"wp","href":"https:\/\/api.w.org\/{rel}","templated":true}]}}