{"id":2721,"date":"2024-04-04T17:09:08","date_gmt":"2024-04-04T15:09:08","guid":{"rendered":"https:\/\/claai.info\/cms\/?p=2721"},"modified":"2024-04-04T17:16:24","modified_gmt":"2024-04-04T15:16:24","slug":"claai_audizione_senato-_ddl672","status":"publish","type":"post","link":"https:\/\/claai.info\/cms\/claai_audizione_senato-_ddl672\/","title":{"rendered":"DDL SEMPLIFICAZIONE SUL LAVORO, LE PROPOSTE DI CLAAI AL SENATO"},"content":{"rendered":"<p>Audizione di\u00a0<strong>CLAAI<\/strong> questo pomeriggio in <strong>Commissione Lavoro del Senato<\/strong>, impegnata nell&#8217;esame del <a href=\"https:\/\/claai.info\/cms\/wp-content\/uploads\/2024\/04\/ddl-672-testo-1.pdf\"><strong>DDL 672 &#8220;Semplificazioni in materia di lavoro e legislazione sociale&#8221;<\/strong><\/a>. Alla seduta hanno partecipato <strong>Giuseppe Lazzeroni, responsabile nazionale delle relazioni sindacali<\/strong> e <strong>Paolo Sebaste<\/strong>, il nostro <strong>funzionario<\/strong> della sede di Roma, che hanno illustrato il <a href=\"https:\/\/claai.info\/cms\/wp-content\/uploads\/2024\/04\/osservazione-audizione-Comm-Lavoro-SENATO-CLAAI-_2024.04.04.pdf\">documento con le osservazioni relative al DDL<\/a> poi consegnate al membri della Commissione.<\/p>\n<p>Il Disegno di Legge &#8211; primo firmatario la <strong>Sen. Paola Mancini (FdI)<\/strong> &#8211; ha l&#8217;obiettivo di eliminare il contenzioso e fare chiarezza legislativa su numerosi punti. Tra questi: l&#8217;<strong>eliminazione delle causali dei contratti a termine<\/strong>, la <strong>definizione puntuale della durata del periodo di prova per i contratti a tempo determinato sotto i 12 mesi<\/strong>, <strong>garanzie sul rilascio dei Durc in caso di scostamenti minimi o piccole problematiche formali<\/strong>, l&#8217;<strong>ampliamento della deducibilit\u00e0 per la previdenza complementare<\/strong> e dell&#8217;<strong>innalzamento degli<\/strong> <strong>incentivi per i premi di produzione\/welfare<\/strong>, la <strong>semplificazione della convalida delle dimissioni dei lavoratori padre e madre<\/strong>, <strong>la gestione dei rapporti per i casi di assenza ingiustificate<\/strong> ai fini dell&#8217;ottenimento del licenziamento e della relativa Naspi (<strong>dimissioni per fatto concludente)<\/strong>, <strong>la riduzione delle sanzioni relative alla sicurezza sul lavoro per le imprese a basso rischio o per lievi irregolarit\u00e0 nel versamento dei contributi previdenziali.<\/strong><\/p>\n<p>&#8220;In termini complessivi &#8211; ha dichiarato nel corso dell&#8217;audizione il nostro <strong>Giuseppe Lazzeroni<\/strong> &#8211; esprimiamo il nostro ovvio <strong>favorevole giudizio su filosofia e impianto complessivo del disegno di legge<\/strong> e ne auspichiamo l&#8217;approvazione e la rapida entrata in vigore. A giudizio di CLAAI o<strong>ccorre un&#8217;attenzione ancora pi\u00f9 specifica per l&#8217;artigianato e la micro impresa sulla semplificazione del lavoro a termine e regimi pi\u00f9 ampi di flessibilit\u00e0 degli orari di lavoro, tenendo conto dei picchi produttivi<\/strong>.&#8221;<\/p>\n<p>Nella foto: Giuseppe Lazzeroni.<\/p>\n<p><a href=\"https:\/\/claai.info\/cms\/wp-content\/uploads\/2024\/04\/Screenshot-2024-04-04-alle-15.57.44.png\"><img loading=\"lazy\" decoding=\"async\" class=\"aligncenter size-medium wp-image-2722\" src=\"https:\/\/claai.info\/cms\/wp-content\/uploads\/2024\/04\/Screenshot-2024-04-04-alle-15.57.44-300x235.png\" alt=\"\" width=\"300\" height=\"235\" \/><\/a><\/p>\n<p>&nbsp;<\/p>\n<p><a href=\"https:\/\/claai.info\/cms\/wp-content\/uploads\/2024\/04\/Screenshot-2024-04-04-alle-15.57.55.png\"><img loading=\"lazy\" decoding=\"async\" class=\"aligncenter size-medium wp-image-2723\" src=\"https:\/\/claai.info\/cms\/wp-content\/uploads\/2024\/04\/Screenshot-2024-04-04-alle-15.57.55-300x232.png\" alt=\"\" width=\"300\" height=\"232\" \/><\/a><\/p>\n","protected":false},"excerpt":{"rendered":"<p>Audizione di\u00a0CLAAI questo pomeriggio in Commissione Lavoro del Senato, impegnata nell&#8217;esame del DDL 672 &#8220;Semplificazioni in materia di lavoro e legislazione sociale&#8221;. Alla seduta hanno partecipato Giuseppe Lazzeroni, responsabile nazionale delle relazioni sindacali e Paolo Sebaste, il nostro funzionario della sede di Roma, che hanno illustrato il documento con le osservazioni relative al DDL poi [&hellip;]<\/p>\n","protected":false},"author":5,"featured_media":0,"comment_status":"closed","ping_status":"closed","sticky":false,"template":"","format":"standard","meta":{"_et_pb_use_builder":"","_et_pb_old_content":"","_et_gb_content_width":"","footnotes":""},"categories":[1],"tags":[],"class_list":["post-2721","post","type-post","status-publish","format-standard","hentry","category-senza-categoria"],"yoast_head":"<!-- This site is optimized with the Yoast SEO plugin v27.5 - https:\/\/yoast.com\/product\/yoast-seo-wordpress\/ -->\n<title>DDL SEMPLIFICAZIONE SUL LAVORO, LE PROPOSTE DI CLAAI AL SENATO - claai.info<\/title>\n<meta name=\"robots\" content=\"index, follow, max-snippet:-1, max-image-preview:large, max-video-preview:-1\" \/>\n<link rel=\"canonical\" href=\"https:\/\/claai.info\/cms\/claai_audizione_senato-_ddl672\/\" \/>\n<meta property=\"og:locale\" content=\"it_IT\" \/>\n<meta property=\"og:type\" content=\"article\" \/>\n<meta property=\"og:title\" content=\"DDL SEMPLIFICAZIONE SUL LAVORO, LE PROPOSTE DI CLAAI AL SENATO - claai.info\" \/>\n<meta property=\"og:description\" content=\"Audizione di\u00a0CLAAI questo pomeriggio in Commissione Lavoro del Senato, impegnata nell&#8217;esame del DDL 672 &#8220;Semplificazioni in materia di lavoro e legislazione sociale&#8221;. Alla seduta hanno partecipato Giuseppe Lazzeroni, responsabile nazionale delle relazioni sindacali e Paolo Sebaste, il nostro funzionario della sede di Roma, che hanno illustrato il documento con le osservazioni relative al DDL poi [&hellip;]\" \/>\n<meta property=\"og:url\" content=\"https:\/\/claai.info\/cms\/claai_audizione_senato-_ddl672\/\" \/>\n<meta property=\"og:site_name\" content=\"claai.info\" \/>\n<meta property=\"article:published_time\" content=\"2024-04-04T15:09:08+00:00\" \/>\n<meta property=\"article:modified_time\" content=\"2024-04-04T15:16:24+00:00\" \/>\n<meta property=\"og:image\" content=\"https:\/\/claai.info\/cms\/wp-content\/uploads\/2024\/04\/Screenshot-2024-04-04-alle-15.57.44-300x235.png\" \/>\n<meta name=\"author\" content=\"Roldano Radaelli\" \/>\n<meta name=\"twitter:label1\" content=\"Scritto da\" \/>\n\t<meta name=\"twitter:data1\" content=\"Roldano Radaelli\" \/>\n\t<meta name=\"twitter:label2\" content=\"Tempo di lettura stimato\" \/>\n\t<meta name=\"twitter:data2\" content=\"2 minuti\" \/>\n<script type=\"application\/ld+json\" class=\"yoast-schema-graph\">{\"@context\":\"https:\\\/\\\/schema.org\",\"@graph\":[{\"@type\":\"Article\",\"@id\":\"https:\\\/\\\/claai.info\\\/cms\\\/claai_audizione_senato-_ddl672\\\/#article\",\"isPartOf\":{\"@id\":\"https:\\\/\\\/claai.info\\\/cms\\\/claai_audizione_senato-_ddl672\\\/\"},\"author\":{\"name\":\"Roldano Radaelli\",\"@id\":\"https:\\\/\\\/claai.info\\\/cms\\\/#\\\/schema\\\/person\\\/d634d034d50532073c4c85c3eb23b46e\"},\"headline\":\"DDL SEMPLIFICAZIONE SUL LAVORO, LE PROPOSTE DI CLAAI AL SENATO\",\"datePublished\":\"2024-04-04T15:09:08+00:00\",\"dateModified\":\"2024-04-04T15:16:24+00:00\",\"mainEntityOfPage\":{\"@id\":\"https:\\\/\\\/claai.info\\\/cms\\\/claai_audizione_senato-_ddl672\\\/\"},\"wordCount\":302,\"image\":{\"@id\":\"https:\\\/\\\/claai.info\\\/cms\\\/claai_audizione_senato-_ddl672\\\/#primaryimage\"},\"thumbnailUrl\":\"https:\\\/\\\/claai.info\\\/cms\\\/wp-content\\\/uploads\\\/2024\\\/04\\\/Screenshot-2024-04-04-alle-15.57.44-300x235.png\",\"inLanguage\":\"it-IT\"},{\"@type\":\"WebPage\",\"@id\":\"https:\\\/\\\/claai.info\\\/cms\\\/claai_audizione_senato-_ddl672\\\/\",\"url\":\"https:\\\/\\\/claai.info\\\/cms\\\/claai_audizione_senato-_ddl672\\\/\",\"name\":\"DDL SEMPLIFICAZIONE SUL LAVORO, LE PROPOSTE DI CLAAI AL SENATO - claai.info\",\"isPartOf\":{\"@id\":\"https:\\\/\\\/claai.info\\\/cms\\\/#website\"},\"primaryImageOfPage\":{\"@id\":\"https:\\\/\\\/claai.info\\\/cms\\\/claai_audizione_senato-_ddl672\\\/#primaryimage\"},\"image\":{\"@id\":\"https:\\\/\\\/claai.info\\\/cms\\\/claai_audizione_senato-_ddl672\\\/#primaryimage\"},\"thumbnailUrl\":\"https:\\\/\\\/claai.info\\\/cms\\\/wp-content\\\/uploads\\\/2024\\\/04\\\/Screenshot-2024-04-04-alle-15.57.44-300x235.png\",\"datePublished\":\"2024-04-04T15:09:08+00:00\",\"dateModified\":\"2024-04-04T15:16:24+00:00\",\"author\":{\"@id\":\"https:\\\/\\\/claai.info\\\/cms\\\/#\\\/schema\\\/person\\\/d634d034d50532073c4c85c3eb23b46e\"},\"inLanguage\":\"it-IT\",\"potentialAction\":[{\"@type\":\"ReadAction\",\"target\":[\"https:\\\/\\\/claai.info\\\/cms\\\/claai_audizione_senato-_ddl672\\\/\"]}]},{\"@type\":\"ImageObject\",\"inLanguage\":\"it-IT\",\"@id\":\"https:\\\/\\\/claai.info\\\/cms\\\/claai_audizione_senato-_ddl672\\\/#primaryimage\",\"url\":\"https:\\\/\\\/claai.info\\\/cms\\\/wp-content\\\/uploads\\\/2024\\\/04\\\/Screenshot-2024-04-04-alle-15.57.44.png\",\"contentUrl\":\"https:\\\/\\\/claai.info\\\/cms\\\/wp-content\\\/uploads\\\/2024\\\/04\\\/Screenshot-2024-04-04-alle-15.57.44.png\",\"width\":932,\"height\":730},{\"@type\":\"WebSite\",\"@id\":\"https:\\\/\\\/claai.info\\\/cms\\\/#website\",\"url\":\"https:\\\/\\\/claai.info\\\/cms\\\/\",\"name\":\"claai.info\",\"description\":\"Confederazione delle Libere Associazioni Artigiane Italiane\",\"potentialAction\":[{\"@type\":\"SearchAction\",\"target\":{\"@type\":\"EntryPoint\",\"urlTemplate\":\"https:\\\/\\\/claai.info\\\/cms\\\/?s={search_term_string}\"},\"query-input\":{\"@type\":\"PropertyValueSpecification\",\"valueRequired\":true,\"valueName\":\"search_term_string\"}}],\"inLanguage\":\"it-IT\"},{\"@type\":\"Person\",\"@id\":\"https:\\\/\\\/claai.info\\\/cms\\\/#\\\/schema\\\/person\\\/d634d034d50532073c4c85c3eb23b46e\",\"name\":\"Roldano Radaelli\",\"image\":{\"@type\":\"ImageObject\",\"inLanguage\":\"it-IT\",\"@id\":\"https:\\\/\\\/secure.gravatar.com\\\/avatar\\\/97809b9ddd3df37c1ba1778903f83cd304e9ead5255b24490d0157d2cf5c0bac?s=96&d=mm&r=g\",\"url\":\"https:\\\/\\\/secure.gravatar.com\\\/avatar\\\/97809b9ddd3df37c1ba1778903f83cd304e9ead5255b24490d0157d2cf5c0bac?s=96&d=mm&r=g\",\"contentUrl\":\"https:\\\/\\\/secure.gravatar.com\\\/avatar\\\/97809b9ddd3df37c1ba1778903f83cd304e9ead5255b24490d0157d2cf5c0bac?s=96&d=mm&r=g\",\"caption\":\"Roldano Radaelli\"},\"sameAs\":[\"https:\\\/\\\/claai.info\\\/\"],\"url\":\"https:\\\/\\\/claai.info\\\/cms\\\/author\\\/rradaelli\\\/\"}]}<\/script>\n<!-- \/ Yoast SEO plugin. -->","yoast_head_json":{"title":"DDL SEMPLIFICAZIONE SUL LAVORO, LE PROPOSTE DI CLAAI AL SENATO - claai.info","robots":{"index":"index","follow":"follow","max-snippet":"max-snippet:-1","max-image-preview":"max-image-preview:large","max-video-preview":"max-video-preview:-1"},"canonical":"https:\/\/claai.info\/cms\/claai_audizione_senato-_ddl672\/","og_locale":"it_IT","og_type":"article","og_title":"DDL SEMPLIFICAZIONE SUL LAVORO, LE PROPOSTE DI CLAAI AL SENATO - claai.info","og_description":"Audizione di\u00a0CLAAI questo pomeriggio in Commissione Lavoro del Senato, impegnata nell&#8217;esame del DDL 672 &#8220;Semplificazioni in materia di lavoro e legislazione sociale&#8221;. Alla seduta hanno partecipato Giuseppe Lazzeroni, responsabile nazionale delle relazioni sindacali e Paolo Sebaste, il nostro funzionario della sede di Roma, che hanno illustrato il documento con le osservazioni relative al DDL poi [&hellip;]","og_url":"https:\/\/claai.info\/cms\/claai_audizione_senato-_ddl672\/","og_site_name":"claai.info","article_published_time":"2024-04-04T15:09:08+00:00","article_modified_time":"2024-04-04T15:16:24+00:00","og_image":[{"url":"https:\/\/claai.info\/cms\/wp-content\/uploads\/2024\/04\/Screenshot-2024-04-04-alle-15.57.44-300x235.png","type":"","width":"","height":""}],"author":"Roldano Radaelli","twitter_misc":{"Scritto da":"Roldano Radaelli","Tempo di lettura stimato":"2 minuti"},"schema":{"@context":"https:\/\/schema.org","@graph":[{"@type":"Article","@id":"https:\/\/claai.info\/cms\/claai_audizione_senato-_ddl672\/#article","isPartOf":{"@id":"https:\/\/claai.info\/cms\/claai_audizione_senato-_ddl672\/"},"author":{"name":"Roldano Radaelli","@id":"https:\/\/claai.info\/cms\/#\/schema\/person\/d634d034d50532073c4c85c3eb23b46e"},"headline":"DDL SEMPLIFICAZIONE SUL LAVORO, LE PROPOSTE DI CLAAI AL SENATO","datePublished":"2024-04-04T15:09:08+00:00","dateModified":"2024-04-04T15:16:24+00:00","mainEntityOfPage":{"@id":"https:\/\/claai.info\/cms\/claai_audizione_senato-_ddl672\/"},"wordCount":302,"image":{"@id":"https:\/\/claai.info\/cms\/claai_audizione_senato-_ddl672\/#primaryimage"},"thumbnailUrl":"https:\/\/claai.info\/cms\/wp-content\/uploads\/2024\/04\/Screenshot-2024-04-04-alle-15.57.44-300x235.png","inLanguage":"it-IT"},{"@type":"WebPage","@id":"https:\/\/claai.info\/cms\/claai_audizione_senato-_ddl672\/","url":"https:\/\/claai.info\/cms\/claai_audizione_senato-_ddl672\/","name":"DDL SEMPLIFICAZIONE SUL LAVORO, LE PROPOSTE DI CLAAI AL SENATO - claai.info","isPartOf":{"@id":"https:\/\/claai.info\/cms\/#website"},"primaryImageOfPage":{"@id":"https:\/\/claai.info\/cms\/claai_audizione_senato-_ddl672\/#primaryimage"},"image":{"@id":"https:\/\/claai.info\/cms\/claai_audizione_senato-_ddl672\/#primaryimage"},"thumbnailUrl":"https:\/\/claai.info\/cms\/wp-content\/uploads\/2024\/04\/Screenshot-2024-04-04-alle-15.57.44-300x235.png","datePublished":"2024-04-04T15:09:08+00:00","dateModified":"2024-04-04T15:16:24+00:00","author":{"@id":"https:\/\/claai.info\/cms\/#\/schema\/person\/d634d034d50532073c4c85c3eb23b46e"},"inLanguage":"it-IT","potentialAction":[{"@type":"ReadAction","target":["https:\/\/claai.info\/cms\/claai_audizione_senato-_ddl672\/"]}]},{"@type":"ImageObject","inLanguage":"it-IT","@id":"https:\/\/claai.info\/cms\/claai_audizione_senato-_ddl672\/#primaryimage","url":"https:\/\/claai.info\/cms\/wp-content\/uploads\/2024\/04\/Screenshot-2024-04-04-alle-15.57.44.png","contentUrl":"https:\/\/claai.info\/cms\/wp-content\/uploads\/2024\/04\/Screenshot-2024-04-04-alle-15.57.44.png","width":932,"height":730},{"@type":"WebSite","@id":"https:\/\/claai.info\/cms\/#website","url":"https:\/\/claai.info\/cms\/","name":"claai.info","description":"Confederazione delle Libere Associazioni Artigiane Italiane","potentialAction":[{"@type":"SearchAction","target":{"@type":"EntryPoint","urlTemplate":"https:\/\/claai.info\/cms\/?s={search_term_string}"},"query-input":{"@type":"PropertyValueSpecification","valueRequired":true,"valueName":"search_term_string"}}],"inLanguage":"it-IT"},{"@type":"Person","@id":"https:\/\/claai.info\/cms\/#\/schema\/person\/d634d034d50532073c4c85c3eb23b46e","name":"Roldano Radaelli","image":{"@type":"ImageObject","inLanguage":"it-IT","@id":"https:\/\/secure.gravatar.com\/avatar\/97809b9ddd3df37c1ba1778903f83cd304e9ead5255b24490d0157d2cf5c0bac?s=96&d=mm&r=g","url":"https:\/\/secure.gravatar.com\/avatar\/97809b9ddd3df37c1ba1778903f83cd304e9ead5255b24490d0157d2cf5c0bac?s=96&d=mm&r=g","contentUrl":"https:\/\/secure.gravatar.com\/avatar\/97809b9ddd3df37c1ba1778903f83cd304e9ead5255b24490d0157d2cf5c0bac?s=96&d=mm&r=g","caption":"Roldano Radaelli"},"sameAs":["https:\/\/claai.info\/"],"url":"https:\/\/claai.info\/cms\/author\/rradaelli\/"}]}},"_links":{"self":[{"href":"https:\/\/claai.info\/cms\/wp-json\/wp\/v2\/posts\/2721","targetHints":{"allow":["GET"]}}],"collection":[{"href":"https:\/\/claai.info\/cms\/wp-json\/wp\/v2\/posts"}],"about":[{"href":"https:\/\/claai.info\/cms\/wp-json\/wp\/v2\/types\/post"}],"author":[{"embeddable":true,"href":"https:\/\/claai.info\/cms\/wp-json\/wp\/v2\/users\/5"}],"replies":[{"embeddable":true,"href":"https:\/\/claai.info\/cms\/wp-json\/wp\/v2\/comments?post=2721"}],"version-history":[{"count":2,"href":"https:\/\/claai.info\/cms\/wp-json\/wp\/v2\/posts\/2721\/revisions"}],"predecessor-version":[{"id":2733,"href":"https:\/\/claai.info\/cms\/wp-json\/wp\/v2\/posts\/2721\/revisions\/2733"}],"wp:attachment":[{"href":"https:\/\/claai.info\/cms\/wp-json\/wp\/v2\/media?parent=2721"}],"wp:term":[{"taxonomy":"category","embeddable":true,"href":"https:\/\/claai.info\/cms\/wp-json\/wp\/v2\/categories?post=2721"},{"taxonomy":"post_tag","embeddable":true,"href":"https:\/\/claai.info\/cms\/wp-json\/wp\/v2\/tags?post=2721"}],"curies":[{"name":"wp","href":"https:\/\/api.w.org\/{rel}","templated":true}]}}