{"id":3192,"date":"2025-03-11T14:35:55","date_gmt":"2025-03-11T13:35:55","guid":{"rendered":"https:\/\/claai.info\/cms\/?p=3192"},"modified":"2025-03-11T14:35:55","modified_gmt":"2025-03-11T13:35:55","slug":"il-resoconto-dellattivita-claai-di-febbraio-2025","status":"publish","type":"post","link":"https:\/\/claai.info\/cms\/il-resoconto-dellattivita-claai-di-febbraio-2025\/","title":{"rendered":"IL RESOCONTO DELL&#8217;ATTIVIT\u00c0 CLAAI DI FEBBRAIO 2025"},"content":{"rendered":"<p><span style=\"color: #ff0000;\"><a style=\"color: #ff0000;\" href=\"https:\/\/claai.info\/cms\/wp-content\/uploads\/2025\/03\/2025.03.11-Attivita-confederali-CLAAI-022025_27022025.pdf\"><strong>QUI<\/strong> \u00e8 possibile leggere il rapporto<\/a><\/span> delle attivit\u00e0 <strong>CLAAI<\/strong> nel mese di febbraio 2025, il nostro appuntamento mensile con la trasparenza verso associati e stakeholder.<\/p>\n","protected":false},"excerpt":{"rendered":"<p>QUI \u00e8 possibile leggere il rapporto delle attivit\u00e0 CLAAI nel mese di febbraio 2025, il nostro appuntamento mensile con la trasparenza verso associati e stakeholder.<\/p>\n","protected":false},"author":5,"featured_media":0,"comment_status":"closed","ping_status":"closed","sticky":false,"template":"","format":"standard","meta":{"_et_pb_use_builder":"","_et_pb_old_content":"","_et_gb_content_width":"","footnotes":""},"categories":[10,12],"tags":[],"class_list":["post-3192","post","type-post","status-publish","format-standard","hentry","category-iniziative","category-sindacale"],"yoast_head":"<!-- This site is optimized with the Yoast SEO plugin v27.5 - https:\/\/yoast.com\/product\/yoast-seo-wordpress\/ -->\n<title>IL RESOCONTO DELL&#039;ATTIVIT\u00c0 CLAAI DI FEBBRAIO 2025 - claai.info<\/title>\n<meta name=\"robots\" content=\"index, follow, max-snippet:-1, max-image-preview:large, max-video-preview:-1\" \/>\n<link rel=\"canonical\" href=\"https:\/\/claai.info\/cms\/il-resoconto-dellattivita-claai-di-febbraio-2025\/\" \/>\n<meta property=\"og:locale\" content=\"it_IT\" \/>\n<meta property=\"og:type\" content=\"article\" \/>\n<meta property=\"og:title\" content=\"IL RESOCONTO DELL&#039;ATTIVIT\u00c0 CLAAI DI FEBBRAIO 2025 - claai.info\" \/>\n<meta property=\"og:description\" content=\"QUI \u00e8 possibile leggere il rapporto delle attivit\u00e0 CLAAI nel mese di febbraio 2025, il nostro appuntamento mensile con la trasparenza verso associati e stakeholder.\" \/>\n<meta property=\"og:url\" content=\"https:\/\/claai.info\/cms\/il-resoconto-dellattivita-claai-di-febbraio-2025\/\" \/>\n<meta property=\"og:site_name\" content=\"claai.info\" \/>\n<meta property=\"article:published_time\" content=\"2025-03-11T13:35:55+00:00\" \/>\n<meta name=\"author\" content=\"Roldano Radaelli\" \/>\n<meta name=\"twitter:label1\" content=\"Scritto da\" \/>\n\t<meta name=\"twitter:data1\" content=\"Roldano Radaelli\" \/>\n\t<meta name=\"twitter:label2\" content=\"Tempo di lettura stimato\" \/>\n\t<meta name=\"twitter:data2\" content=\"1 minuto\" \/>\n<script type=\"application\/ld+json\" class=\"yoast-schema-graph\">{\"@context\":\"https:\\\/\\\/schema.org\",\"@graph\":[{\"@type\":\"Article\",\"@id\":\"https:\\\/\\\/claai.info\\\/cms\\\/il-resoconto-dellattivita-claai-di-febbraio-2025\\\/#article\",\"isPartOf\":{\"@id\":\"https:\\\/\\\/claai.info\\\/cms\\\/il-resoconto-dellattivita-claai-di-febbraio-2025\\\/\"},\"author\":{\"name\":\"Roldano Radaelli\",\"@id\":\"https:\\\/\\\/claai.info\\\/cms\\\/#\\\/schema\\\/person\\\/d634d034d50532073c4c85c3eb23b46e\"},\"headline\":\"IL RESOCONTO DELL&#8217;ATTIVIT\u00c0 CLAAI DI FEBBRAIO 2025\",\"datePublished\":\"2025-03-11T13:35:55+00:00\",\"mainEntityOfPage\":{\"@id\":\"https:\\\/\\\/claai.info\\\/cms\\\/il-resoconto-dellattivita-claai-di-febbraio-2025\\\/\"},\"wordCount\":30,\"articleSection\":[\"Iniziative\",\"Sindacale\"],\"inLanguage\":\"it-IT\"},{\"@type\":\"WebPage\",\"@id\":\"https:\\\/\\\/claai.info\\\/cms\\\/il-resoconto-dellattivita-claai-di-febbraio-2025\\\/\",\"url\":\"https:\\\/\\\/claai.info\\\/cms\\\/il-resoconto-dellattivita-claai-di-febbraio-2025\\\/\",\"name\":\"IL RESOCONTO DELL'ATTIVIT\u00c0 CLAAI DI FEBBRAIO 2025 - claai.info\",\"isPartOf\":{\"@id\":\"https:\\\/\\\/claai.info\\\/cms\\\/#website\"},\"datePublished\":\"2025-03-11T13:35:55+00:00\",\"author\":{\"@id\":\"https:\\\/\\\/claai.info\\\/cms\\\/#\\\/schema\\\/person\\\/d634d034d50532073c4c85c3eb23b46e\"},\"inLanguage\":\"it-IT\",\"potentialAction\":[{\"@type\":\"ReadAction\",\"target\":[\"https:\\\/\\\/claai.info\\\/cms\\\/il-resoconto-dellattivita-claai-di-febbraio-2025\\\/\"]}]},{\"@type\":\"WebSite\",\"@id\":\"https:\\\/\\\/claai.info\\\/cms\\\/#website\",\"url\":\"https:\\\/\\\/claai.info\\\/cms\\\/\",\"name\":\"claai.info\",\"description\":\"Confederazione delle Libere Associazioni Artigiane Italiane\",\"potentialAction\":[{\"@type\":\"SearchAction\",\"target\":{\"@type\":\"EntryPoint\",\"urlTemplate\":\"https:\\\/\\\/claai.info\\\/cms\\\/?s={search_term_string}\"},\"query-input\":{\"@type\":\"PropertyValueSpecification\",\"valueRequired\":true,\"valueName\":\"search_term_string\"}}],\"inLanguage\":\"it-IT\"},{\"@type\":\"Person\",\"@id\":\"https:\\\/\\\/claai.info\\\/cms\\\/#\\\/schema\\\/person\\\/d634d034d50532073c4c85c3eb23b46e\",\"name\":\"Roldano Radaelli\",\"image\":{\"@type\":\"ImageObject\",\"inLanguage\":\"it-IT\",\"@id\":\"https:\\\/\\\/secure.gravatar.com\\\/avatar\\\/97809b9ddd3df37c1ba1778903f83cd304e9ead5255b24490d0157d2cf5c0bac?s=96&d=mm&r=g\",\"url\":\"https:\\\/\\\/secure.gravatar.com\\\/avatar\\\/97809b9ddd3df37c1ba1778903f83cd304e9ead5255b24490d0157d2cf5c0bac?s=96&d=mm&r=g\",\"contentUrl\":\"https:\\\/\\\/secure.gravatar.com\\\/avatar\\\/97809b9ddd3df37c1ba1778903f83cd304e9ead5255b24490d0157d2cf5c0bac?s=96&d=mm&r=g\",\"caption\":\"Roldano Radaelli\"},\"sameAs\":[\"https:\\\/\\\/claai.info\\\/\"],\"url\":\"https:\\\/\\\/claai.info\\\/cms\\\/author\\\/rradaelli\\\/\"}]}<\/script>\n<!-- \/ Yoast SEO plugin. -->","yoast_head_json":{"title":"IL RESOCONTO DELL'ATTIVIT\u00c0 CLAAI DI FEBBRAIO 2025 - claai.info","robots":{"index":"index","follow":"follow","max-snippet":"max-snippet:-1","max-image-preview":"max-image-preview:large","max-video-preview":"max-video-preview:-1"},"canonical":"https:\/\/claai.info\/cms\/il-resoconto-dellattivita-claai-di-febbraio-2025\/","og_locale":"it_IT","og_type":"article","og_title":"IL RESOCONTO DELL'ATTIVIT\u00c0 CLAAI DI FEBBRAIO 2025 - claai.info","og_description":"QUI \u00e8 possibile leggere il rapporto delle attivit\u00e0 CLAAI nel mese di febbraio 2025, il nostro appuntamento mensile con la trasparenza verso associati e stakeholder.","og_url":"https:\/\/claai.info\/cms\/il-resoconto-dellattivita-claai-di-febbraio-2025\/","og_site_name":"claai.info","article_published_time":"2025-03-11T13:35:55+00:00","author":"Roldano Radaelli","twitter_misc":{"Scritto da":"Roldano Radaelli","Tempo di lettura stimato":"1 minuto"},"schema":{"@context":"https:\/\/schema.org","@graph":[{"@type":"Article","@id":"https:\/\/claai.info\/cms\/il-resoconto-dellattivita-claai-di-febbraio-2025\/#article","isPartOf":{"@id":"https:\/\/claai.info\/cms\/il-resoconto-dellattivita-claai-di-febbraio-2025\/"},"author":{"name":"Roldano Radaelli","@id":"https:\/\/claai.info\/cms\/#\/schema\/person\/d634d034d50532073c4c85c3eb23b46e"},"headline":"IL RESOCONTO DELL&#8217;ATTIVIT\u00c0 CLAAI DI FEBBRAIO 2025","datePublished":"2025-03-11T13:35:55+00:00","mainEntityOfPage":{"@id":"https:\/\/claai.info\/cms\/il-resoconto-dellattivita-claai-di-febbraio-2025\/"},"wordCount":30,"articleSection":["Iniziative","Sindacale"],"inLanguage":"it-IT"},{"@type":"WebPage","@id":"https:\/\/claai.info\/cms\/il-resoconto-dellattivita-claai-di-febbraio-2025\/","url":"https:\/\/claai.info\/cms\/il-resoconto-dellattivita-claai-di-febbraio-2025\/","name":"IL RESOCONTO DELL'ATTIVIT\u00c0 CLAAI DI FEBBRAIO 2025 - claai.info","isPartOf":{"@id":"https:\/\/claai.info\/cms\/#website"},"datePublished":"2025-03-11T13:35:55+00:00","author":{"@id":"https:\/\/claai.info\/cms\/#\/schema\/person\/d634d034d50532073c4c85c3eb23b46e"},"inLanguage":"it-IT","potentialAction":[{"@type":"ReadAction","target":["https:\/\/claai.info\/cms\/il-resoconto-dellattivita-claai-di-febbraio-2025\/"]}]},{"@type":"WebSite","@id":"https:\/\/claai.info\/cms\/#website","url":"https:\/\/claai.info\/cms\/","name":"claai.info","description":"Confederazione delle Libere Associazioni Artigiane Italiane","potentialAction":[{"@type":"SearchAction","target":{"@type":"EntryPoint","urlTemplate":"https:\/\/claai.info\/cms\/?s={search_term_string}"},"query-input":{"@type":"PropertyValueSpecification","valueRequired":true,"valueName":"search_term_string"}}],"inLanguage":"it-IT"},{"@type":"Person","@id":"https:\/\/claai.info\/cms\/#\/schema\/person\/d634d034d50532073c4c85c3eb23b46e","name":"Roldano Radaelli","image":{"@type":"ImageObject","inLanguage":"it-IT","@id":"https:\/\/secure.gravatar.com\/avatar\/97809b9ddd3df37c1ba1778903f83cd304e9ead5255b24490d0157d2cf5c0bac?s=96&d=mm&r=g","url":"https:\/\/secure.gravatar.com\/avatar\/97809b9ddd3df37c1ba1778903f83cd304e9ead5255b24490d0157d2cf5c0bac?s=96&d=mm&r=g","contentUrl":"https:\/\/secure.gravatar.com\/avatar\/97809b9ddd3df37c1ba1778903f83cd304e9ead5255b24490d0157d2cf5c0bac?s=96&d=mm&r=g","caption":"Roldano Radaelli"},"sameAs":["https:\/\/claai.info\/"],"url":"https:\/\/claai.info\/cms\/author\/rradaelli\/"}]}},"_links":{"self":[{"href":"https:\/\/claai.info\/cms\/wp-json\/wp\/v2\/posts\/3192","targetHints":{"allow":["GET"]}}],"collection":[{"href":"https:\/\/claai.info\/cms\/wp-json\/wp\/v2\/posts"}],"about":[{"href":"https:\/\/claai.info\/cms\/wp-json\/wp\/v2\/types\/post"}],"author":[{"embeddable":true,"href":"https:\/\/claai.info\/cms\/wp-json\/wp\/v2\/users\/5"}],"replies":[{"embeddable":true,"href":"https:\/\/claai.info\/cms\/wp-json\/wp\/v2\/comments?post=3192"}],"version-history":[{"count":1,"href":"https:\/\/claai.info\/cms\/wp-json\/wp\/v2\/posts\/3192\/revisions"}],"predecessor-version":[{"id":3193,"href":"https:\/\/claai.info\/cms\/wp-json\/wp\/v2\/posts\/3192\/revisions\/3193"}],"wp:attachment":[{"href":"https:\/\/claai.info\/cms\/wp-json\/wp\/v2\/media?parent=3192"}],"wp:term":[{"taxonomy":"category","embeddable":true,"href":"https:\/\/claai.info\/cms\/wp-json\/wp\/v2\/categories?post=3192"},{"taxonomy":"post_tag","embeddable":true,"href":"https:\/\/claai.info\/cms\/wp-json\/wp\/v2\/tags?post=3192"}],"curies":[{"name":"wp","href":"https:\/\/api.w.org\/{rel}","templated":true}]}}