{"id":322,"date":"2014-03-03T10:21:49","date_gmt":"2014-03-03T09:21:49","guid":{"rendered":"https:\/\/claai.info\/cms\/?p=322"},"modified":"2018-01-18T15:27:04","modified_gmt":"2018-01-18T14:27:04","slug":"tasi-colpo-di-grazia-sulle-pmi-artigiane-morale-e-materiale","status":"publish","type":"post","link":"https:\/\/claai.info\/cms\/tasi-colpo-di-grazia-sulle-pmi-artigiane-morale-e-materiale\/","title":{"rendered":"Tasi: colpo di grazia, materiale e morale, sulle pmi artigiane"},"content":{"rendered":"<p dir=\"ltr\" align=\"justify\">\u00a0<\/p>\n<p dir=\"ltr\" align=\"justify\">Lo\u00a0temevamo che per la nuova Tassa sui Servizi Indivisibili si\u00a0rischiava l\u2019ennesima stangata sugli artigiani all\u2019insegna del motto <em>&#8220;Paga e Tasi!&#8221;.<\/em><\/p>\n<p dir=\"ltr\" align=\"justify\">L\u2019arrivo della nuova tassa, o meglio la sua definitiva messa a punto da parte del governo, potrebbe costare alle imprese almeno un miliardo, addirittura due se solo alla Tasi dovesse essere aggiunta la quota massima Imu sulle abitazioni diverse da quella principale e sugli immobili strumentali.<\/p>\n<p dir=\"ltr\" align=\"justify\">Preoccupazioni che, ad oggi, paiono profilarsi come certezze. Applicando l\u2019aliquota base dell\u2019uno per mille, solo sui capannoni sarebbe previsto un aumento di quasi 650 milioni di euro di entrate fiscali. La tassa complessivamente dovrebbe costare alle imprese italiane un miliardo di euro. Importo che potrebbe risultare addirittura molto pi\u00f9 alto. Insomma, la definizione del nuovo quadro normativo, dopo mille polemiche e un dibattito durato oltre un anno, si \u00e8 tradotta in una mazzata sul mondo produttivo di portata davvero notevole.<\/p>\n<p dir=\"ltr\" align=\"justify\">Sulla base delle decisioni assunte dal Consiglio dei ministri\u00a0venerd\u00ec 28 febbraio, l\u2019aliquota massima Imu pi\u00f9 Tasi sugli immobili strumentali potr\u00e0 arrivare all\u201911,4 per mille.<\/p>\n<p dir=\"ltr\" align=\"justify\"><em>&#8220;Siamo all\u2019ennesima follia: si parla bene e si razzola male. Alle parole di presentazione del nuovo Esecutivo, che avevano alimentato attese e speranze<\/em> \u2013 rimarca il segretario generale della Claai, Marco Accornero \u2013, <em>stanno seguendo fatti del tutto contrari e gravosi per le pmi artigiane. Il prelievo della Tasi su negozi, uffici e capannoni superer\u00e0 il miliardo di euro impedendo alle micro, piccole e medie imrpese artigiane non solo l\u2019aggancio di una flebile ripresa, ma affossando definitivamente le attivit\u00e0 produttive, anche quelle che sino ad ora avevano dribblato la crisi&#8221;. <\/em><\/p>\n<p dir=\"ltr\" align=\"justify\">Le amministrazioni comunali che oggi versano in gravi difficolt\u00e0 finanziarie, e purtroppo sono parecchie,\u00a0applicheranno sui capannoni e sui laboratori \u00a0un\u2019 aliquota ben superiore a quella base. Il prelievo che graver\u00e0 sulle oltre 4 milioni e 400mila unit\u00e0 immobiliari ad uso produttivo sar\u00e0 sicuramente superiore al miliardo stimato inizialmente. Ossigeno tolto alle imprese, risorse senza le quali investimenti e sopravvivenza di tante aziende verranno messe a repentaglio.<\/p>\n<p dir=\"ltr\" align=\"justify\"><em>&#8220;Promettere la riduzione dell\u2019Irap, il pagamento di tutti i debiti accumulati dalla pubblica amministrazione e l\u2019istituzione di un fondo di garanzia per agevolare l\u2019accesso al credito \u00e8 stata un\u2019illusione<\/em> &#8211; sottolinea Accornero -. <em>Approvare nel primo Consiglio dei ministri un decreto che aggrava ulteriormente il carico fiscale sulle aziende rappresenta un vero colpo di grazia per le pmi, non solo materiale, ma anche morale.&#8221;<\/em><\/p>\n","protected":false},"excerpt":{"rendered":"<p>\u00a0 Lo\u00a0temevamo che per la nuova Tassa sui Servizi Indivisibili si\u00a0rischiava l\u2019ennesima stangata sugli artigiani all\u2019insegna del motto &#8220;Paga e Tasi!&#8221;. L\u2019arrivo della nuova tassa, o meglio la sua definitiva messa a punto da parte del governo, potrebbe costare alle imprese almeno un miliardo, addirittura due se solo alla Tasi dovesse essere aggiunta la quota [&hellip;]<\/p>\n","protected":false},"author":3,"featured_media":323,"comment_status":"open","ping_status":"open","sticky":false,"template":"","format":"standard","meta":{"_et_pb_use_builder":"","_et_pb_old_content":"","_et_gb_content_width":"","footnotes":""},"categories":[7,1],"tags":[],"class_list":["post-322","post","type-post","status-publish","format-standard","has-post-thumbnail","hentry","category-primo-piano","category-senza-categoria"],"yoast_head":"<!-- This site is optimized with the Yoast SEO plugin v27.5 - https:\/\/yoast.com\/product\/yoast-seo-wordpress\/ -->\n<title>tasi artigiani<\/title>\n<meta name=\"description\" content=\"tasi artigiani\" \/>\n<meta name=\"robots\" content=\"index, follow, max-snippet:-1, max-image-preview:large, max-video-preview:-1\" \/>\n<link rel=\"canonical\" href=\"https:\/\/claai.info\/cms\/tasi-colpo-di-grazia-sulle-pmi-artigiane-morale-e-materiale\/\" \/>\n<meta property=\"og:locale\" content=\"it_IT\" \/>\n<meta property=\"og:type\" content=\"article\" \/>\n<meta property=\"og:title\" content=\"tasi artigiani\" \/>\n<meta property=\"og:description\" content=\"tasi artigiani\" \/>\n<meta property=\"og:url\" content=\"https:\/\/claai.info\/cms\/tasi-colpo-di-grazia-sulle-pmi-artigiane-morale-e-materiale\/\" \/>\n<meta property=\"og:site_name\" content=\"claai.info\" \/>\n<meta property=\"article:published_time\" content=\"2014-03-03T09:21:49+00:00\" \/>\n<meta property=\"article:modified_time\" content=\"2018-01-18T14:27:04+00:00\" \/>\n<meta property=\"og:image\" content=\"https:\/\/claai.info\/cms\/wp-content\/uploads\/2014\/03\/tasi_p.2.jpg\" \/>\n\t<meta property=\"og:image:width\" content=\"320\" \/>\n\t<meta property=\"og:image:height\" content=\"157\" \/>\n\t<meta property=\"og:image:type\" content=\"image\/jpeg\" \/>\n<meta name=\"author\" content=\"Andrea Rovelli\" \/>\n<meta name=\"twitter:label1\" content=\"Scritto da\" \/>\n\t<meta name=\"twitter:data1\" content=\"Andrea Rovelli\" \/>\n\t<meta name=\"twitter:label2\" content=\"Tempo di lettura stimato\" \/>\n\t<meta name=\"twitter:data2\" content=\"2 minuti\" \/>\n<script type=\"application\/ld+json\" class=\"yoast-schema-graph\">{\"@context\":\"https:\\\/\\\/schema.org\",\"@graph\":[{\"@type\":\"Article\",\"@id\":\"https:\\\/\\\/claai.info\\\/cms\\\/tasi-colpo-di-grazia-sulle-pmi-artigiane-morale-e-materiale\\\/#article\",\"isPartOf\":{\"@id\":\"https:\\\/\\\/claai.info\\\/cms\\\/tasi-colpo-di-grazia-sulle-pmi-artigiane-morale-e-materiale\\\/\"},\"author\":{\"name\":\"Andrea Rovelli\",\"@id\":\"https:\\\/\\\/claai.info\\\/cms\\\/#\\\/schema\\\/person\\\/791c552cf3cc082152dd350d688b7db7\"},\"headline\":\"Tasi: colpo di grazia, materiale e morale, sulle pmi artigiane\",\"datePublished\":\"2014-03-03T09:21:49+00:00\",\"dateModified\":\"2018-01-18T14:27:04+00:00\",\"mainEntityOfPage\":{\"@id\":\"https:\\\/\\\/claai.info\\\/cms\\\/tasi-colpo-di-grazia-sulle-pmi-artigiane-morale-e-materiale\\\/\"},\"wordCount\":409,\"commentCount\":0,\"image\":{\"@id\":\"https:\\\/\\\/claai.info\\\/cms\\\/tasi-colpo-di-grazia-sulle-pmi-artigiane-morale-e-materiale\\\/#primaryimage\"},\"thumbnailUrl\":\"https:\\\/\\\/claai.info\\\/cms\\\/wp-content\\\/uploads\\\/2014\\\/03\\\/tasi_p.2.jpg\",\"articleSection\":[\"Primo Piano\"],\"inLanguage\":\"it-IT\",\"potentialAction\":[{\"@type\":\"CommentAction\",\"name\":\"Comment\",\"target\":[\"https:\\\/\\\/claai.info\\\/cms\\\/tasi-colpo-di-grazia-sulle-pmi-artigiane-morale-e-materiale\\\/#respond\"]}]},{\"@type\":\"WebPage\",\"@id\":\"https:\\\/\\\/claai.info\\\/cms\\\/tasi-colpo-di-grazia-sulle-pmi-artigiane-morale-e-materiale\\\/\",\"url\":\"https:\\\/\\\/claai.info\\\/cms\\\/tasi-colpo-di-grazia-sulle-pmi-artigiane-morale-e-materiale\\\/\",\"name\":\"tasi artigiani\",\"isPartOf\":{\"@id\":\"https:\\\/\\\/claai.info\\\/cms\\\/#website\"},\"primaryImageOfPage\":{\"@id\":\"https:\\\/\\\/claai.info\\\/cms\\\/tasi-colpo-di-grazia-sulle-pmi-artigiane-morale-e-materiale\\\/#primaryimage\"},\"image\":{\"@id\":\"https:\\\/\\\/claai.info\\\/cms\\\/tasi-colpo-di-grazia-sulle-pmi-artigiane-morale-e-materiale\\\/#primaryimage\"},\"thumbnailUrl\":\"https:\\\/\\\/claai.info\\\/cms\\\/wp-content\\\/uploads\\\/2014\\\/03\\\/tasi_p.2.jpg\",\"datePublished\":\"2014-03-03T09:21:49+00:00\",\"dateModified\":\"2018-01-18T14:27:04+00:00\",\"author\":{\"@id\":\"https:\\\/\\\/claai.info\\\/cms\\\/#\\\/schema\\\/person\\\/791c552cf3cc082152dd350d688b7db7\"},\"description\":\"tasi artigiani\",\"inLanguage\":\"it-IT\",\"potentialAction\":[{\"@type\":\"ReadAction\",\"target\":[\"https:\\\/\\\/claai.info\\\/cms\\\/tasi-colpo-di-grazia-sulle-pmi-artigiane-morale-e-materiale\\\/\"]}]},{\"@type\":\"ImageObject\",\"inLanguage\":\"it-IT\",\"@id\":\"https:\\\/\\\/claai.info\\\/cms\\\/tasi-colpo-di-grazia-sulle-pmi-artigiane-morale-e-materiale\\\/#primaryimage\",\"url\":\"https:\\\/\\\/claai.info\\\/cms\\\/wp-content\\\/uploads\\\/2014\\\/03\\\/tasi_p.2.jpg\",\"contentUrl\":\"https:\\\/\\\/claai.info\\\/cms\\\/wp-content\\\/uploads\\\/2014\\\/03\\\/tasi_p.2.jpg\",\"width\":320,\"height\":157},{\"@type\":\"WebSite\",\"@id\":\"https:\\\/\\\/claai.info\\\/cms\\\/#website\",\"url\":\"https:\\\/\\\/claai.info\\\/cms\\\/\",\"name\":\"claai.info\",\"description\":\"Confederazione delle Libere Associazioni Artigiane Italiane\",\"potentialAction\":[{\"@type\":\"SearchAction\",\"target\":{\"@type\":\"EntryPoint\",\"urlTemplate\":\"https:\\\/\\\/claai.info\\\/cms\\\/?s={search_term_string}\"},\"query-input\":{\"@type\":\"PropertyValueSpecification\",\"valueRequired\":true,\"valueName\":\"search_term_string\"}}],\"inLanguage\":\"it-IT\"},{\"@type\":\"Person\",\"@id\":\"https:\\\/\\\/claai.info\\\/cms\\\/#\\\/schema\\\/person\\\/791c552cf3cc082152dd350d688b7db7\",\"name\":\"Andrea Rovelli\",\"image\":{\"@type\":\"ImageObject\",\"inLanguage\":\"it-IT\",\"@id\":\"https:\\\/\\\/secure.gravatar.com\\\/avatar\\\/5d99d1feb41c1499c90e921d0601cdf490eecb3af40cf941d49b4305ed4fb837?s=96&d=mm&r=g\",\"url\":\"https:\\\/\\\/secure.gravatar.com\\\/avatar\\\/5d99d1feb41c1499c90e921d0601cdf490eecb3af40cf941d49b4305ed4fb837?s=96&d=mm&r=g\",\"contentUrl\":\"https:\\\/\\\/secure.gravatar.com\\\/avatar\\\/5d99d1feb41c1499c90e921d0601cdf490eecb3af40cf941d49b4305ed4fb837?s=96&d=mm&r=g\",\"caption\":\"Andrea Rovelli\"},\"url\":\"https:\\\/\\\/claai.info\\\/cms\\\/author\\\/arovelli\\\/\"}]}<\/script>\n<!-- \/ Yoast SEO plugin. -->","yoast_head_json":{"title":"tasi artigiani","description":"tasi artigiani","robots":{"index":"index","follow":"follow","max-snippet":"max-snippet:-1","max-image-preview":"max-image-preview:large","max-video-preview":"max-video-preview:-1"},"canonical":"https:\/\/claai.info\/cms\/tasi-colpo-di-grazia-sulle-pmi-artigiane-morale-e-materiale\/","og_locale":"it_IT","og_type":"article","og_title":"tasi artigiani","og_description":"tasi artigiani","og_url":"https:\/\/claai.info\/cms\/tasi-colpo-di-grazia-sulle-pmi-artigiane-morale-e-materiale\/","og_site_name":"claai.info","article_published_time":"2014-03-03T09:21:49+00:00","article_modified_time":"2018-01-18T14:27:04+00:00","og_image":[{"width":320,"height":157,"url":"https:\/\/claai.info\/cms\/wp-content\/uploads\/2014\/03\/tasi_p.2.jpg","type":"image\/jpeg"}],"author":"Andrea Rovelli","twitter_misc":{"Scritto da":"Andrea Rovelli","Tempo di lettura stimato":"2 minuti"},"schema":{"@context":"https:\/\/schema.org","@graph":[{"@type":"Article","@id":"https:\/\/claai.info\/cms\/tasi-colpo-di-grazia-sulle-pmi-artigiane-morale-e-materiale\/#article","isPartOf":{"@id":"https:\/\/claai.info\/cms\/tasi-colpo-di-grazia-sulle-pmi-artigiane-morale-e-materiale\/"},"author":{"name":"Andrea Rovelli","@id":"https:\/\/claai.info\/cms\/#\/schema\/person\/791c552cf3cc082152dd350d688b7db7"},"headline":"Tasi: colpo di grazia, materiale e morale, sulle pmi artigiane","datePublished":"2014-03-03T09:21:49+00:00","dateModified":"2018-01-18T14:27:04+00:00","mainEntityOfPage":{"@id":"https:\/\/claai.info\/cms\/tasi-colpo-di-grazia-sulle-pmi-artigiane-morale-e-materiale\/"},"wordCount":409,"commentCount":0,"image":{"@id":"https:\/\/claai.info\/cms\/tasi-colpo-di-grazia-sulle-pmi-artigiane-morale-e-materiale\/#primaryimage"},"thumbnailUrl":"https:\/\/claai.info\/cms\/wp-content\/uploads\/2014\/03\/tasi_p.2.jpg","articleSection":["Primo Piano"],"inLanguage":"it-IT","potentialAction":[{"@type":"CommentAction","name":"Comment","target":["https:\/\/claai.info\/cms\/tasi-colpo-di-grazia-sulle-pmi-artigiane-morale-e-materiale\/#respond"]}]},{"@type":"WebPage","@id":"https:\/\/claai.info\/cms\/tasi-colpo-di-grazia-sulle-pmi-artigiane-morale-e-materiale\/","url":"https:\/\/claai.info\/cms\/tasi-colpo-di-grazia-sulle-pmi-artigiane-morale-e-materiale\/","name":"tasi artigiani","isPartOf":{"@id":"https:\/\/claai.info\/cms\/#website"},"primaryImageOfPage":{"@id":"https:\/\/claai.info\/cms\/tasi-colpo-di-grazia-sulle-pmi-artigiane-morale-e-materiale\/#primaryimage"},"image":{"@id":"https:\/\/claai.info\/cms\/tasi-colpo-di-grazia-sulle-pmi-artigiane-morale-e-materiale\/#primaryimage"},"thumbnailUrl":"https:\/\/claai.info\/cms\/wp-content\/uploads\/2014\/03\/tasi_p.2.jpg","datePublished":"2014-03-03T09:21:49+00:00","dateModified":"2018-01-18T14:27:04+00:00","author":{"@id":"https:\/\/claai.info\/cms\/#\/schema\/person\/791c552cf3cc082152dd350d688b7db7"},"description":"tasi artigiani","inLanguage":"it-IT","potentialAction":[{"@type":"ReadAction","target":["https:\/\/claai.info\/cms\/tasi-colpo-di-grazia-sulle-pmi-artigiane-morale-e-materiale\/"]}]},{"@type":"ImageObject","inLanguage":"it-IT","@id":"https:\/\/claai.info\/cms\/tasi-colpo-di-grazia-sulle-pmi-artigiane-morale-e-materiale\/#primaryimage","url":"https:\/\/claai.info\/cms\/wp-content\/uploads\/2014\/03\/tasi_p.2.jpg","contentUrl":"https:\/\/claai.info\/cms\/wp-content\/uploads\/2014\/03\/tasi_p.2.jpg","width":320,"height":157},{"@type":"WebSite","@id":"https:\/\/claai.info\/cms\/#website","url":"https:\/\/claai.info\/cms\/","name":"claai.info","description":"Confederazione delle Libere Associazioni Artigiane Italiane","potentialAction":[{"@type":"SearchAction","target":{"@type":"EntryPoint","urlTemplate":"https:\/\/claai.info\/cms\/?s={search_term_string}"},"query-input":{"@type":"PropertyValueSpecification","valueRequired":true,"valueName":"search_term_string"}}],"inLanguage":"it-IT"},{"@type":"Person","@id":"https:\/\/claai.info\/cms\/#\/schema\/person\/791c552cf3cc082152dd350d688b7db7","name":"Andrea Rovelli","image":{"@type":"ImageObject","inLanguage":"it-IT","@id":"https:\/\/secure.gravatar.com\/avatar\/5d99d1feb41c1499c90e921d0601cdf490eecb3af40cf941d49b4305ed4fb837?s=96&d=mm&r=g","url":"https:\/\/secure.gravatar.com\/avatar\/5d99d1feb41c1499c90e921d0601cdf490eecb3af40cf941d49b4305ed4fb837?s=96&d=mm&r=g","contentUrl":"https:\/\/secure.gravatar.com\/avatar\/5d99d1feb41c1499c90e921d0601cdf490eecb3af40cf941d49b4305ed4fb837?s=96&d=mm&r=g","caption":"Andrea Rovelli"},"url":"https:\/\/claai.info\/cms\/author\/arovelli\/"}]}},"_links":{"self":[{"href":"https:\/\/claai.info\/cms\/wp-json\/wp\/v2\/posts\/322","targetHints":{"allow":["GET"]}}],"collection":[{"href":"https:\/\/claai.info\/cms\/wp-json\/wp\/v2\/posts"}],"about":[{"href":"https:\/\/claai.info\/cms\/wp-json\/wp\/v2\/types\/post"}],"author":[{"embeddable":true,"href":"https:\/\/claai.info\/cms\/wp-json\/wp\/v2\/users\/3"}],"replies":[{"embeddable":true,"href":"https:\/\/claai.info\/cms\/wp-json\/wp\/v2\/comments?post=322"}],"version-history":[{"count":2,"href":"https:\/\/claai.info\/cms\/wp-json\/wp\/v2\/posts\/322\/revisions"}],"predecessor-version":[{"id":329,"href":"https:\/\/claai.info\/cms\/wp-json\/wp\/v2\/posts\/322\/revisions\/329"}],"wp:featuredmedia":[{"embeddable":true,"href":"https:\/\/claai.info\/cms\/wp-json\/wp\/v2\/media\/323"}],"wp:attachment":[{"href":"https:\/\/claai.info\/cms\/wp-json\/wp\/v2\/media?parent=322"}],"wp:term":[{"taxonomy":"category","embeddable":true,"href":"https:\/\/claai.info\/cms\/wp-json\/wp\/v2\/categories?post=322"},{"taxonomy":"post_tag","embeddable":true,"href":"https:\/\/claai.info\/cms\/wp-json\/wp\/v2\/tags?post=322"}],"curies":[{"name":"wp","href":"https:\/\/api.w.org\/{rel}","templated":true}]}}