{"id":3304,"date":"2025-05-12T11:54:10","date_gmt":"2025-05-12T09:54:10","guid":{"rendered":"https:\/\/claai.info\/cms\/?p=3304"},"modified":"2025-05-12T11:54:10","modified_gmt":"2025-05-12T09:54:10","slug":"bilateralita-e-artigianato-non-perdere-lincontro-claai-ebna-di-lunedi-19-maggio-a-napoli","status":"publish","type":"post","link":"https:\/\/claai.info\/cms\/bilateralita-e-artigianato-non-perdere-lincontro-claai-ebna-di-lunedi-19-maggio-a-napoli\/","title":{"rendered":"&#8220;BILATERALIT\u00c0 E ARTIGIANATO&#8221;. NON PERDERE L&#8217;INCONTRO CLAAI &#8211; EBNA DI LUNEDI 19 MAGGIO A NAPOLI"},"content":{"rendered":"<p><em>&#8220;Bilateralit\u00e0 e Artigianato. Informare, Connettere e Valorizzare&#8221;<\/em>: \u00e8 il titolo dell&#8217;incontro promosso per <strong>luned\u00ec 19 maggio<\/strong> a <strong>Napoli<\/strong> da <strong>CLAAI nazionale<\/strong> con <strong><a href=\"https:\/\/www.claaicampania.it\/\">CLAAI Campania<\/a><\/strong> &#8211; in collaborazione con <strong><a href=\"https:\/\/www.ebna.it\/\">EBNA<\/a><\/strong> Ente Bilaterale Nazionale Artigianato ed <strong><a href=\"https:\/\/www.ebac-campania.org\/\">EBAC<\/a><\/strong> Ente Bilaterale Artigianato Campania- e che si terr\u00e0 presso la sede CLAAI in<strong> Piazza Garibaldi 49<\/strong>.<\/p>\n<p>Il convegno, che sar\u00e0 aperto dal <strong>Presidente di CLAAI Nazionale Stefano Fugazza<\/strong> e dal <strong>Segretario Generale di CLAAI Campania Alessandro Limatola<\/strong>, punta a evidenziare il ruolo sempre pi\u00f9 centrale della bilateralit\u00e0 come strumento per:<\/p>\n<ul>\n<li>sostegno al reddito e al welfare per i lavoratori dipendenti<\/li>\n<li>rinforzo della competitivit\u00e0 delle imprese<\/li>\n<li>supporto economico per le attivit\u00e0 di formazione<\/li>\n<li>progetti per la sicurezza sul lavoro<\/li>\n<\/ul>\n<p>Sar\u00e0 l&#8217;occasione per conoscere nel dettaglio le esperienze e le <strong><a href=\"https:\/\/www.ebac-campania.org\/prestazione\/\">prestazioni di EBAC<\/a><\/strong> e per un confronto con l&#8217;esperienza lombarda. Previsti, tra gli altri, gli interventi del <strong>direttore di EBNA Stefano Di Niola<\/strong>, del <strong>Presidente di EBAC Berardo Pesce<\/strong>, del <strong>Past President di EBAC Achille Capone<\/strong> e del <strong>direttore di EBAC Luigi Lombardo.\u00a0<\/strong><\/p>\n<p>Avremo anche l&#8217;occasione di ascoltare la testimonianza di due artigiani che hanno usufruito con successo delle prestazioni EBAC, come <strong>Giuseppe Rea<\/strong> (<strong><a href=\"http:\/\/www.autofficinarea.it\/\">Autofficine Rea snc<\/a><\/strong>) e di <strong>Mario Pistola<\/strong> (<strong><a href=\"http:\/\/www.italguanto.it\/index_m.html\">Italguanto Srl<\/a><\/strong>). Seguir\u00e0, prima del dibattito conclusivo, l&#8217;intervento di <strong>Giuseppe Lazzeroni<\/strong>, <strong>responsabile relazioni sindacali di<\/strong> <strong>CLAAI.<\/strong><\/p>\n<p>Sei interessato a partecipare? \u00c8 gradita la prenotazione:<\/p>\n<ul>\n<li>info@claaicampania.it<\/li>\n<li>081 5544990<\/li>\n<\/ul>\n<p>&nbsp;<\/p>\n","protected":false},"excerpt":{"rendered":"<p>&#8220;Bilateralit\u00e0 e Artigianato. Informare, Connettere e Valorizzare&#8221;: \u00e8 il titolo dell&#8217;incontro promosso per luned\u00ec 19 maggio a Napoli da CLAAI nazionale con CLAAI Campania &#8211; in collaborazione con EBNA Ente Bilaterale Nazionale Artigianato ed EBAC Ente Bilaterale Artigianato Campania- e che si terr\u00e0 presso la sede CLAAI in Piazza Garibaldi 49. Il convegno, che sar\u00e0 [&hellip;]<\/p>\n","protected":false},"author":5,"featured_media":3303,"comment_status":"closed","ping_status":"closed","sticky":false,"template":"","format":"standard","meta":{"_et_pb_use_builder":"","_et_pb_old_content":"","_et_gb_content_width":"","footnotes":""},"categories":[1],"tags":[],"class_list":["post-3304","post","type-post","status-publish","format-standard","has-post-thumbnail","hentry","category-senza-categoria"],"yoast_head":"<!-- This site is optimized with the Yoast SEO plugin v27.5 - https:\/\/yoast.com\/product\/yoast-seo-wordpress\/ -->\n<title>&quot;BILATERALIT\u00c0 E ARTIGIANATO&quot;. NON PERDERE L&#039;INCONTRO CLAAI - EBNA DI LUNEDI 19 MAGGIO A NAPOLI - claai.info<\/title>\n<meta name=\"robots\" content=\"index, follow, max-snippet:-1, max-image-preview:large, max-video-preview:-1\" \/>\n<link rel=\"canonical\" href=\"https:\/\/claai.info\/cms\/bilateralita-e-artigianato-non-perdere-lincontro-claai-ebna-di-lunedi-19-maggio-a-napoli\/\" \/>\n<meta property=\"og:locale\" content=\"it_IT\" \/>\n<meta property=\"og:type\" content=\"article\" \/>\n<meta property=\"og:title\" content=\"&quot;BILATERALIT\u00c0 E ARTIGIANATO&quot;. NON PERDERE L&#039;INCONTRO CLAAI - EBNA DI LUNEDI 19 MAGGIO A NAPOLI - claai.info\" \/>\n<meta property=\"og:description\" content=\"&#8220;Bilateralit\u00e0 e Artigianato. Informare, Connettere e Valorizzare&#8221;: \u00e8 il titolo dell&#8217;incontro promosso per luned\u00ec 19 maggio a Napoli da CLAAI nazionale con CLAAI Campania &#8211; in collaborazione con EBNA Ente Bilaterale Nazionale Artigianato ed EBAC Ente Bilaterale Artigianato Campania- e che si terr\u00e0 presso la sede CLAAI in Piazza Garibaldi 49. Il convegno, che sar\u00e0 [&hellip;]\" \/>\n<meta property=\"og:url\" content=\"https:\/\/claai.info\/cms\/bilateralita-e-artigianato-non-perdere-lincontro-claai-ebna-di-lunedi-19-maggio-a-napoli\/\" \/>\n<meta property=\"og:site_name\" content=\"claai.info\" \/>\n<meta property=\"article:published_time\" content=\"2025-05-12T09:54:10+00:00\" \/>\n<meta property=\"og:image\" content=\"https:\/\/claai.info\/cms\/wp-content\/uploads\/2025\/05\/Evento-Artigianato-e-bilateralita-scaled.png\" \/>\n\t<meta property=\"og:image:width\" content=\"1810\" \/>\n\t<meta property=\"og:image:height\" content=\"2560\" \/>\n\t<meta property=\"og:image:type\" content=\"image\/png\" \/>\n<meta name=\"author\" content=\"Roldano Radaelli\" \/>\n<meta name=\"twitter:label1\" content=\"Scritto da\" \/>\n\t<meta name=\"twitter:data1\" content=\"Roldano Radaelli\" \/>\n\t<meta name=\"twitter:label2\" content=\"Tempo di lettura stimato\" \/>\n\t<meta name=\"twitter:data2\" content=\"2 minuti\" \/>\n<script type=\"application\/ld+json\" class=\"yoast-schema-graph\">{\"@context\":\"https:\\\/\\\/schema.org\",\"@graph\":[{\"@type\":\"Article\",\"@id\":\"https:\\\/\\\/claai.info\\\/cms\\\/bilateralita-e-artigianato-non-perdere-lincontro-claai-ebna-di-lunedi-19-maggio-a-napoli\\\/#article\",\"isPartOf\":{\"@id\":\"https:\\\/\\\/claai.info\\\/cms\\\/bilateralita-e-artigianato-non-perdere-lincontro-claai-ebna-di-lunedi-19-maggio-a-napoli\\\/\"},\"author\":{\"name\":\"Roldano Radaelli\",\"@id\":\"https:\\\/\\\/claai.info\\\/cms\\\/#\\\/schema\\\/person\\\/d634d034d50532073c4c85c3eb23b46e\"},\"headline\":\"&#8220;BILATERALIT\u00c0 E ARTIGIANATO&#8221;. NON PERDERE L&#8217;INCONTRO CLAAI &#8211; EBNA DI LUNEDI 19 MAGGIO A NAPOLI\",\"datePublished\":\"2025-05-12T09:54:10+00:00\",\"mainEntityOfPage\":{\"@id\":\"https:\\\/\\\/claai.info\\\/cms\\\/bilateralita-e-artigianato-non-perdere-lincontro-claai-ebna-di-lunedi-19-maggio-a-napoli\\\/\"},\"wordCount\":238,\"image\":{\"@id\":\"https:\\\/\\\/claai.info\\\/cms\\\/bilateralita-e-artigianato-non-perdere-lincontro-claai-ebna-di-lunedi-19-maggio-a-napoli\\\/#primaryimage\"},\"thumbnailUrl\":\"https:\\\/\\\/claai.info\\\/cms\\\/wp-content\\\/uploads\\\/2025\\\/05\\\/Evento-Artigianato-e-bilateralita-scaled.png\",\"inLanguage\":\"it-IT\"},{\"@type\":\"WebPage\",\"@id\":\"https:\\\/\\\/claai.info\\\/cms\\\/bilateralita-e-artigianato-non-perdere-lincontro-claai-ebna-di-lunedi-19-maggio-a-napoli\\\/\",\"url\":\"https:\\\/\\\/claai.info\\\/cms\\\/bilateralita-e-artigianato-non-perdere-lincontro-claai-ebna-di-lunedi-19-maggio-a-napoli\\\/\",\"name\":\"\\\"BILATERALIT\u00c0 E ARTIGIANATO\\\". NON PERDERE L'INCONTRO CLAAI - EBNA DI LUNEDI 19 MAGGIO A NAPOLI - claai.info\",\"isPartOf\":{\"@id\":\"https:\\\/\\\/claai.info\\\/cms\\\/#website\"},\"primaryImageOfPage\":{\"@id\":\"https:\\\/\\\/claai.info\\\/cms\\\/bilateralita-e-artigianato-non-perdere-lincontro-claai-ebna-di-lunedi-19-maggio-a-napoli\\\/#primaryimage\"},\"image\":{\"@id\":\"https:\\\/\\\/claai.info\\\/cms\\\/bilateralita-e-artigianato-non-perdere-lincontro-claai-ebna-di-lunedi-19-maggio-a-napoli\\\/#primaryimage\"},\"thumbnailUrl\":\"https:\\\/\\\/claai.info\\\/cms\\\/wp-content\\\/uploads\\\/2025\\\/05\\\/Evento-Artigianato-e-bilateralita-scaled.png\",\"datePublished\":\"2025-05-12T09:54:10+00:00\",\"author\":{\"@id\":\"https:\\\/\\\/claai.info\\\/cms\\\/#\\\/schema\\\/person\\\/d634d034d50532073c4c85c3eb23b46e\"},\"inLanguage\":\"it-IT\",\"potentialAction\":[{\"@type\":\"ReadAction\",\"target\":[\"https:\\\/\\\/claai.info\\\/cms\\\/bilateralita-e-artigianato-non-perdere-lincontro-claai-ebna-di-lunedi-19-maggio-a-napoli\\\/\"]}]},{\"@type\":\"ImageObject\",\"inLanguage\":\"it-IT\",\"@id\":\"https:\\\/\\\/claai.info\\\/cms\\\/bilateralita-e-artigianato-non-perdere-lincontro-claai-ebna-di-lunedi-19-maggio-a-napoli\\\/#primaryimage\",\"url\":\"https:\\\/\\\/claai.info\\\/cms\\\/wp-content\\\/uploads\\\/2025\\\/05\\\/Evento-Artigianato-e-bilateralita-scaled.png\",\"contentUrl\":\"https:\\\/\\\/claai.info\\\/cms\\\/wp-content\\\/uploads\\\/2025\\\/05\\\/Evento-Artigianato-e-bilateralita-scaled.png\",\"width\":1810,\"height\":2560},{\"@type\":\"WebSite\",\"@id\":\"https:\\\/\\\/claai.info\\\/cms\\\/#website\",\"url\":\"https:\\\/\\\/claai.info\\\/cms\\\/\",\"name\":\"claai.info\",\"description\":\"Confederazione delle Libere Associazioni Artigiane Italiane\",\"potentialAction\":[{\"@type\":\"SearchAction\",\"target\":{\"@type\":\"EntryPoint\",\"urlTemplate\":\"https:\\\/\\\/claai.info\\\/cms\\\/?s={search_term_string}\"},\"query-input\":{\"@type\":\"PropertyValueSpecification\",\"valueRequired\":true,\"valueName\":\"search_term_string\"}}],\"inLanguage\":\"it-IT\"},{\"@type\":\"Person\",\"@id\":\"https:\\\/\\\/claai.info\\\/cms\\\/#\\\/schema\\\/person\\\/d634d034d50532073c4c85c3eb23b46e\",\"name\":\"Roldano Radaelli\",\"image\":{\"@type\":\"ImageObject\",\"inLanguage\":\"it-IT\",\"@id\":\"https:\\\/\\\/secure.gravatar.com\\\/avatar\\\/97809b9ddd3df37c1ba1778903f83cd304e9ead5255b24490d0157d2cf5c0bac?s=96&d=mm&r=g\",\"url\":\"https:\\\/\\\/secure.gravatar.com\\\/avatar\\\/97809b9ddd3df37c1ba1778903f83cd304e9ead5255b24490d0157d2cf5c0bac?s=96&d=mm&r=g\",\"contentUrl\":\"https:\\\/\\\/secure.gravatar.com\\\/avatar\\\/97809b9ddd3df37c1ba1778903f83cd304e9ead5255b24490d0157d2cf5c0bac?s=96&d=mm&r=g\",\"caption\":\"Roldano Radaelli\"},\"sameAs\":[\"https:\\\/\\\/claai.info\\\/\"],\"url\":\"https:\\\/\\\/claai.info\\\/cms\\\/author\\\/rradaelli\\\/\"}]}<\/script>\n<!-- \/ Yoast SEO plugin. -->","yoast_head_json":{"title":"\"BILATERALIT\u00c0 E ARTIGIANATO\". NON PERDERE L'INCONTRO CLAAI - EBNA DI LUNEDI 19 MAGGIO A NAPOLI - claai.info","robots":{"index":"index","follow":"follow","max-snippet":"max-snippet:-1","max-image-preview":"max-image-preview:large","max-video-preview":"max-video-preview:-1"},"canonical":"https:\/\/claai.info\/cms\/bilateralita-e-artigianato-non-perdere-lincontro-claai-ebna-di-lunedi-19-maggio-a-napoli\/","og_locale":"it_IT","og_type":"article","og_title":"\"BILATERALIT\u00c0 E ARTIGIANATO\". NON PERDERE L'INCONTRO CLAAI - EBNA DI LUNEDI 19 MAGGIO A NAPOLI - claai.info","og_description":"&#8220;Bilateralit\u00e0 e Artigianato. Informare, Connettere e Valorizzare&#8221;: \u00e8 il titolo dell&#8217;incontro promosso per luned\u00ec 19 maggio a Napoli da CLAAI nazionale con CLAAI Campania &#8211; in collaborazione con EBNA Ente Bilaterale Nazionale Artigianato ed EBAC Ente Bilaterale Artigianato Campania- e che si terr\u00e0 presso la sede CLAAI in Piazza Garibaldi 49. Il convegno, che sar\u00e0 [&hellip;]","og_url":"https:\/\/claai.info\/cms\/bilateralita-e-artigianato-non-perdere-lincontro-claai-ebna-di-lunedi-19-maggio-a-napoli\/","og_site_name":"claai.info","article_published_time":"2025-05-12T09:54:10+00:00","og_image":[{"width":1810,"height":2560,"url":"https:\/\/claai.info\/cms\/wp-content\/uploads\/2025\/05\/Evento-Artigianato-e-bilateralita-scaled.png","type":"image\/png"}],"author":"Roldano Radaelli","twitter_misc":{"Scritto da":"Roldano Radaelli","Tempo di lettura stimato":"2 minuti"},"schema":{"@context":"https:\/\/schema.org","@graph":[{"@type":"Article","@id":"https:\/\/claai.info\/cms\/bilateralita-e-artigianato-non-perdere-lincontro-claai-ebna-di-lunedi-19-maggio-a-napoli\/#article","isPartOf":{"@id":"https:\/\/claai.info\/cms\/bilateralita-e-artigianato-non-perdere-lincontro-claai-ebna-di-lunedi-19-maggio-a-napoli\/"},"author":{"name":"Roldano Radaelli","@id":"https:\/\/claai.info\/cms\/#\/schema\/person\/d634d034d50532073c4c85c3eb23b46e"},"headline":"&#8220;BILATERALIT\u00c0 E ARTIGIANATO&#8221;. NON PERDERE L&#8217;INCONTRO CLAAI &#8211; EBNA DI LUNEDI 19 MAGGIO A NAPOLI","datePublished":"2025-05-12T09:54:10+00:00","mainEntityOfPage":{"@id":"https:\/\/claai.info\/cms\/bilateralita-e-artigianato-non-perdere-lincontro-claai-ebna-di-lunedi-19-maggio-a-napoli\/"},"wordCount":238,"image":{"@id":"https:\/\/claai.info\/cms\/bilateralita-e-artigianato-non-perdere-lincontro-claai-ebna-di-lunedi-19-maggio-a-napoli\/#primaryimage"},"thumbnailUrl":"https:\/\/claai.info\/cms\/wp-content\/uploads\/2025\/05\/Evento-Artigianato-e-bilateralita-scaled.png","inLanguage":"it-IT"},{"@type":"WebPage","@id":"https:\/\/claai.info\/cms\/bilateralita-e-artigianato-non-perdere-lincontro-claai-ebna-di-lunedi-19-maggio-a-napoli\/","url":"https:\/\/claai.info\/cms\/bilateralita-e-artigianato-non-perdere-lincontro-claai-ebna-di-lunedi-19-maggio-a-napoli\/","name":"\"BILATERALIT\u00c0 E ARTIGIANATO\". NON PERDERE L'INCONTRO CLAAI - EBNA DI LUNEDI 19 MAGGIO A NAPOLI - claai.info","isPartOf":{"@id":"https:\/\/claai.info\/cms\/#website"},"primaryImageOfPage":{"@id":"https:\/\/claai.info\/cms\/bilateralita-e-artigianato-non-perdere-lincontro-claai-ebna-di-lunedi-19-maggio-a-napoli\/#primaryimage"},"image":{"@id":"https:\/\/claai.info\/cms\/bilateralita-e-artigianato-non-perdere-lincontro-claai-ebna-di-lunedi-19-maggio-a-napoli\/#primaryimage"},"thumbnailUrl":"https:\/\/claai.info\/cms\/wp-content\/uploads\/2025\/05\/Evento-Artigianato-e-bilateralita-scaled.png","datePublished":"2025-05-12T09:54:10+00:00","author":{"@id":"https:\/\/claai.info\/cms\/#\/schema\/person\/d634d034d50532073c4c85c3eb23b46e"},"inLanguage":"it-IT","potentialAction":[{"@type":"ReadAction","target":["https:\/\/claai.info\/cms\/bilateralita-e-artigianato-non-perdere-lincontro-claai-ebna-di-lunedi-19-maggio-a-napoli\/"]}]},{"@type":"ImageObject","inLanguage":"it-IT","@id":"https:\/\/claai.info\/cms\/bilateralita-e-artigianato-non-perdere-lincontro-claai-ebna-di-lunedi-19-maggio-a-napoli\/#primaryimage","url":"https:\/\/claai.info\/cms\/wp-content\/uploads\/2025\/05\/Evento-Artigianato-e-bilateralita-scaled.png","contentUrl":"https:\/\/claai.info\/cms\/wp-content\/uploads\/2025\/05\/Evento-Artigianato-e-bilateralita-scaled.png","width":1810,"height":2560},{"@type":"WebSite","@id":"https:\/\/claai.info\/cms\/#website","url":"https:\/\/claai.info\/cms\/","name":"claai.info","description":"Confederazione delle Libere Associazioni Artigiane Italiane","potentialAction":[{"@type":"SearchAction","target":{"@type":"EntryPoint","urlTemplate":"https:\/\/claai.info\/cms\/?s={search_term_string}"},"query-input":{"@type":"PropertyValueSpecification","valueRequired":true,"valueName":"search_term_string"}}],"inLanguage":"it-IT"},{"@type":"Person","@id":"https:\/\/claai.info\/cms\/#\/schema\/person\/d634d034d50532073c4c85c3eb23b46e","name":"Roldano Radaelli","image":{"@type":"ImageObject","inLanguage":"it-IT","@id":"https:\/\/secure.gravatar.com\/avatar\/97809b9ddd3df37c1ba1778903f83cd304e9ead5255b24490d0157d2cf5c0bac?s=96&d=mm&r=g","url":"https:\/\/secure.gravatar.com\/avatar\/97809b9ddd3df37c1ba1778903f83cd304e9ead5255b24490d0157d2cf5c0bac?s=96&d=mm&r=g","contentUrl":"https:\/\/secure.gravatar.com\/avatar\/97809b9ddd3df37c1ba1778903f83cd304e9ead5255b24490d0157d2cf5c0bac?s=96&d=mm&r=g","caption":"Roldano Radaelli"},"sameAs":["https:\/\/claai.info\/"],"url":"https:\/\/claai.info\/cms\/author\/rradaelli\/"}]}},"_links":{"self":[{"href":"https:\/\/claai.info\/cms\/wp-json\/wp\/v2\/posts\/3304","targetHints":{"allow":["GET"]}}],"collection":[{"href":"https:\/\/claai.info\/cms\/wp-json\/wp\/v2\/posts"}],"about":[{"href":"https:\/\/claai.info\/cms\/wp-json\/wp\/v2\/types\/post"}],"author":[{"embeddable":true,"href":"https:\/\/claai.info\/cms\/wp-json\/wp\/v2\/users\/5"}],"replies":[{"embeddable":true,"href":"https:\/\/claai.info\/cms\/wp-json\/wp\/v2\/comments?post=3304"}],"version-history":[{"count":2,"href":"https:\/\/claai.info\/cms\/wp-json\/wp\/v2\/posts\/3304\/revisions"}],"predecessor-version":[{"id":3310,"href":"https:\/\/claai.info\/cms\/wp-json\/wp\/v2\/posts\/3304\/revisions\/3310"}],"wp:featuredmedia":[{"embeddable":true,"href":"https:\/\/claai.info\/cms\/wp-json\/wp\/v2\/media\/3303"}],"wp:attachment":[{"href":"https:\/\/claai.info\/cms\/wp-json\/wp\/v2\/media?parent=3304"}],"wp:term":[{"taxonomy":"category","embeddable":true,"href":"https:\/\/claai.info\/cms\/wp-json\/wp\/v2\/categories?post=3304"},{"taxonomy":"post_tag","embeddable":true,"href":"https:\/\/claai.info\/cms\/wp-json\/wp\/v2\/tags?post=3304"}],"curies":[{"name":"wp","href":"https:\/\/api.w.org\/{rel}","templated":true}]}}