{"id":3393,"date":"2025-06-27T14:26:34","date_gmt":"2025-06-27T12:26:34","guid":{"rendered":"https:\/\/claai.info\/cms\/?p=3393"},"modified":"2025-06-27T14:28:45","modified_gmt":"2025-06-27T12:28:45","slug":"osservatorio-inps-artigiani-e-commercianti-la-riduzione-purtroppo-continua","status":"publish","type":"post","link":"https:\/\/claai.info\/cms\/osservatorio-inps-artigiani-e-commercianti-la-riduzione-purtroppo-continua\/","title":{"rendered":"OSSERVATORIO INPS ARTIGIANI E COMMERCIANTI, LA RIDUZIONE PURTROPPO CONTINUA"},"content":{"rendered":"<p class=\"p3\"><b>Artigiani <\/b><b><\/b><\/p>\n<p class=\"p3\">Nell\u2019anno 2024 risultano<strong> iscritti alla gestione speciale dell\u2019INPS<\/strong> <strong>1.376.982 artigiani, il 5,0% in meno rispetto al 2023 (1.448.939 iscritti) e il 9,6% in meno rispetto al 2022 (1.524.008 iscritti)<\/strong>. Sempre nell\u2019anno 2024 vi \u00e8 una marcata prevalenza di titolari che con 1.277.784 iscritti costituiscono il 92,8% del totale.<\/p>\n<p class=\"p3\">Analizzando la serie storica degli ultimi dieci anni, si rileva un costante trend decrescente del numero degli iscritti: di oltre due punti percentuali per ciascuno degli anni dal 2016 al 2017, di oltre un punto percentuale per gli anni dal 2018 al 2020, si osserva invece un leggero cambio di tendenza nel 2021 con una crescita dello 0,1% per poi decrescere del 2,4% nel 2022, del 4,9% nel 2023 e del 5,0% nel 2024.<\/p>\n<p class=\"p3\">Dall\u2019esame dei dati del 2024 per sesso e qualifica \u00e8 evidente una prevalenza di titolari maschi, i quali con 1.036.922 iscritti costituiscono l\u201981,2% del totale dei titolari contro il 18,8% (240.862) dei titolari femmine. All\u2019interno dei collaboratori la differenza per genere \u00e8 meno marcata, infatti i maschi con 55.129 iscritti sono poco pi\u00f9 della met\u00e0 del totale dei collaboratori (55,6%) contro 44.069 femmine.<\/p>\n<p class=\"p3\">A livello territoriale, pi\u00f9 della met\u00e0 degli artigiani (56,0%) si trova nelle regioni del Nord. In particolare, il Nord-ovest \u00e8 l\u2019area geografica che, con il 31,2%, presenta il maggior numero di artigiani, seguito dal Nord Est con il 24,8%, dal Centro con il 20,2%, dal Sud con il 15,9% e dalle Isole con il 7,9%.<\/p>\n<p class=\"p3\">La regione con il numero pi\u00f9 elevato di artigiani \u00e8 la Lombardia con 255.322 iscritti (18,5%), seguono il Veneto con 141.958 iscritti (10,3%), l\u2019Emilia-Romagna con 139.476 iscritti (10,1%) e il Piemonte con 124.643 iscritti (9,1%).<\/p>\n<p class=\"p3\">La classe di et\u00e0 tra i 50 e i 59 anni \u00e8 quella con maggior frequenza, pari al 34,4%, seguita dalla classe dei sessantenni e oltre (25,9%), coloro che hanno tra i 40 e 49 anni sono il 24,2%, mentre solo il 3,3% ha meno di 30 anni di et\u00e0.<\/p>\n<p>&nbsp;<\/p>\n<p class=\"p3\"><b>Commercianti <\/b><b><\/b><\/p>\n<p class=\"p3\">I commercianti iscritti alla gestione speciale nel 2024 sono 2.022.271, numero in lieve calo rispetto al 2023 (-0,5%) e al 2022 (-1,1%).<\/p>\n<p class=\"p3\">Anche tra i commercianti prevalgono i lavoratori maschi, che nel 2024 costituiscono il 65,5% dei lavoratori, percentuale in lieve aumento nel corso del tempo. La serie storica del numero di iscritti dal 2015 ad oggi, evidenzia un andamento dei lavoratori decrescente: di oltre un punto percentuale per gli anni dal 2016 al 2018 (-1,4%, -1,4%, -1,1%), di un -1,0% nel 2019, una diminuzione di oltre due punti percentuali nel 2020 (-2,3%), decresce in maniera contenuta nel 2021 e 2022 (-0,2% e -0,4%) e cala ancora nel 2023 e 2024 dello 0,6% e dello 0,5%.<\/p>\n<p class=\"p3\">La distribuzione per sesso e qualifica nell\u2019anno 2024 mette in evidenza una sostanziale prevalenza dei maschi tra i titolari con 1.263.884 iscritti (67,3%), mentre a prevalere tra i collaboratori con 83.748 iscritti sono le femmine (58,1%).<\/p>\n<p class=\"p3\">Tra i 50 e i 59 anni di et\u00e0 si concentra la quota pi\u00f9 elevata di commercianti (29,8%), il 23,2% ha un\u2019et\u00e0 compresa tra i 40 e i 49 anni e il 25,6% ha 60 anni e oltre. Nel complesso, nelle classi di et\u00e0 dai 40 anni in su, troviamo il 78,6% dei commercianti. Solo il 6,2% dei lavoratori ha un\u2019et\u00e0 inferiore ai 30 anni.<\/p>\n<p class=\"p3\">Il 26,3% dei commercianti si trova nel Nord ovest, il 19,4% nel Nord est, il 21,0% si trova al Centro, il 23,5% al Sud e solo il 9,9% nelle Isole.<\/p>\n<p class=\"p3\">La regione che registra in Italia il maggior numero di commercianti \u00e8 la Lombardia con 310.848 iscritti, pari al 15,4% del totale, seguita dalla Campania (10,3%), dal Lazio (9,7%), dal Veneto (8,0%), dall\u2019Emilia Romagna e dal Piemonte (7,6%).<\/p>\n","protected":false},"excerpt":{"rendered":"<p>Artigiani Nell\u2019anno 2024 risultano iscritti alla gestione speciale dell\u2019INPS 1.376.982 artigiani, il 5,0% in meno rispetto al 2023 (1.448.939 iscritti) e il 9,6% in meno rispetto al 2022 (1.524.008 iscritti). Sempre nell\u2019anno 2024 vi \u00e8 una marcata prevalenza di titolari che con 1.277.784 iscritti costituiscono il 92,8% del totale. Analizzando la serie storica degli ultimi [&hellip;]<\/p>\n","protected":false},"author":5,"featured_media":2933,"comment_status":"closed","ping_status":"closed","sticky":false,"template":"","format":"standard","meta":{"_et_pb_use_builder":"","_et_pb_old_content":"","_et_gb_content_width":"","footnotes":""},"categories":[7],"tags":[],"class_list":["post-3393","post","type-post","status-publish","format-standard","has-post-thumbnail","hentry","category-primo-piano"],"yoast_head":"<!-- This site is optimized with the Yoast SEO plugin v27.5 - https:\/\/yoast.com\/product\/yoast-seo-wordpress\/ -->\n<title>OSSERVATORIO INPS ARTIGIANI E COMMERCIANTI, LA RIDUZIONE PURTROPPO CONTINUA - claai.info<\/title>\n<meta name=\"robots\" content=\"index, follow, max-snippet:-1, max-image-preview:large, max-video-preview:-1\" \/>\n<link rel=\"canonical\" href=\"https:\/\/claai.info\/cms\/osservatorio-inps-artigiani-e-commercianti-la-riduzione-purtroppo-continua\/\" \/>\n<meta property=\"og:locale\" content=\"it_IT\" \/>\n<meta property=\"og:type\" content=\"article\" \/>\n<meta property=\"og:title\" content=\"OSSERVATORIO INPS ARTIGIANI E COMMERCIANTI, LA RIDUZIONE PURTROPPO CONTINUA - claai.info\" \/>\n<meta property=\"og:description\" content=\"Artigiani Nell\u2019anno 2024 risultano iscritti alla gestione speciale dell\u2019INPS 1.376.982 artigiani, il 5,0% in meno rispetto al 2023 (1.448.939 iscritti) e il 9,6% in meno rispetto al 2022 (1.524.008 iscritti). Sempre nell\u2019anno 2024 vi \u00e8 una marcata prevalenza di titolari che con 1.277.784 iscritti costituiscono il 92,8% del totale. Analizzando la serie storica degli ultimi [&hellip;]\" \/>\n<meta property=\"og:url\" content=\"https:\/\/claai.info\/cms\/osservatorio-inps-artigiani-e-commercianti-la-riduzione-purtroppo-continua\/\" \/>\n<meta property=\"og:site_name\" content=\"claai.info\" \/>\n<meta property=\"article:published_time\" content=\"2025-06-27T12:26:34+00:00\" \/>\n<meta property=\"article:modified_time\" content=\"2025-06-27T12:28:45+00:00\" \/>\n<meta property=\"og:image\" content=\"https:\/\/claai.info\/cms\/wp-content\/uploads\/2024\/12\/d486244f-a86b-4590-a5b0-aac9790bed95.jpeg\" \/>\n\t<meta property=\"og:image:width\" content=\"1024\" \/>\n\t<meta property=\"og:image:height\" content=\"1024\" \/>\n\t<meta property=\"og:image:type\" content=\"image\/jpeg\" \/>\n<meta name=\"author\" content=\"Roldano Radaelli\" \/>\n<meta name=\"twitter:label1\" content=\"Scritto da\" \/>\n\t<meta name=\"twitter:data1\" content=\"Roldano Radaelli\" \/>\n\t<meta name=\"twitter:label2\" content=\"Tempo di lettura stimato\" \/>\n\t<meta name=\"twitter:data2\" content=\"4 minuti\" \/>\n<script type=\"application\/ld+json\" class=\"yoast-schema-graph\">{\"@context\":\"https:\\\/\\\/schema.org\",\"@graph\":[{\"@type\":\"Article\",\"@id\":\"https:\\\/\\\/claai.info\\\/cms\\\/osservatorio-inps-artigiani-e-commercianti-la-riduzione-purtroppo-continua\\\/#article\",\"isPartOf\":{\"@id\":\"https:\\\/\\\/claai.info\\\/cms\\\/osservatorio-inps-artigiani-e-commercianti-la-riduzione-purtroppo-continua\\\/\"},\"author\":{\"name\":\"Roldano Radaelli\",\"@id\":\"https:\\\/\\\/claai.info\\\/cms\\\/#\\\/schema\\\/person\\\/d634d034d50532073c4c85c3eb23b46e\"},\"headline\":\"OSSERVATORIO INPS ARTIGIANI E COMMERCIANTI, LA RIDUZIONE PURTROPPO CONTINUA\",\"datePublished\":\"2025-06-27T12:26:34+00:00\",\"dateModified\":\"2025-06-27T12:28:45+00:00\",\"mainEntityOfPage\":{\"@id\":\"https:\\\/\\\/claai.info\\\/cms\\\/osservatorio-inps-artigiani-e-commercianti-la-riduzione-purtroppo-continua\\\/\"},\"wordCount\":528,\"image\":{\"@id\":\"https:\\\/\\\/claai.info\\\/cms\\\/osservatorio-inps-artigiani-e-commercianti-la-riduzione-purtroppo-continua\\\/#primaryimage\"},\"thumbnailUrl\":\"https:\\\/\\\/claai.info\\\/cms\\\/wp-content\\\/uploads\\\/2024\\\/12\\\/d486244f-a86b-4590-a5b0-aac9790bed95.jpeg\",\"articleSection\":[\"Primo Piano\"],\"inLanguage\":\"it-IT\"},{\"@type\":\"WebPage\",\"@id\":\"https:\\\/\\\/claai.info\\\/cms\\\/osservatorio-inps-artigiani-e-commercianti-la-riduzione-purtroppo-continua\\\/\",\"url\":\"https:\\\/\\\/claai.info\\\/cms\\\/osservatorio-inps-artigiani-e-commercianti-la-riduzione-purtroppo-continua\\\/\",\"name\":\"OSSERVATORIO INPS ARTIGIANI E COMMERCIANTI, LA RIDUZIONE PURTROPPO CONTINUA - claai.info\",\"isPartOf\":{\"@id\":\"https:\\\/\\\/claai.info\\\/cms\\\/#website\"},\"primaryImageOfPage\":{\"@id\":\"https:\\\/\\\/claai.info\\\/cms\\\/osservatorio-inps-artigiani-e-commercianti-la-riduzione-purtroppo-continua\\\/#primaryimage\"},\"image\":{\"@id\":\"https:\\\/\\\/claai.info\\\/cms\\\/osservatorio-inps-artigiani-e-commercianti-la-riduzione-purtroppo-continua\\\/#primaryimage\"},\"thumbnailUrl\":\"https:\\\/\\\/claai.info\\\/cms\\\/wp-content\\\/uploads\\\/2024\\\/12\\\/d486244f-a86b-4590-a5b0-aac9790bed95.jpeg\",\"datePublished\":\"2025-06-27T12:26:34+00:00\",\"dateModified\":\"2025-06-27T12:28:45+00:00\",\"author\":{\"@id\":\"https:\\\/\\\/claai.info\\\/cms\\\/#\\\/schema\\\/person\\\/d634d034d50532073c4c85c3eb23b46e\"},\"inLanguage\":\"it-IT\",\"potentialAction\":[{\"@type\":\"ReadAction\",\"target\":[\"https:\\\/\\\/claai.info\\\/cms\\\/osservatorio-inps-artigiani-e-commercianti-la-riduzione-purtroppo-continua\\\/\"]}]},{\"@type\":\"ImageObject\",\"inLanguage\":\"it-IT\",\"@id\":\"https:\\\/\\\/claai.info\\\/cms\\\/osservatorio-inps-artigiani-e-commercianti-la-riduzione-purtroppo-continua\\\/#primaryimage\",\"url\":\"https:\\\/\\\/claai.info\\\/cms\\\/wp-content\\\/uploads\\\/2024\\\/12\\\/d486244f-a86b-4590-a5b0-aac9790bed95.jpeg\",\"contentUrl\":\"https:\\\/\\\/claai.info\\\/cms\\\/wp-content\\\/uploads\\\/2024\\\/12\\\/d486244f-a86b-4590-a5b0-aac9790bed95.jpeg\",\"width\":1024,\"height\":1024},{\"@type\":\"WebSite\",\"@id\":\"https:\\\/\\\/claai.info\\\/cms\\\/#website\",\"url\":\"https:\\\/\\\/claai.info\\\/cms\\\/\",\"name\":\"claai.info\",\"description\":\"Confederazione delle Libere Associazioni Artigiane Italiane\",\"potentialAction\":[{\"@type\":\"SearchAction\",\"target\":{\"@type\":\"EntryPoint\",\"urlTemplate\":\"https:\\\/\\\/claai.info\\\/cms\\\/?s={search_term_string}\"},\"query-input\":{\"@type\":\"PropertyValueSpecification\",\"valueRequired\":true,\"valueName\":\"search_term_string\"}}],\"inLanguage\":\"it-IT\"},{\"@type\":\"Person\",\"@id\":\"https:\\\/\\\/claai.info\\\/cms\\\/#\\\/schema\\\/person\\\/d634d034d50532073c4c85c3eb23b46e\",\"name\":\"Roldano Radaelli\",\"image\":{\"@type\":\"ImageObject\",\"inLanguage\":\"it-IT\",\"@id\":\"https:\\\/\\\/secure.gravatar.com\\\/avatar\\\/97809b9ddd3df37c1ba1778903f83cd304e9ead5255b24490d0157d2cf5c0bac?s=96&d=mm&r=g\",\"url\":\"https:\\\/\\\/secure.gravatar.com\\\/avatar\\\/97809b9ddd3df37c1ba1778903f83cd304e9ead5255b24490d0157d2cf5c0bac?s=96&d=mm&r=g\",\"contentUrl\":\"https:\\\/\\\/secure.gravatar.com\\\/avatar\\\/97809b9ddd3df37c1ba1778903f83cd304e9ead5255b24490d0157d2cf5c0bac?s=96&d=mm&r=g\",\"caption\":\"Roldano Radaelli\"},\"sameAs\":[\"https:\\\/\\\/claai.info\\\/\"],\"url\":\"https:\\\/\\\/claai.info\\\/cms\\\/author\\\/rradaelli\\\/\"}]}<\/script>\n<!-- \/ Yoast SEO plugin. -->","yoast_head_json":{"title":"OSSERVATORIO INPS ARTIGIANI E COMMERCIANTI, LA RIDUZIONE PURTROPPO CONTINUA - claai.info","robots":{"index":"index","follow":"follow","max-snippet":"max-snippet:-1","max-image-preview":"max-image-preview:large","max-video-preview":"max-video-preview:-1"},"canonical":"https:\/\/claai.info\/cms\/osservatorio-inps-artigiani-e-commercianti-la-riduzione-purtroppo-continua\/","og_locale":"it_IT","og_type":"article","og_title":"OSSERVATORIO INPS ARTIGIANI E COMMERCIANTI, LA RIDUZIONE PURTROPPO CONTINUA - claai.info","og_description":"Artigiani Nell\u2019anno 2024 risultano iscritti alla gestione speciale dell\u2019INPS 1.376.982 artigiani, il 5,0% in meno rispetto al 2023 (1.448.939 iscritti) e il 9,6% in meno rispetto al 2022 (1.524.008 iscritti). Sempre nell\u2019anno 2024 vi \u00e8 una marcata prevalenza di titolari che con 1.277.784 iscritti costituiscono il 92,8% del totale. Analizzando la serie storica degli ultimi [&hellip;]","og_url":"https:\/\/claai.info\/cms\/osservatorio-inps-artigiani-e-commercianti-la-riduzione-purtroppo-continua\/","og_site_name":"claai.info","article_published_time":"2025-06-27T12:26:34+00:00","article_modified_time":"2025-06-27T12:28:45+00:00","og_image":[{"width":1024,"height":1024,"url":"https:\/\/claai.info\/cms\/wp-content\/uploads\/2024\/12\/d486244f-a86b-4590-a5b0-aac9790bed95.jpeg","type":"image\/jpeg"}],"author":"Roldano Radaelli","twitter_misc":{"Scritto da":"Roldano Radaelli","Tempo di lettura stimato":"4 minuti"},"schema":{"@context":"https:\/\/schema.org","@graph":[{"@type":"Article","@id":"https:\/\/claai.info\/cms\/osservatorio-inps-artigiani-e-commercianti-la-riduzione-purtroppo-continua\/#article","isPartOf":{"@id":"https:\/\/claai.info\/cms\/osservatorio-inps-artigiani-e-commercianti-la-riduzione-purtroppo-continua\/"},"author":{"name":"Roldano Radaelli","@id":"https:\/\/claai.info\/cms\/#\/schema\/person\/d634d034d50532073c4c85c3eb23b46e"},"headline":"OSSERVATORIO INPS ARTIGIANI E COMMERCIANTI, LA RIDUZIONE PURTROPPO CONTINUA","datePublished":"2025-06-27T12:26:34+00:00","dateModified":"2025-06-27T12:28:45+00:00","mainEntityOfPage":{"@id":"https:\/\/claai.info\/cms\/osservatorio-inps-artigiani-e-commercianti-la-riduzione-purtroppo-continua\/"},"wordCount":528,"image":{"@id":"https:\/\/claai.info\/cms\/osservatorio-inps-artigiani-e-commercianti-la-riduzione-purtroppo-continua\/#primaryimage"},"thumbnailUrl":"https:\/\/claai.info\/cms\/wp-content\/uploads\/2024\/12\/d486244f-a86b-4590-a5b0-aac9790bed95.jpeg","articleSection":["Primo Piano"],"inLanguage":"it-IT"},{"@type":"WebPage","@id":"https:\/\/claai.info\/cms\/osservatorio-inps-artigiani-e-commercianti-la-riduzione-purtroppo-continua\/","url":"https:\/\/claai.info\/cms\/osservatorio-inps-artigiani-e-commercianti-la-riduzione-purtroppo-continua\/","name":"OSSERVATORIO INPS ARTIGIANI E COMMERCIANTI, LA RIDUZIONE PURTROPPO CONTINUA - claai.info","isPartOf":{"@id":"https:\/\/claai.info\/cms\/#website"},"primaryImageOfPage":{"@id":"https:\/\/claai.info\/cms\/osservatorio-inps-artigiani-e-commercianti-la-riduzione-purtroppo-continua\/#primaryimage"},"image":{"@id":"https:\/\/claai.info\/cms\/osservatorio-inps-artigiani-e-commercianti-la-riduzione-purtroppo-continua\/#primaryimage"},"thumbnailUrl":"https:\/\/claai.info\/cms\/wp-content\/uploads\/2024\/12\/d486244f-a86b-4590-a5b0-aac9790bed95.jpeg","datePublished":"2025-06-27T12:26:34+00:00","dateModified":"2025-06-27T12:28:45+00:00","author":{"@id":"https:\/\/claai.info\/cms\/#\/schema\/person\/d634d034d50532073c4c85c3eb23b46e"},"inLanguage":"it-IT","potentialAction":[{"@type":"ReadAction","target":["https:\/\/claai.info\/cms\/osservatorio-inps-artigiani-e-commercianti-la-riduzione-purtroppo-continua\/"]}]},{"@type":"ImageObject","inLanguage":"it-IT","@id":"https:\/\/claai.info\/cms\/osservatorio-inps-artigiani-e-commercianti-la-riduzione-purtroppo-continua\/#primaryimage","url":"https:\/\/claai.info\/cms\/wp-content\/uploads\/2024\/12\/d486244f-a86b-4590-a5b0-aac9790bed95.jpeg","contentUrl":"https:\/\/claai.info\/cms\/wp-content\/uploads\/2024\/12\/d486244f-a86b-4590-a5b0-aac9790bed95.jpeg","width":1024,"height":1024},{"@type":"WebSite","@id":"https:\/\/claai.info\/cms\/#website","url":"https:\/\/claai.info\/cms\/","name":"claai.info","description":"Confederazione delle Libere Associazioni Artigiane Italiane","potentialAction":[{"@type":"SearchAction","target":{"@type":"EntryPoint","urlTemplate":"https:\/\/claai.info\/cms\/?s={search_term_string}"},"query-input":{"@type":"PropertyValueSpecification","valueRequired":true,"valueName":"search_term_string"}}],"inLanguage":"it-IT"},{"@type":"Person","@id":"https:\/\/claai.info\/cms\/#\/schema\/person\/d634d034d50532073c4c85c3eb23b46e","name":"Roldano Radaelli","image":{"@type":"ImageObject","inLanguage":"it-IT","@id":"https:\/\/secure.gravatar.com\/avatar\/97809b9ddd3df37c1ba1778903f83cd304e9ead5255b24490d0157d2cf5c0bac?s=96&d=mm&r=g","url":"https:\/\/secure.gravatar.com\/avatar\/97809b9ddd3df37c1ba1778903f83cd304e9ead5255b24490d0157d2cf5c0bac?s=96&d=mm&r=g","contentUrl":"https:\/\/secure.gravatar.com\/avatar\/97809b9ddd3df37c1ba1778903f83cd304e9ead5255b24490d0157d2cf5c0bac?s=96&d=mm&r=g","caption":"Roldano Radaelli"},"sameAs":["https:\/\/claai.info\/"],"url":"https:\/\/claai.info\/cms\/author\/rradaelli\/"}]}},"_links":{"self":[{"href":"https:\/\/claai.info\/cms\/wp-json\/wp\/v2\/posts\/3393","targetHints":{"allow":["GET"]}}],"collection":[{"href":"https:\/\/claai.info\/cms\/wp-json\/wp\/v2\/posts"}],"about":[{"href":"https:\/\/claai.info\/cms\/wp-json\/wp\/v2\/types\/post"}],"author":[{"embeddable":true,"href":"https:\/\/claai.info\/cms\/wp-json\/wp\/v2\/users\/5"}],"replies":[{"embeddable":true,"href":"https:\/\/claai.info\/cms\/wp-json\/wp\/v2\/comments?post=3393"}],"version-history":[{"count":2,"href":"https:\/\/claai.info\/cms\/wp-json\/wp\/v2\/posts\/3393\/revisions"}],"predecessor-version":[{"id":3396,"href":"https:\/\/claai.info\/cms\/wp-json\/wp\/v2\/posts\/3393\/revisions\/3396"}],"wp:featuredmedia":[{"embeddable":true,"href":"https:\/\/claai.info\/cms\/wp-json\/wp\/v2\/media\/2933"}],"wp:attachment":[{"href":"https:\/\/claai.info\/cms\/wp-json\/wp\/v2\/media?parent=3393"}],"wp:term":[{"taxonomy":"category","embeddable":true,"href":"https:\/\/claai.info\/cms\/wp-json\/wp\/v2\/categories?post=3393"},{"taxonomy":"post_tag","embeddable":true,"href":"https:\/\/claai.info\/cms\/wp-json\/wp\/v2\/tags?post=3393"}],"curies":[{"name":"wp","href":"https:\/\/api.w.org\/{rel}","templated":true}]}}