{"id":3402,"date":"2025-08-26T16:28:42","date_gmt":"2025-08-26T14:28:42","guid":{"rendered":"https:\/\/claai.info\/cms\/?p=3402"},"modified":"2025-08-26T16:30:09","modified_gmt":"2025-08-26T14:30:09","slug":"incentivi-autoimpiego-centro-nord-e-sud-attesa-lapertura-della-piattaforma-per-le-domande","status":"publish","type":"post","link":"https:\/\/claai.info\/cms\/incentivi-autoimpiego-centro-nord-e-sud-attesa-lapertura-della-piattaforma-per-le-domande\/","title":{"rendered":"INCENTIVI AUTOIMPIEGO CENTRO-NORD E SUD, ATTESA L&#8217;APERTURA DELLA PIATTAFORMA PER LE DOMANDE"},"content":{"rendered":"<p>Partenza in vista per gli incentivi per l\u2019<strong>autoimpiego al Centro-Nord e Resto al Sud<\/strong>, previsti dal DL Coesione. In attesa dell&#8217;apertura della piattaforma e di tutta la modulistica ricordiamo i principali punti della misura.<\/p>\n<p>&nbsp;<\/p>\n<p><strong>I DESTINATARI DEGLI INCENTIVI<\/strong><\/p>\n<p>Possono accedere alle agevolazioni i\u00a0<strong>giovani<\/strong>\u00a0di et\u00e0 compresa<strong>\u00a0tra i 18 anni gi\u00e0 compiuti e i 35 anni non ancora compiut<\/strong>i, che <strong>alla data di avvio dell&#8217;iniziativa economica<\/strong> siano in possesso di almeno uno dei requisiti:<\/p>\n<ul>\n<li>siano\u00a0<strong>inoccupati, disoccupati o inattivi<\/strong>;<\/li>\n<li>siano\u00a0<strong>disoccupati GOL<\/strong> (vale a dire giovani destinatari delle misure GOL, per i quali sono stati individuati percorsi di accompagnamento al lavoro, di aggiornamento o riqualificazione professionale a partire dai risultati della profilazione quali-quantitativa rilevati dai centri per l\u2019impiego)<\/li>\n<li>coloro che si trovano in condizione di marginalit\u00e0, di vulnerabilit\u00e0 sociale o di discriminazione<\/li>\n<\/ul>\n<p>Sono sostenute le nuove attivit\u00e0 di:<\/p>\n<ul>\n<li>lavoro autonomo con partita Iva,<\/li>\n<li>imprese individuali o in forma societaria (in nome collettivo, in accomandita semplice, Srl, societ\u00e0 cooperative) iscritte al registro delle imprese<\/li>\n<li>attivit\u00e0 libero-professionali anche nella forma di societ\u00e0 tra professionisti.<\/li>\n<\/ul>\n<p>Possono far parte delle societ\u00e0 anche persone occupate, purch\u00e9 chi ha i requisiti richiesti per i beneficiari mantenga il controllo e l\u2019amministrazione della societ\u00e0 per tre anni dalla creazione dell\u2019impresa stessa.<\/p>\n<p>Non \u00e8 ammesso all\u2019agevolazione chi, titolare o socio, ha avuto un\u2019attivit\u00e0, con codice Ateco identico alla nuova attivit\u00e0 fino alla terza cifra, anche se cessata nei sei mesi precedenti la richiesta del bonus.<\/p>\n<p>Le caratteristiche dell\u2019agevolazione sono analoghe per le attivit\u00e0 con sede operativa in regioni del Centro-Nord (fino a Lazio-Umbria-Marche) e per quelle al Sud.<\/p>\n<p>&nbsp;<\/p>\n<p><strong>A QUANTO AMMONTANO<\/strong><\/p>\n<p>L&#8217;agevolazione consiste in:<\/p>\n<ul>\n<li>contributi a fondo perduto per l\u2019avvio dell\u2019attivit\u00e0 pari al 100% delle spese ammissibili fino a 30mila euro (40mila al Sud), elevabili a 40mila (50mila al Sud) se una quota delle stesse riguarda beni e servizi innovativi, tecnologici, digitali, o relativi alla sostenibilit\u00e0 ambientale o il risparmio energetico. Le spese devono riguardare macchinari, attrezzature e arredi nuovi, programmi informatici, immobilizzazioni immateriali, consulenze tecnico-specialistiche che devono essere prestate da enti del Terzo settore<\/li>\n<li>contributi a fondo perduto per programmi di investimento. Se il loro valore \u00e8 fino a 120mila euro, il contributo arriva al 65% dello stesso investimento (75% al Sud); se oltre 120mila e fino a 200mila scende al 60 per cento (70% al Sud). Le spese finanziabili sono analoghe a quelle di avvio, salvo includere opere edili per ristrutturazioni e manutenzione ordinaria<\/li>\n<\/ul>\n<p>I contributi non sono cumulabili con crediti d\u2019imposta o altre agevolazioni tranne:<\/p>\n<ul>\n<li>la garanzia del Fondo di garanzia<\/li>\n<li>la Naspi dei disoccupati iscritti al programma Gol se richiesta in unica soluzione<\/li>\n<li>l\u2019indennit\u00e0 percepita dai beneficiari del supporto per la formazione e il lavoro<\/li>\n<\/ul>\n<p>Le domande dovranno essere corredate dalla descrizione dell\u2019iniziativa da avviare. La valutazione sar\u00e0 effettuata da Invitalia che, entro 90 giorni dalla richiesta, adotter\u00e0 un provvedimento di concessione (o comunicher\u00e0 il rifiuto). Dopo tre mesi dal provvedimento, si potr\u00e0 chiedere una prima quota di fondi. Il saldo avverr\u00e0 dopo che Invitalia avr\u00e0 accertato che l\u2019investimento \u00e8 stato effettuato e funziona.<\/p>\n<p>&nbsp;<\/p>\n<p><strong>FORMAZIONE E ACCOMPAGNAMENTO<\/strong><\/p>\n<p>Sar\u00e0 curata dall&#8217;Ente Nazionale del Microcredito con soggetti esecutori territoriali (SE), include percorsi per lo sviluppo delle competenze imprenditoriali e supporto nella redazione e presentazione delle domande.<\/p>\n<p>La partecipazione \u00e8 facoltativa, ma d\u00e0 punteggio premiale nella valutazione.<\/p>\n<p>&nbsp;<\/p>\n<p><strong>SERVIZI DI TUTORING<\/strong><\/p>\n<p>Ogni iniziativa ammessa riceve servizi per un valore totale di\u00a0<strong>\u20ac 5.000<\/strong>, cos\u00ec suddivisi:<\/p>\n<ul>\n<li><strong>\u20ac 4.000<\/strong>\u00a0per tutoring tecnico (a cura di Invitalia);<\/li>\n<li><strong>\u20ac 1.000<\/strong>\u00a0per tutoring gestionale (in collaborazione con ENM).<\/li>\n<\/ul>\n<p>I servizi di tutoring del valore di euro 5.000 sono finalizzati\u00a0al supporto negli adempimenti, rendicontazione, gestione nonch\u00e9 all\u2019assistenza su marketing, personale, contratti, fornitori, banche, controllo di gestione.<\/p>\n<p>Il loro\u00a0<strong>importo concorre, sommato\u00a0al contributo, a determinare l\u2019importo complessivo\u00a0<\/strong>dell\u2019agevolazione.<\/p>\n<p>&nbsp;<\/p>\n<p><strong>LE RISORSE<\/strong><\/p>\n<ul>\n<li>219,6 milioni destinati ai contributi in favore delle iniziative imprenditoriali al Centro-Nord<\/li>\n<li>356,4 milioni per quelle al Sud<\/li>\n<li>49 milioni per oneri di gestione degli incentivi<\/li>\n<li>75 milioni per i servizi di tutoring. Quest\u2019ultimo contributo ammonter\u00e0 a 5mila euro per ogni iniziativa<\/li>\n<\/ul>\n<p>Il budget globale potr\u00e0 assicurare la<strong> copertura di 15mila domande di finanziamento<\/strong>.<\/p>\n","protected":false},"excerpt":{"rendered":"<p>Partenza in vista per gli incentivi per l\u2019autoimpiego al Centro-Nord e Resto al Sud, previsti dal DL Coesione. In attesa dell&#8217;apertura della piattaforma e di tutta la modulistica ricordiamo i principali punti della misura. &nbsp; I DESTINATARI DEGLI INCENTIVI Possono accedere alle agevolazioni i\u00a0giovani\u00a0di et\u00e0 compresa\u00a0tra i 18 anni gi\u00e0 compiuti e i 35 anni [&hellip;]<\/p>\n","protected":false},"author":5,"featured_media":0,"comment_status":"closed","ping_status":"closed","sticky":false,"template":"","format":"standard","meta":{"_et_pb_use_builder":"","_et_pb_old_content":"","_et_gb_content_width":"","footnotes":""},"categories":[1],"tags":[],"class_list":["post-3402","post","type-post","status-publish","format-standard","hentry","category-senza-categoria"],"yoast_head":"<!-- This site is optimized with the Yoast SEO plugin v27.5 - https:\/\/yoast.com\/product\/yoast-seo-wordpress\/ -->\n<title>INCENTIVI AUTOIMPIEGO CENTRO-NORD E SUD, ATTESA L&#039;APERTURA DELLA PIATTAFORMA PER LE DOMANDE - claai.info<\/title>\n<meta name=\"robots\" content=\"index, follow, max-snippet:-1, max-image-preview:large, max-video-preview:-1\" \/>\n<link rel=\"canonical\" href=\"https:\/\/claai.info\/cms\/incentivi-autoimpiego-centro-nord-e-sud-attesa-lapertura-della-piattaforma-per-le-domande\/\" \/>\n<meta property=\"og:locale\" content=\"it_IT\" \/>\n<meta property=\"og:type\" content=\"article\" \/>\n<meta property=\"og:title\" content=\"INCENTIVI AUTOIMPIEGO CENTRO-NORD E SUD, ATTESA L&#039;APERTURA DELLA PIATTAFORMA PER LE DOMANDE - claai.info\" \/>\n<meta property=\"og:description\" content=\"Partenza in vista per gli incentivi per l\u2019autoimpiego al Centro-Nord e Resto al Sud, previsti dal DL Coesione. In attesa dell&#8217;apertura della piattaforma e di tutta la modulistica ricordiamo i principali punti della misura. &nbsp; I DESTINATARI DEGLI INCENTIVI Possono accedere alle agevolazioni i\u00a0giovani\u00a0di et\u00e0 compresa\u00a0tra i 18 anni gi\u00e0 compiuti e i 35 anni [&hellip;]\" \/>\n<meta property=\"og:url\" content=\"https:\/\/claai.info\/cms\/incentivi-autoimpiego-centro-nord-e-sud-attesa-lapertura-della-piattaforma-per-le-domande\/\" \/>\n<meta property=\"og:site_name\" content=\"claai.info\" \/>\n<meta property=\"article:published_time\" content=\"2025-08-26T14:28:42+00:00\" \/>\n<meta property=\"article:modified_time\" content=\"2025-08-26T14:30:09+00:00\" \/>\n<meta name=\"author\" content=\"Roldano Radaelli\" \/>\n<meta name=\"twitter:label1\" content=\"Scritto da\" \/>\n\t<meta name=\"twitter:data1\" content=\"Roldano Radaelli\" \/>\n\t<meta name=\"twitter:label2\" content=\"Tempo di lettura stimato\" \/>\n\t<meta name=\"twitter:data2\" content=\"4 minuti\" \/>\n<script type=\"application\/ld+json\" class=\"yoast-schema-graph\">{\"@context\":\"https:\\\/\\\/schema.org\",\"@graph\":[{\"@type\":\"Article\",\"@id\":\"https:\\\/\\\/claai.info\\\/cms\\\/incentivi-autoimpiego-centro-nord-e-sud-attesa-lapertura-della-piattaforma-per-le-domande\\\/#article\",\"isPartOf\":{\"@id\":\"https:\\\/\\\/claai.info\\\/cms\\\/incentivi-autoimpiego-centro-nord-e-sud-attesa-lapertura-della-piattaforma-per-le-domande\\\/\"},\"author\":{\"name\":\"Roldano Radaelli\",\"@id\":\"https:\\\/\\\/claai.info\\\/cms\\\/#\\\/schema\\\/person\\\/d634d034d50532073c4c85c3eb23b46e\"},\"headline\":\"INCENTIVI AUTOIMPIEGO CENTRO-NORD E SUD, ATTESA L&#8217;APERTURA DELLA PIATTAFORMA PER LE DOMANDE\",\"datePublished\":\"2025-08-26T14:28:42+00:00\",\"dateModified\":\"2025-08-26T14:30:09+00:00\",\"mainEntityOfPage\":{\"@id\":\"https:\\\/\\\/claai.info\\\/cms\\\/incentivi-autoimpiego-centro-nord-e-sud-attesa-lapertura-della-piattaforma-per-le-domande\\\/\"},\"wordCount\":687,\"inLanguage\":\"it-IT\"},{\"@type\":\"WebPage\",\"@id\":\"https:\\\/\\\/claai.info\\\/cms\\\/incentivi-autoimpiego-centro-nord-e-sud-attesa-lapertura-della-piattaforma-per-le-domande\\\/\",\"url\":\"https:\\\/\\\/claai.info\\\/cms\\\/incentivi-autoimpiego-centro-nord-e-sud-attesa-lapertura-della-piattaforma-per-le-domande\\\/\",\"name\":\"INCENTIVI AUTOIMPIEGO CENTRO-NORD E SUD, ATTESA L'APERTURA DELLA PIATTAFORMA PER LE DOMANDE - claai.info\",\"isPartOf\":{\"@id\":\"https:\\\/\\\/claai.info\\\/cms\\\/#website\"},\"datePublished\":\"2025-08-26T14:28:42+00:00\",\"dateModified\":\"2025-08-26T14:30:09+00:00\",\"author\":{\"@id\":\"https:\\\/\\\/claai.info\\\/cms\\\/#\\\/schema\\\/person\\\/d634d034d50532073c4c85c3eb23b46e\"},\"inLanguage\":\"it-IT\",\"potentialAction\":[{\"@type\":\"ReadAction\",\"target\":[\"https:\\\/\\\/claai.info\\\/cms\\\/incentivi-autoimpiego-centro-nord-e-sud-attesa-lapertura-della-piattaforma-per-le-domande\\\/\"]}]},{\"@type\":\"WebSite\",\"@id\":\"https:\\\/\\\/claai.info\\\/cms\\\/#website\",\"url\":\"https:\\\/\\\/claai.info\\\/cms\\\/\",\"name\":\"claai.info\",\"description\":\"Confederazione delle Libere Associazioni Artigiane Italiane\",\"potentialAction\":[{\"@type\":\"SearchAction\",\"target\":{\"@type\":\"EntryPoint\",\"urlTemplate\":\"https:\\\/\\\/claai.info\\\/cms\\\/?s={search_term_string}\"},\"query-input\":{\"@type\":\"PropertyValueSpecification\",\"valueRequired\":true,\"valueName\":\"search_term_string\"}}],\"inLanguage\":\"it-IT\"},{\"@type\":\"Person\",\"@id\":\"https:\\\/\\\/claai.info\\\/cms\\\/#\\\/schema\\\/person\\\/d634d034d50532073c4c85c3eb23b46e\",\"name\":\"Roldano Radaelli\",\"image\":{\"@type\":\"ImageObject\",\"inLanguage\":\"it-IT\",\"@id\":\"https:\\\/\\\/secure.gravatar.com\\\/avatar\\\/97809b9ddd3df37c1ba1778903f83cd304e9ead5255b24490d0157d2cf5c0bac?s=96&d=mm&r=g\",\"url\":\"https:\\\/\\\/secure.gravatar.com\\\/avatar\\\/97809b9ddd3df37c1ba1778903f83cd304e9ead5255b24490d0157d2cf5c0bac?s=96&d=mm&r=g\",\"contentUrl\":\"https:\\\/\\\/secure.gravatar.com\\\/avatar\\\/97809b9ddd3df37c1ba1778903f83cd304e9ead5255b24490d0157d2cf5c0bac?s=96&d=mm&r=g\",\"caption\":\"Roldano Radaelli\"},\"sameAs\":[\"https:\\\/\\\/claai.info\\\/\"],\"url\":\"https:\\\/\\\/claai.info\\\/cms\\\/author\\\/rradaelli\\\/\"}]}<\/script>\n<!-- \/ Yoast SEO plugin. -->","yoast_head_json":{"title":"INCENTIVI AUTOIMPIEGO CENTRO-NORD E SUD, ATTESA L'APERTURA DELLA PIATTAFORMA PER LE DOMANDE - claai.info","robots":{"index":"index","follow":"follow","max-snippet":"max-snippet:-1","max-image-preview":"max-image-preview:large","max-video-preview":"max-video-preview:-1"},"canonical":"https:\/\/claai.info\/cms\/incentivi-autoimpiego-centro-nord-e-sud-attesa-lapertura-della-piattaforma-per-le-domande\/","og_locale":"it_IT","og_type":"article","og_title":"INCENTIVI AUTOIMPIEGO CENTRO-NORD E SUD, ATTESA L'APERTURA DELLA PIATTAFORMA PER LE DOMANDE - claai.info","og_description":"Partenza in vista per gli incentivi per l\u2019autoimpiego al Centro-Nord e Resto al Sud, previsti dal DL Coesione. In attesa dell&#8217;apertura della piattaforma e di tutta la modulistica ricordiamo i principali punti della misura. &nbsp; I DESTINATARI DEGLI INCENTIVI Possono accedere alle agevolazioni i\u00a0giovani\u00a0di et\u00e0 compresa\u00a0tra i 18 anni gi\u00e0 compiuti e i 35 anni [&hellip;]","og_url":"https:\/\/claai.info\/cms\/incentivi-autoimpiego-centro-nord-e-sud-attesa-lapertura-della-piattaforma-per-le-domande\/","og_site_name":"claai.info","article_published_time":"2025-08-26T14:28:42+00:00","article_modified_time":"2025-08-26T14:30:09+00:00","author":"Roldano Radaelli","twitter_misc":{"Scritto da":"Roldano Radaelli","Tempo di lettura stimato":"4 minuti"},"schema":{"@context":"https:\/\/schema.org","@graph":[{"@type":"Article","@id":"https:\/\/claai.info\/cms\/incentivi-autoimpiego-centro-nord-e-sud-attesa-lapertura-della-piattaforma-per-le-domande\/#article","isPartOf":{"@id":"https:\/\/claai.info\/cms\/incentivi-autoimpiego-centro-nord-e-sud-attesa-lapertura-della-piattaforma-per-le-domande\/"},"author":{"name":"Roldano Radaelli","@id":"https:\/\/claai.info\/cms\/#\/schema\/person\/d634d034d50532073c4c85c3eb23b46e"},"headline":"INCENTIVI AUTOIMPIEGO CENTRO-NORD E SUD, ATTESA L&#8217;APERTURA DELLA PIATTAFORMA PER LE DOMANDE","datePublished":"2025-08-26T14:28:42+00:00","dateModified":"2025-08-26T14:30:09+00:00","mainEntityOfPage":{"@id":"https:\/\/claai.info\/cms\/incentivi-autoimpiego-centro-nord-e-sud-attesa-lapertura-della-piattaforma-per-le-domande\/"},"wordCount":687,"inLanguage":"it-IT"},{"@type":"WebPage","@id":"https:\/\/claai.info\/cms\/incentivi-autoimpiego-centro-nord-e-sud-attesa-lapertura-della-piattaforma-per-le-domande\/","url":"https:\/\/claai.info\/cms\/incentivi-autoimpiego-centro-nord-e-sud-attesa-lapertura-della-piattaforma-per-le-domande\/","name":"INCENTIVI AUTOIMPIEGO CENTRO-NORD E SUD, ATTESA L'APERTURA DELLA PIATTAFORMA PER LE DOMANDE - claai.info","isPartOf":{"@id":"https:\/\/claai.info\/cms\/#website"},"datePublished":"2025-08-26T14:28:42+00:00","dateModified":"2025-08-26T14:30:09+00:00","author":{"@id":"https:\/\/claai.info\/cms\/#\/schema\/person\/d634d034d50532073c4c85c3eb23b46e"},"inLanguage":"it-IT","potentialAction":[{"@type":"ReadAction","target":["https:\/\/claai.info\/cms\/incentivi-autoimpiego-centro-nord-e-sud-attesa-lapertura-della-piattaforma-per-le-domande\/"]}]},{"@type":"WebSite","@id":"https:\/\/claai.info\/cms\/#website","url":"https:\/\/claai.info\/cms\/","name":"claai.info","description":"Confederazione delle Libere Associazioni Artigiane Italiane","potentialAction":[{"@type":"SearchAction","target":{"@type":"EntryPoint","urlTemplate":"https:\/\/claai.info\/cms\/?s={search_term_string}"},"query-input":{"@type":"PropertyValueSpecification","valueRequired":true,"valueName":"search_term_string"}}],"inLanguage":"it-IT"},{"@type":"Person","@id":"https:\/\/claai.info\/cms\/#\/schema\/person\/d634d034d50532073c4c85c3eb23b46e","name":"Roldano Radaelli","image":{"@type":"ImageObject","inLanguage":"it-IT","@id":"https:\/\/secure.gravatar.com\/avatar\/97809b9ddd3df37c1ba1778903f83cd304e9ead5255b24490d0157d2cf5c0bac?s=96&d=mm&r=g","url":"https:\/\/secure.gravatar.com\/avatar\/97809b9ddd3df37c1ba1778903f83cd304e9ead5255b24490d0157d2cf5c0bac?s=96&d=mm&r=g","contentUrl":"https:\/\/secure.gravatar.com\/avatar\/97809b9ddd3df37c1ba1778903f83cd304e9ead5255b24490d0157d2cf5c0bac?s=96&d=mm&r=g","caption":"Roldano Radaelli"},"sameAs":["https:\/\/claai.info\/"],"url":"https:\/\/claai.info\/cms\/author\/rradaelli\/"}]}},"_links":{"self":[{"href":"https:\/\/claai.info\/cms\/wp-json\/wp\/v2\/posts\/3402","targetHints":{"allow":["GET"]}}],"collection":[{"href":"https:\/\/claai.info\/cms\/wp-json\/wp\/v2\/posts"}],"about":[{"href":"https:\/\/claai.info\/cms\/wp-json\/wp\/v2\/types\/post"}],"author":[{"embeddable":true,"href":"https:\/\/claai.info\/cms\/wp-json\/wp\/v2\/users\/5"}],"replies":[{"embeddable":true,"href":"https:\/\/claai.info\/cms\/wp-json\/wp\/v2\/comments?post=3402"}],"version-history":[{"count":2,"href":"https:\/\/claai.info\/cms\/wp-json\/wp\/v2\/posts\/3402\/revisions"}],"predecessor-version":[{"id":3405,"href":"https:\/\/claai.info\/cms\/wp-json\/wp\/v2\/posts\/3402\/revisions\/3405"}],"wp:attachment":[{"href":"https:\/\/claai.info\/cms\/wp-json\/wp\/v2\/media?parent=3402"}],"wp:term":[{"taxonomy":"category","embeddable":true,"href":"https:\/\/claai.info\/cms\/wp-json\/wp\/v2\/categories?post=3402"},{"taxonomy":"post_tag","embeddable":true,"href":"https:\/\/claai.info\/cms\/wp-json\/wp\/v2\/tags?post=3402"}],"curies":[{"name":"wp","href":"https:\/\/api.w.org\/{rel}","templated":true}]}}