{"id":3593,"date":"2025-12-10T18:01:07","date_gmt":"2025-12-10T17:01:07","guid":{"rendered":"https:\/\/claai.info\/cms\/?p=3593"},"modified":"2025-12-10T18:03:00","modified_gmt":"2025-12-10T17:03:00","slug":"la-cucina-italiana-patrimonio-mondiale-dellunesco-cosa-cambia-per-tutta-la-filiera-artigiani-inclusi","status":"publish","type":"post","link":"https:\/\/claai.info\/cms\/la-cucina-italiana-patrimonio-mondiale-dellunesco-cosa-cambia-per-tutta-la-filiera-artigiani-inclusi\/","title":{"rendered":"LA CUCINA ITALIANA PATRIMONIO MONDIALE DELL&#8217;UNESCO. COSA CAMBIA PER TUTTA LA FILIERA, ARTIGIANI INCLUSI"},"content":{"rendered":"<div class=\"xdj266r x14z9mp xat24cr x1lziwak x1vvkbs x126k92a\">\n<div dir=\"auto\">La <strong>Cucina Italiana<\/strong> \u00e8 ufficialmente <strong>&#8220;Patrimonio culturale immateriale UNESCO&#8221;<\/strong>: il &#8220;s\u00ec&#8221; \u00e8 arrivato dal Comitato intergovernativo che si \u00e8 riunito a New Delhi.<\/div>\n<\/div>\n<div class=\"x14z9mp xat24cr x1lziwak x1vvkbs xtlvy1s x126k92a\">\n<div dir=\"auto\"><\/div>\n<div dir=\"auto\">Il riconoscimento non riguarda un singolo piatto o una ricetta, ma un <strong>modello culturale di un intero paese, fatto di esperienze comunitarie, scelte consapevoli delle materie prime, convivialit\u00e0 del pasto, trasmissione dei saperi alle nuove generazioni e rispetto delle stagioni e dei territori.<\/strong><\/div>\n<\/div>\n<div class=\"x14z9mp xat24cr x1lziwak x1vvkbs xtlvy1s x126k92a\">\n<div dir=\"auto\"><\/div>\n<div dir=\"auto\">Una tradizione che vive quotidianamente nelle famiglie, nelle comunit\u00e0 locali e nelle comunit\u00e0 italiane nel mondo. \u00c8 un equilibrio tra uomo e ambiente: tutela la biodiversit\u00e0, valorizza le produzioni locali, favorisce il riuso degli alimenti e promuove abitudini alimentari consapevoli. Riflette il legame tra i paesaggi naturali e le comunit\u00e0 che li abitano, incarnando memoria, quotidianit\u00e0 e cultura dei territori.<\/div>\n<\/div>\n<div class=\"x14z9mp xat24cr x1lziwak x1vvkbs xtlvy1s x126k92a\">\n<div dir=\"auto\"><\/div>\n<div dir=\"auto\">Diversamente da altri riconoscimenti gastronomici UNESCO, la Cucina italiana celebra un\u2019intera tradizione culinaria quotidiana, diffusa e non legata a un singolo rito o piatto. <strong>\u00c8 la \u201ccucina degli affetti\u201d<\/strong>: trasmette memoria, cura, relazioni e identit\u00e0, raccontando storie di famiglie e comunit\u00e0 attraverso il cibo: trasmette memoria, cura, relazioni e identit\u00e0, raccontando storie di famiglie e comunit\u00e0 attraverso il cibo.<\/div>\n<\/div>\n<div class=\"x14z9mp xat24cr x1lziwak x1vvkbs xtlvy1s x126k92a\">\n<div dir=\"auto\"><\/div>\n<div dir=\"auto\"><strong>Per il mondo artigiano<\/strong> \u00e8 una notizia straordinaria che <strong>agevola nel marketing e responsabilizza ulteriormente produttori, filiera e organismi di controllo.<\/strong><\/div>\n<\/div>\n<div class=\"x14z9mp xat24cr x1lziwak x1vvkbs xtlvy1s x126k92a\">\n<div dir=\"auto\"><\/div>\n<div dir=\"auto\">Con questo riconoscimento, l&#8217;Italia dovr\u00e0 concretamente salvaguardare questo patrimonio e le comunit\u00e0 che lo tengono vivo. <strong>Ogni sei anni, secondo le Convenzioni Unesco, il Governo dovr\u00e0 presentare un rapporto sulle attivit\u00e0 di ricerca, educazione alimentare, progetti nelle scuole, archivi della memoria culinaria. In sostanza, come trasmetteremo questa eredit\u00e0 alle generazioni future e al mondo intero.<\/strong><\/div>\n<\/div>\n<div class=\"x14z9mp xat24cr x1lziwak x1vvkbs xtlvy1s x126k92a\">\n<div dir=\"auto\"><\/div>\n<div dir=\"auto\">Inoltre, il riconoscimento <strong>aiuter\u00e0 il sistema Paese nelle battaglie a livello internazionale contro i cibi <span class=\"html-span xdj266r x14z9mp xat24cr x1lziwak xexx8yu xyri2b x18d9i69 x1c1uobl x1hl2dhg x16tdsg8 x1vvkbs\"><a class=\"x1i10hfl xjbqb8w x1ejq31n x18oe1m7 x1sy0etr xstzfhl x972fbf x10w94by x1qhh985 x14e42zd x9f619 x1ypdohk xt0psk2 x3ct3a4 xdj266r x14z9mp xat24cr x1lziwak xexx8yu xyri2b x18d9i69 x1c1uobl x16tdsg8 x1hl2dhg xggy1nq x1a2a7pz xkrqix3 x1sur9pj x1fey0fg x1s688f\" tabindex=\"0\" role=\"link\" href=\"https:\/\/www.facebook.com\/hashtag\/italiansounding?__eep__=6&amp;__cft__[0]=AZWK0lZRci5DYguU4KvlXCs5e7ddVKWT0z0EPWqJvBm9xP7nzI5sJijr0W-NoIy_ziQNCJ8ogMmEnIzwlySuNrxrRg-Wg19GLQDfqN0RDSdiAGx3zvqZYQOQm1WziEzDhRMDFw0uAm0gvUAQdGCwJ5Kw&amp;__tn__=*NK-R\">#italiansounding<\/a><\/span> di tanti prodotti alimentari in vendita sui tutti i mercati.<\/strong><\/div>\n<div dir=\"auto\"><\/div>\n<\/div>\n","protected":false},"excerpt":{"rendered":"<p>La Cucina Italiana \u00e8 ufficialmente &#8220;Patrimonio culturale immateriale UNESCO&#8221;: il &#8220;s\u00ec&#8221; \u00e8 arrivato dal Comitato intergovernativo che si \u00e8 riunito a New Delhi. Il riconoscimento non riguarda un singolo piatto o una ricetta, ma un modello culturale di un intero paese, fatto di esperienze comunitarie, scelte consapevoli delle materie prime, convivialit\u00e0 del pasto, trasmissione dei [&hellip;]<\/p>\n","protected":false},"author":5,"featured_media":3594,"comment_status":"closed","ping_status":"closed","sticky":false,"template":"","format":"standard","meta":{"_et_pb_use_builder":"","_et_pb_old_content":"","_et_gb_content_width":"","footnotes":""},"categories":[7],"tags":[],"class_list":["post-3593","post","type-post","status-publish","format-standard","has-post-thumbnail","hentry","category-primo-piano"],"yoast_head":"<!-- This site is optimized with the Yoast SEO plugin v27.4 - https:\/\/yoast.com\/product\/yoast-seo-wordpress\/ -->\n<title>LA CUCINA ITALIANA PATRIMONIO MONDIALE DELL&#039;UNESCO. COSA CAMBIA PER TUTTA LA FILIERA, ARTIGIANI INCLUSI - claai.info<\/title>\n<meta name=\"robots\" content=\"index, follow, max-snippet:-1, max-image-preview:large, max-video-preview:-1\" \/>\n<link rel=\"canonical\" href=\"https:\/\/claai.info\/cms\/la-cucina-italiana-patrimonio-mondiale-dellunesco-cosa-cambia-per-tutta-la-filiera-artigiani-inclusi\/\" \/>\n<meta property=\"og:locale\" content=\"it_IT\" \/>\n<meta property=\"og:type\" content=\"article\" \/>\n<meta property=\"og:title\" content=\"LA CUCINA ITALIANA PATRIMONIO MONDIALE DELL&#039;UNESCO. COSA CAMBIA PER TUTTA LA FILIERA, ARTIGIANI INCLUSI - claai.info\" \/>\n<meta property=\"og:description\" content=\"La Cucina Italiana \u00e8 ufficialmente &#8220;Patrimonio culturale immateriale UNESCO&#8221;: il &#8220;s\u00ec&#8221; \u00e8 arrivato dal Comitato intergovernativo che si \u00e8 riunito a New Delhi. Il riconoscimento non riguarda un singolo piatto o una ricetta, ma un modello culturale di un intero paese, fatto di esperienze comunitarie, scelte consapevoli delle materie prime, convivialit\u00e0 del pasto, trasmissione dei [&hellip;]\" \/>\n<meta property=\"og:url\" content=\"https:\/\/claai.info\/cms\/la-cucina-italiana-patrimonio-mondiale-dellunesco-cosa-cambia-per-tutta-la-filiera-artigiani-inclusi\/\" \/>\n<meta property=\"og:site_name\" content=\"claai.info\" \/>\n<meta property=\"article:published_time\" content=\"2025-12-10T17:01:07+00:00\" \/>\n<meta property=\"article:modified_time\" content=\"2025-12-10T17:03:00+00:00\" \/>\n<meta property=\"og:image\" content=\"https:\/\/claai.info\/cms\/wp-content\/uploads\/2025\/12\/598549736_1156173749960896_4129242145752136142_n-e1765386163261.jpg\" \/>\n\t<meta property=\"og:image:width\" content=\"700\" \/>\n\t<meta property=\"og:image:height\" content=\"875\" \/>\n\t<meta property=\"og:image:type\" content=\"image\/jpeg\" \/>\n<meta name=\"author\" content=\"Roldano Radaelli\" \/>\n<meta name=\"twitter:label1\" content=\"Scritto da\" \/>\n\t<meta name=\"twitter:data1\" content=\"Roldano Radaelli\" \/>\n\t<meta name=\"twitter:label2\" content=\"Tempo di lettura stimato\" \/>\n\t<meta name=\"twitter:data2\" content=\"2 minuti\" \/>\n<script type=\"application\/ld+json\" class=\"yoast-schema-graph\">{\"@context\":\"https:\\\/\\\/schema.org\",\"@graph\":[{\"@type\":\"Article\",\"@id\":\"https:\\\/\\\/claai.info\\\/cms\\\/la-cucina-italiana-patrimonio-mondiale-dellunesco-cosa-cambia-per-tutta-la-filiera-artigiani-inclusi\\\/#article\",\"isPartOf\":{\"@id\":\"https:\\\/\\\/claai.info\\\/cms\\\/la-cucina-italiana-patrimonio-mondiale-dellunesco-cosa-cambia-per-tutta-la-filiera-artigiani-inclusi\\\/\"},\"author\":{\"name\":\"Roldano Radaelli\",\"@id\":\"https:\\\/\\\/claai.info\\\/cms\\\/#\\\/schema\\\/person\\\/d634d034d50532073c4c85c3eb23b46e\"},\"headline\":\"LA CUCINA ITALIANA PATRIMONIO MONDIALE DELL&#8217;UNESCO. COSA CAMBIA PER TUTTA LA FILIERA, ARTIGIANI INCLUSI\",\"datePublished\":\"2025-12-10T17:01:07+00:00\",\"dateModified\":\"2025-12-10T17:03:00+00:00\",\"mainEntityOfPage\":{\"@id\":\"https:\\\/\\\/claai.info\\\/cms\\\/la-cucina-italiana-patrimonio-mondiale-dellunesco-cosa-cambia-per-tutta-la-filiera-artigiani-inclusi\\\/\"},\"wordCount\":298,\"image\":{\"@id\":\"https:\\\/\\\/claai.info\\\/cms\\\/la-cucina-italiana-patrimonio-mondiale-dellunesco-cosa-cambia-per-tutta-la-filiera-artigiani-inclusi\\\/#primaryimage\"},\"thumbnailUrl\":\"https:\\\/\\\/claai.info\\\/cms\\\/wp-content\\\/uploads\\\/2025\\\/12\\\/598549736_1156173749960896_4129242145752136142_n-e1765386163261.jpg\",\"articleSection\":[\"Primo Piano\"],\"inLanguage\":\"it-IT\"},{\"@type\":\"WebPage\",\"@id\":\"https:\\\/\\\/claai.info\\\/cms\\\/la-cucina-italiana-patrimonio-mondiale-dellunesco-cosa-cambia-per-tutta-la-filiera-artigiani-inclusi\\\/\",\"url\":\"https:\\\/\\\/claai.info\\\/cms\\\/la-cucina-italiana-patrimonio-mondiale-dellunesco-cosa-cambia-per-tutta-la-filiera-artigiani-inclusi\\\/\",\"name\":\"LA CUCINA ITALIANA PATRIMONIO MONDIALE DELL'UNESCO. COSA CAMBIA PER TUTTA LA FILIERA, ARTIGIANI INCLUSI - claai.info\",\"isPartOf\":{\"@id\":\"https:\\\/\\\/claai.info\\\/cms\\\/#website\"},\"primaryImageOfPage\":{\"@id\":\"https:\\\/\\\/claai.info\\\/cms\\\/la-cucina-italiana-patrimonio-mondiale-dellunesco-cosa-cambia-per-tutta-la-filiera-artigiani-inclusi\\\/#primaryimage\"},\"image\":{\"@id\":\"https:\\\/\\\/claai.info\\\/cms\\\/la-cucina-italiana-patrimonio-mondiale-dellunesco-cosa-cambia-per-tutta-la-filiera-artigiani-inclusi\\\/#primaryimage\"},\"thumbnailUrl\":\"https:\\\/\\\/claai.info\\\/cms\\\/wp-content\\\/uploads\\\/2025\\\/12\\\/598549736_1156173749960896_4129242145752136142_n-e1765386163261.jpg\",\"datePublished\":\"2025-12-10T17:01:07+00:00\",\"dateModified\":\"2025-12-10T17:03:00+00:00\",\"author\":{\"@id\":\"https:\\\/\\\/claai.info\\\/cms\\\/#\\\/schema\\\/person\\\/d634d034d50532073c4c85c3eb23b46e\"},\"inLanguage\":\"it-IT\",\"potentialAction\":[{\"@type\":\"ReadAction\",\"target\":[\"https:\\\/\\\/claai.info\\\/cms\\\/la-cucina-italiana-patrimonio-mondiale-dellunesco-cosa-cambia-per-tutta-la-filiera-artigiani-inclusi\\\/\"]}]},{\"@type\":\"ImageObject\",\"inLanguage\":\"it-IT\",\"@id\":\"https:\\\/\\\/claai.info\\\/cms\\\/la-cucina-italiana-patrimonio-mondiale-dellunesco-cosa-cambia-per-tutta-la-filiera-artigiani-inclusi\\\/#primaryimage\",\"url\":\"https:\\\/\\\/claai.info\\\/cms\\\/wp-content\\\/uploads\\\/2025\\\/12\\\/598549736_1156173749960896_4129242145752136142_n-e1765386163261.jpg\",\"contentUrl\":\"https:\\\/\\\/claai.info\\\/cms\\\/wp-content\\\/uploads\\\/2025\\\/12\\\/598549736_1156173749960896_4129242145752136142_n-e1765386163261.jpg\",\"width\":700,\"height\":875},{\"@type\":\"WebSite\",\"@id\":\"https:\\\/\\\/claai.info\\\/cms\\\/#website\",\"url\":\"https:\\\/\\\/claai.info\\\/cms\\\/\",\"name\":\"claai.info\",\"description\":\"Confederazione delle Libere Associazioni Artigiane Italiane\",\"potentialAction\":[{\"@type\":\"SearchAction\",\"target\":{\"@type\":\"EntryPoint\",\"urlTemplate\":\"https:\\\/\\\/claai.info\\\/cms\\\/?s={search_term_string}\"},\"query-input\":{\"@type\":\"PropertyValueSpecification\",\"valueRequired\":true,\"valueName\":\"search_term_string\"}}],\"inLanguage\":\"it-IT\"},{\"@type\":\"Person\",\"@id\":\"https:\\\/\\\/claai.info\\\/cms\\\/#\\\/schema\\\/person\\\/d634d034d50532073c4c85c3eb23b46e\",\"name\":\"Roldano Radaelli\",\"image\":{\"@type\":\"ImageObject\",\"inLanguage\":\"it-IT\",\"@id\":\"https:\\\/\\\/secure.gravatar.com\\\/avatar\\\/97809b9ddd3df37c1ba1778903f83cd304e9ead5255b24490d0157d2cf5c0bac?s=96&d=mm&r=g\",\"url\":\"https:\\\/\\\/secure.gravatar.com\\\/avatar\\\/97809b9ddd3df37c1ba1778903f83cd304e9ead5255b24490d0157d2cf5c0bac?s=96&d=mm&r=g\",\"contentUrl\":\"https:\\\/\\\/secure.gravatar.com\\\/avatar\\\/97809b9ddd3df37c1ba1778903f83cd304e9ead5255b24490d0157d2cf5c0bac?s=96&d=mm&r=g\",\"caption\":\"Roldano Radaelli\"},\"sameAs\":[\"https:\\\/\\\/claai.info\\\/\"],\"url\":\"https:\\\/\\\/claai.info\\\/cms\\\/author\\\/rradaelli\\\/\"}]}<\/script>\n<!-- \/ Yoast SEO plugin. -->","yoast_head_json":{"title":"LA CUCINA ITALIANA PATRIMONIO MONDIALE DELL'UNESCO. COSA CAMBIA PER TUTTA LA FILIERA, ARTIGIANI INCLUSI - claai.info","robots":{"index":"index","follow":"follow","max-snippet":"max-snippet:-1","max-image-preview":"max-image-preview:large","max-video-preview":"max-video-preview:-1"},"canonical":"https:\/\/claai.info\/cms\/la-cucina-italiana-patrimonio-mondiale-dellunesco-cosa-cambia-per-tutta-la-filiera-artigiani-inclusi\/","og_locale":"it_IT","og_type":"article","og_title":"LA CUCINA ITALIANA PATRIMONIO MONDIALE DELL'UNESCO. COSA CAMBIA PER TUTTA LA FILIERA, ARTIGIANI INCLUSI - claai.info","og_description":"La Cucina Italiana \u00e8 ufficialmente &#8220;Patrimonio culturale immateriale UNESCO&#8221;: il &#8220;s\u00ec&#8221; \u00e8 arrivato dal Comitato intergovernativo che si \u00e8 riunito a New Delhi. Il riconoscimento non riguarda un singolo piatto o una ricetta, ma un modello culturale di un intero paese, fatto di esperienze comunitarie, scelte consapevoli delle materie prime, convivialit\u00e0 del pasto, trasmissione dei [&hellip;]","og_url":"https:\/\/claai.info\/cms\/la-cucina-italiana-patrimonio-mondiale-dellunesco-cosa-cambia-per-tutta-la-filiera-artigiani-inclusi\/","og_site_name":"claai.info","article_published_time":"2025-12-10T17:01:07+00:00","article_modified_time":"2025-12-10T17:03:00+00:00","og_image":[{"width":700,"height":875,"url":"https:\/\/claai.info\/cms\/wp-content\/uploads\/2025\/12\/598549736_1156173749960896_4129242145752136142_n-e1765386163261.jpg","type":"image\/jpeg"}],"author":"Roldano Radaelli","twitter_misc":{"Scritto da":"Roldano Radaelli","Tempo di lettura stimato":"2 minuti"},"schema":{"@context":"https:\/\/schema.org","@graph":[{"@type":"Article","@id":"https:\/\/claai.info\/cms\/la-cucina-italiana-patrimonio-mondiale-dellunesco-cosa-cambia-per-tutta-la-filiera-artigiani-inclusi\/#article","isPartOf":{"@id":"https:\/\/claai.info\/cms\/la-cucina-italiana-patrimonio-mondiale-dellunesco-cosa-cambia-per-tutta-la-filiera-artigiani-inclusi\/"},"author":{"name":"Roldano Radaelli","@id":"https:\/\/claai.info\/cms\/#\/schema\/person\/d634d034d50532073c4c85c3eb23b46e"},"headline":"LA CUCINA ITALIANA PATRIMONIO MONDIALE DELL&#8217;UNESCO. COSA CAMBIA PER TUTTA LA FILIERA, ARTIGIANI INCLUSI","datePublished":"2025-12-10T17:01:07+00:00","dateModified":"2025-12-10T17:03:00+00:00","mainEntityOfPage":{"@id":"https:\/\/claai.info\/cms\/la-cucina-italiana-patrimonio-mondiale-dellunesco-cosa-cambia-per-tutta-la-filiera-artigiani-inclusi\/"},"wordCount":298,"image":{"@id":"https:\/\/claai.info\/cms\/la-cucina-italiana-patrimonio-mondiale-dellunesco-cosa-cambia-per-tutta-la-filiera-artigiani-inclusi\/#primaryimage"},"thumbnailUrl":"https:\/\/claai.info\/cms\/wp-content\/uploads\/2025\/12\/598549736_1156173749960896_4129242145752136142_n-e1765386163261.jpg","articleSection":["Primo Piano"],"inLanguage":"it-IT"},{"@type":"WebPage","@id":"https:\/\/claai.info\/cms\/la-cucina-italiana-patrimonio-mondiale-dellunesco-cosa-cambia-per-tutta-la-filiera-artigiani-inclusi\/","url":"https:\/\/claai.info\/cms\/la-cucina-italiana-patrimonio-mondiale-dellunesco-cosa-cambia-per-tutta-la-filiera-artigiani-inclusi\/","name":"LA CUCINA ITALIANA PATRIMONIO MONDIALE DELL'UNESCO. COSA CAMBIA PER TUTTA LA FILIERA, ARTIGIANI INCLUSI - claai.info","isPartOf":{"@id":"https:\/\/claai.info\/cms\/#website"},"primaryImageOfPage":{"@id":"https:\/\/claai.info\/cms\/la-cucina-italiana-patrimonio-mondiale-dellunesco-cosa-cambia-per-tutta-la-filiera-artigiani-inclusi\/#primaryimage"},"image":{"@id":"https:\/\/claai.info\/cms\/la-cucina-italiana-patrimonio-mondiale-dellunesco-cosa-cambia-per-tutta-la-filiera-artigiani-inclusi\/#primaryimage"},"thumbnailUrl":"https:\/\/claai.info\/cms\/wp-content\/uploads\/2025\/12\/598549736_1156173749960896_4129242145752136142_n-e1765386163261.jpg","datePublished":"2025-12-10T17:01:07+00:00","dateModified":"2025-12-10T17:03:00+00:00","author":{"@id":"https:\/\/claai.info\/cms\/#\/schema\/person\/d634d034d50532073c4c85c3eb23b46e"},"inLanguage":"it-IT","potentialAction":[{"@type":"ReadAction","target":["https:\/\/claai.info\/cms\/la-cucina-italiana-patrimonio-mondiale-dellunesco-cosa-cambia-per-tutta-la-filiera-artigiani-inclusi\/"]}]},{"@type":"ImageObject","inLanguage":"it-IT","@id":"https:\/\/claai.info\/cms\/la-cucina-italiana-patrimonio-mondiale-dellunesco-cosa-cambia-per-tutta-la-filiera-artigiani-inclusi\/#primaryimage","url":"https:\/\/claai.info\/cms\/wp-content\/uploads\/2025\/12\/598549736_1156173749960896_4129242145752136142_n-e1765386163261.jpg","contentUrl":"https:\/\/claai.info\/cms\/wp-content\/uploads\/2025\/12\/598549736_1156173749960896_4129242145752136142_n-e1765386163261.jpg","width":700,"height":875},{"@type":"WebSite","@id":"https:\/\/claai.info\/cms\/#website","url":"https:\/\/claai.info\/cms\/","name":"claai.info","description":"Confederazione delle Libere Associazioni Artigiane Italiane","potentialAction":[{"@type":"SearchAction","target":{"@type":"EntryPoint","urlTemplate":"https:\/\/claai.info\/cms\/?s={search_term_string}"},"query-input":{"@type":"PropertyValueSpecification","valueRequired":true,"valueName":"search_term_string"}}],"inLanguage":"it-IT"},{"@type":"Person","@id":"https:\/\/claai.info\/cms\/#\/schema\/person\/d634d034d50532073c4c85c3eb23b46e","name":"Roldano Radaelli","image":{"@type":"ImageObject","inLanguage":"it-IT","@id":"https:\/\/secure.gravatar.com\/avatar\/97809b9ddd3df37c1ba1778903f83cd304e9ead5255b24490d0157d2cf5c0bac?s=96&d=mm&r=g","url":"https:\/\/secure.gravatar.com\/avatar\/97809b9ddd3df37c1ba1778903f83cd304e9ead5255b24490d0157d2cf5c0bac?s=96&d=mm&r=g","contentUrl":"https:\/\/secure.gravatar.com\/avatar\/97809b9ddd3df37c1ba1778903f83cd304e9ead5255b24490d0157d2cf5c0bac?s=96&d=mm&r=g","caption":"Roldano Radaelli"},"sameAs":["https:\/\/claai.info\/"],"url":"https:\/\/claai.info\/cms\/author\/rradaelli\/"}]}},"_links":{"self":[{"href":"https:\/\/claai.info\/cms\/wp-json\/wp\/v2\/posts\/3593","targetHints":{"allow":["GET"]}}],"collection":[{"href":"https:\/\/claai.info\/cms\/wp-json\/wp\/v2\/posts"}],"about":[{"href":"https:\/\/claai.info\/cms\/wp-json\/wp\/v2\/types\/post"}],"author":[{"embeddable":true,"href":"https:\/\/claai.info\/cms\/wp-json\/wp\/v2\/users\/5"}],"replies":[{"embeddable":true,"href":"https:\/\/claai.info\/cms\/wp-json\/wp\/v2\/comments?post=3593"}],"version-history":[{"count":1,"href":"https:\/\/claai.info\/cms\/wp-json\/wp\/v2\/posts\/3593\/revisions"}],"predecessor-version":[{"id":3595,"href":"https:\/\/claai.info\/cms\/wp-json\/wp\/v2\/posts\/3593\/revisions\/3595"}],"wp:featuredmedia":[{"embeddable":true,"href":"https:\/\/claai.info\/cms\/wp-json\/wp\/v2\/media\/3594"}],"wp:attachment":[{"href":"https:\/\/claai.info\/cms\/wp-json\/wp\/v2\/media?parent=3593"}],"wp:term":[{"taxonomy":"category","embeddable":true,"href":"https:\/\/claai.info\/cms\/wp-json\/wp\/v2\/categories?post=3593"},{"taxonomy":"post_tag","embeddable":true,"href":"https:\/\/claai.info\/cms\/wp-json\/wp\/v2\/tags?post=3593"}],"curies":[{"name":"wp","href":"https:\/\/api.w.org\/{rel}","templated":true}]}}