{"id":3615,"date":"2025-12-17T16:24:43","date_gmt":"2025-12-17T15:24:43","guid":{"rendered":"https:\/\/claai.info\/cms\/?p=3615"},"modified":"2025-12-17T16:25:16","modified_gmt":"2025-12-17T15:25:16","slug":"fondo-sanedil-piu-agili-le-procedure-per-i-reclami-e-la-gestione-delle-anomalie-contributive","status":"publish","type":"post","link":"https:\/\/claai.info\/cms\/fondo-sanedil-piu-agili-le-procedure-per-i-reclami-e-la-gestione-delle-anomalie-contributive\/","title":{"rendered":"FONDO SANEDIL. PI\u00d9 AGILI LE PROCEDURE PER I RECLAMI E LA GESTIONE DELLE ANOMALIE CONTRIBUTIVE"},"content":{"rendered":"<p>L&#8217;Assemblea del <span style=\"color: #800000;\"><a style=\"color: #800000;\" href=\"https:\/\/www.fondosanedil.it\/\"><strong>Fondo Sanedil per i lavoratori dell&#8217;edilizia <\/strong><\/a><\/span>ha approvato alcune modifiche al <span style=\"color: #ff0000;\"><strong><a style=\"color: #ff0000;\" href=\"https:\/\/claai.info\/cms\/wp-content\/uploads\/2025\/12\/Fondo-Sanedil-Regolamento-delle-prestazioni-sanitarie.pdf\">Regolamento delle prestazioni sanitarie<\/a><\/strong><\/span>.<br \/>\nTra le principali innovazioni introdotte, si segnala l\u2019inserimento del nuovo articolo 17, recante la procedura per la gestione dei reclami, nonch\u00e9 la revisione dell\u2019articolo 10, che definisce e chiarisce la procedura per la gestione delle anomalie contributive derivanti da versamenti errati o omessi.<br \/>\nLe modifiche apportate sono finalizzate a rendere pi\u00f9 chiare ed efficienti le procedure operative del Fondo, assicurando anche una maggiore tempestivit\u00e0 nella gestione delle pratiche.<\/p>\n<p>&nbsp;<\/p>\n<p><strong>IL NUOVO ARTICOLO 10<\/strong> &#8211;<strong>\u00a0ANOMALIE CONTRIBUTIVE, ERRATI E OMESSI VERSAMENTI<\/strong><\/p>\n<p class=\"p1\">1. Nel caso fossero rilevate anomalie o errori nella contribuzione, verranno attivate dal Fondo le procedure di correzione dell\u2019errore di cui al successivo comma 3.<\/p>\n<p class=\"p1\">2. Gli operatori che effettuano le modifiche sono legalmente responsabili della correttezza delle informazioni inserite.<\/p>\n<p class=\"p1\">3. In caso di versamento errato che comporti la restituzione della contribuzione, il Fondo proceder\u00e0 secondo le seguenti modalit\u00e0:<\/p>\n<p class=\"p1\"><b>a) Le Imprese, Associazioni, Organizzazioni o Enti che versano direttamente al Fondo devono inviare <\/b>tempestivamente una e-mail all\u2019indirizzo contribuzioni@fondosanedil.it, indicando:<\/p>\n<ul>\n<li class=\"p2\">l\u2019importo da rimborsare<\/li>\n<li class=\"p1\">il periodo di competenza del versamento errato<\/li>\n<\/ul>\n<p class=\"p1\">Dopo aver accertato l\u2019anomalia, il Fondo provveder\u00e0 a restituire le somme dovute.<\/p>\n<p class=\"p1\"><b>b) Le Imprese che versano tramite Casse Edili\/Edilcasse devono richiedere il rimborso alla Cassa <\/b>Edile\/Edilcassa di riferimento, che verificher\u00e0 l\u2019anomalia;<\/p>\n<ul>\n<li class=\"p1\">quantificher\u00e0 l\u2019importo da restituire e indicher\u00e0 il relativo periodo di competenza<\/li>\n<li class=\"p1\">trasmetter\u00e0 tali informazioni all\u2019indirizzo contribuzioni@fondosanedil.it<\/li>\n<\/ul>\n<p class=\"p1\">Dopo aver accertato l\u2019anomalia, il Fondo provveder\u00e0 a restituire le somme dovute alla Cassa territorialmente competente.<\/p>\n<p class=\"p1\">In caso di omessi o errati versamenti contributivi, il Fondo proceder\u00e0 al recupero degli importi dovuti, nel rispetto del termine di prescrizione previsto dall\u2019art. 2948 del Codice Civile, secondo le seguenti modalit\u00e0:<\/p>\n<p class=\"p2\">il Fondo invier\u00e0 una comunicazione formale, tramite PEC o raccomandata A\/R, contenente anche la messa in mora dell\u2019operatore economico inadempiente; in assenza di riscontro entro 15 giorni dalla ricezione della comunicazione, il Fondo attiver\u00e0 le procedure di recupero del credito, anche mediante azioni legali.<\/p>\n<p class=\"p2\">\u00a0In caso di mancato versamento di una o pi\u00f9 quote contributive, l\u2019operatore economico \u00e8 obbligato al versamento per l\u2019intero periodo mancante e alla regolarizzazione delle relative posizioni.<\/p>\n<p class=\"p1\">Gli importi giunti in ritardo e non pi\u00f9 utili a dare copertura sanitaria e gli interessi di mora, se previsti, saranno contabilizzati in uno specifico fondo e interamente destinati alle prestazioni collettive.<\/p>\n<p>&nbsp;<\/p>\n<p><strong>IL NUOVO ARTICOLO 17 &#8211; GESTIONE DEI RECLAMI<\/strong><\/p>\n<p class=\"p1\">1. Nel caso in cui le prestazioni sanitarie siano erogate direttamente dal Fondo (modalit\u00e0 autoassicurata), gli Iscritti o beneficiari che intendano contestare decisioni relative a:<\/p>\n<ul>\n<li class=\"p2\">l\u2019effettivit\u00e0 della prestazione<\/li>\n<li class=\"p1\">la quantificazione o l\u2019erogazione delle somme dovute<\/li>\n<\/ul>\n<p class=\"p1\">possono presentare ricorso scritto al Fondo, inviando apposita istanza all\u2019indirizzo e-mail <b>reclami@fondosanedil.it, corredata da: <\/b><b><\/b><\/p>\n<ul>\n<li class=\"p2\">Nome, Cognome e Codice Fiscale dell\u2019Iscritto o beneficiario<\/li>\n<li class=\"p2\">Numero del sinistro o riferimento della pratica<\/li>\n<li class=\"p2\">Oggetto e motivazione del ricorso<\/li>\n<li class=\"p1\">Eventuale documentazione a supporto<\/li>\n<li class=\"p1\">Per conoscenza, il ricorso dovr\u00e0 essere inviato anche alla Cassa Edile\/Edilcassa di riferimento<\/li>\n<\/ul>\n<p class=\"p1\">Il Fondo provveder\u00e0 a istruire la pratica e a sottoporla alla valutazione dell\u2019Ufficio competente. L\u2019esito sar\u00e0 comunicato entro 30 giorni dal ricevimento, salvo richiesta di integrazioni o particolari complessit\u00e0.<\/p>\n<p class=\"p1\">2. Nel caso le prestazioni sanitarie siano erogate tramite Compagnia Assicurativa con cui il Fondo ha stipulato specifica convenzione o polizza collettiva (modalit\u00e0 assicurata), eventuali ricorsi relativi a:<\/p>\n<ul>\n<li class=\"p2\">mancato riconoscimento della prestazione;<\/li>\n<li class=\"p2\">parziale liquidazione;<\/li>\n<li class=\"p1\">ritardo nell\u2019erogazione;<\/li>\n<\/ul>\n<p class=\"p1\">devono essere presentati direttamente alla Compagnia Assicurativa Unisalute:<\/p>\n<ul>\n<li class=\"p2\">Ufficio reclami &#8211; via Larga, 8 &#8211; 40138 Bologna;<\/li>\n<li class=\"p1\">E- mail: reclami@unisalute.it.<\/li>\n<\/ul>\n<p class=\"p1\">Per conoscenza, il ricorso dovr\u00e0 essere inviato anche al Fondo, indirizzo e-mail: reclami@fondosanedil.it e alla Cassa Edile\/Edilcassa di riferimento.<\/p>\n<p class=\"p1\">Il Fondo, pur non assumendo responsabilit\u00e0 diretta sull\u2019esito del ricorso (che \u00e8 di esclusiva competenza della Compagnia), potr\u00e0:<\/p>\n<ul>\n<li class=\"p2\">monitorare la gestione della pratica da parte dell\u2019assicuratore<\/li>\n<li class=\"p1\">intervenire, se ritenuto opportuno, nei limiti contrattuali, per promuovere eventuali riesami o approfondimenti da parte della Compagnia<\/li>\n<\/ul>\n<p class=\"p1\">Il Fondo qualora rilevi elementi di criticit\u00e0 o difformit\u00e0 nella gestione, potr\u00e0 attivare specifici canali di confronto con l\u2019assicuratore, nell\u2019ambito delle prerogative previste dagli accordi in essere.<\/p>\n<p>&nbsp;<\/p>\n","protected":false},"excerpt":{"rendered":"<p>L&#8217;Assemblea del Fondo Sanedil per i lavoratori dell&#8217;edilizia ha approvato alcune modifiche al Regolamento delle prestazioni sanitarie. Tra le principali innovazioni introdotte, si segnala l\u2019inserimento del nuovo articolo 17, recante la procedura per la gestione dei reclami, nonch\u00e9 la revisione dell\u2019articolo 10, che definisce e chiarisce la procedura per la gestione delle anomalie contributive derivanti [&hellip;]<\/p>\n","protected":false},"author":5,"featured_media":3621,"comment_status":"closed","ping_status":"closed","sticky":false,"template":"","format":"standard","meta":{"_et_pb_use_builder":"","_et_pb_old_content":"","_et_gb_content_width":"","footnotes":""},"categories":[7],"tags":[],"class_list":["post-3615","post","type-post","status-publish","format-standard","has-post-thumbnail","hentry","category-primo-piano"],"yoast_head":"<!-- This site is optimized with the Yoast SEO plugin v27.5 - https:\/\/yoast.com\/product\/yoast-seo-wordpress\/ -->\n<title>FONDO SANEDIL. PI\u00d9 AGILI LE PROCEDURE PER I RECLAMI E LA GESTIONE DELLE ANOMALIE CONTRIBUTIVE - claai.info<\/title>\n<meta name=\"robots\" content=\"index, follow, max-snippet:-1, max-image-preview:large, max-video-preview:-1\" \/>\n<link rel=\"canonical\" href=\"https:\/\/claai.info\/cms\/fondo-sanedil-piu-agili-le-procedure-per-i-reclami-e-la-gestione-delle-anomalie-contributive\/\" \/>\n<meta property=\"og:locale\" content=\"it_IT\" \/>\n<meta property=\"og:type\" content=\"article\" \/>\n<meta property=\"og:title\" content=\"FONDO SANEDIL. PI\u00d9 AGILI LE PROCEDURE PER I RECLAMI E LA GESTIONE DELLE ANOMALIE CONTRIBUTIVE - claai.info\" \/>\n<meta property=\"og:description\" content=\"L&#8217;Assemblea del Fondo Sanedil per i lavoratori dell&#8217;edilizia ha approvato alcune modifiche al Regolamento delle prestazioni sanitarie. Tra le principali innovazioni introdotte, si segnala l\u2019inserimento del nuovo articolo 17, recante la procedura per la gestione dei reclami, nonch\u00e9 la revisione dell\u2019articolo 10, che definisce e chiarisce la procedura per la gestione delle anomalie contributive derivanti [&hellip;]\" \/>\n<meta property=\"og:url\" content=\"https:\/\/claai.info\/cms\/fondo-sanedil-piu-agili-le-procedure-per-i-reclami-e-la-gestione-delle-anomalie-contributive\/\" \/>\n<meta property=\"og:site_name\" content=\"claai.info\" \/>\n<meta property=\"article:published_time\" content=\"2025-12-17T15:24:43+00:00\" \/>\n<meta property=\"article:modified_time\" content=\"2025-12-17T15:25:16+00:00\" \/>\n<meta property=\"og:image\" content=\"https:\/\/claai.info\/cms\/wp-content\/uploads\/2025\/12\/sanedil.png\" \/>\n\t<meta property=\"og:image:width\" content=\"716\" \/>\n\t<meta property=\"og:image:height\" content=\"282\" \/>\n\t<meta property=\"og:image:type\" content=\"image\/png\" \/>\n<meta name=\"author\" content=\"Roldano Radaelli\" \/>\n<meta name=\"twitter:label1\" content=\"Scritto da\" \/>\n\t<meta name=\"twitter:data1\" content=\"Roldano Radaelli\" \/>\n\t<meta name=\"twitter:label2\" content=\"Tempo di lettura stimato\" \/>\n\t<meta name=\"twitter:data2\" content=\"4 minuti\" \/>\n<script type=\"application\/ld+json\" class=\"yoast-schema-graph\">{\"@context\":\"https:\\\/\\\/schema.org\",\"@graph\":[{\"@type\":\"Article\",\"@id\":\"https:\\\/\\\/claai.info\\\/cms\\\/fondo-sanedil-piu-agili-le-procedure-per-i-reclami-e-la-gestione-delle-anomalie-contributive\\\/#article\",\"isPartOf\":{\"@id\":\"https:\\\/\\\/claai.info\\\/cms\\\/fondo-sanedil-piu-agili-le-procedure-per-i-reclami-e-la-gestione-delle-anomalie-contributive\\\/\"},\"author\":{\"name\":\"Roldano Radaelli\",\"@id\":\"https:\\\/\\\/claai.info\\\/cms\\\/#\\\/schema\\\/person\\\/d634d034d50532073c4c85c3eb23b46e\"},\"headline\":\"FONDO SANEDIL. PI\u00d9 AGILI LE PROCEDURE PER I RECLAMI E LA GESTIONE DELLE ANOMALIE CONTRIBUTIVE\",\"datePublished\":\"2025-12-17T15:24:43+00:00\",\"dateModified\":\"2025-12-17T15:25:16+00:00\",\"mainEntityOfPage\":{\"@id\":\"https:\\\/\\\/claai.info\\\/cms\\\/fondo-sanedil-piu-agili-le-procedure-per-i-reclami-e-la-gestione-delle-anomalie-contributive\\\/\"},\"wordCount\":695,\"image\":{\"@id\":\"https:\\\/\\\/claai.info\\\/cms\\\/fondo-sanedil-piu-agili-le-procedure-per-i-reclami-e-la-gestione-delle-anomalie-contributive\\\/#primaryimage\"},\"thumbnailUrl\":\"https:\\\/\\\/claai.info\\\/cms\\\/wp-content\\\/uploads\\\/2025\\\/12\\\/sanedil.png\",\"articleSection\":[\"Primo Piano\"],\"inLanguage\":\"it-IT\"},{\"@type\":\"WebPage\",\"@id\":\"https:\\\/\\\/claai.info\\\/cms\\\/fondo-sanedil-piu-agili-le-procedure-per-i-reclami-e-la-gestione-delle-anomalie-contributive\\\/\",\"url\":\"https:\\\/\\\/claai.info\\\/cms\\\/fondo-sanedil-piu-agili-le-procedure-per-i-reclami-e-la-gestione-delle-anomalie-contributive\\\/\",\"name\":\"FONDO SANEDIL. PI\u00d9 AGILI LE PROCEDURE PER I RECLAMI E LA GESTIONE DELLE ANOMALIE CONTRIBUTIVE - claai.info\",\"isPartOf\":{\"@id\":\"https:\\\/\\\/claai.info\\\/cms\\\/#website\"},\"primaryImageOfPage\":{\"@id\":\"https:\\\/\\\/claai.info\\\/cms\\\/fondo-sanedil-piu-agili-le-procedure-per-i-reclami-e-la-gestione-delle-anomalie-contributive\\\/#primaryimage\"},\"image\":{\"@id\":\"https:\\\/\\\/claai.info\\\/cms\\\/fondo-sanedil-piu-agili-le-procedure-per-i-reclami-e-la-gestione-delle-anomalie-contributive\\\/#primaryimage\"},\"thumbnailUrl\":\"https:\\\/\\\/claai.info\\\/cms\\\/wp-content\\\/uploads\\\/2025\\\/12\\\/sanedil.png\",\"datePublished\":\"2025-12-17T15:24:43+00:00\",\"dateModified\":\"2025-12-17T15:25:16+00:00\",\"author\":{\"@id\":\"https:\\\/\\\/claai.info\\\/cms\\\/#\\\/schema\\\/person\\\/d634d034d50532073c4c85c3eb23b46e\"},\"inLanguage\":\"it-IT\",\"potentialAction\":[{\"@type\":\"ReadAction\",\"target\":[\"https:\\\/\\\/claai.info\\\/cms\\\/fondo-sanedil-piu-agili-le-procedure-per-i-reclami-e-la-gestione-delle-anomalie-contributive\\\/\"]}]},{\"@type\":\"ImageObject\",\"inLanguage\":\"it-IT\",\"@id\":\"https:\\\/\\\/claai.info\\\/cms\\\/fondo-sanedil-piu-agili-le-procedure-per-i-reclami-e-la-gestione-delle-anomalie-contributive\\\/#primaryimage\",\"url\":\"https:\\\/\\\/claai.info\\\/cms\\\/wp-content\\\/uploads\\\/2025\\\/12\\\/sanedil.png\",\"contentUrl\":\"https:\\\/\\\/claai.info\\\/cms\\\/wp-content\\\/uploads\\\/2025\\\/12\\\/sanedil.png\",\"width\":716,\"height\":282},{\"@type\":\"WebSite\",\"@id\":\"https:\\\/\\\/claai.info\\\/cms\\\/#website\",\"url\":\"https:\\\/\\\/claai.info\\\/cms\\\/\",\"name\":\"claai.info\",\"description\":\"Confederazione delle Libere Associazioni Artigiane Italiane\",\"potentialAction\":[{\"@type\":\"SearchAction\",\"target\":{\"@type\":\"EntryPoint\",\"urlTemplate\":\"https:\\\/\\\/claai.info\\\/cms\\\/?s={search_term_string}\"},\"query-input\":{\"@type\":\"PropertyValueSpecification\",\"valueRequired\":true,\"valueName\":\"search_term_string\"}}],\"inLanguage\":\"it-IT\"},{\"@type\":\"Person\",\"@id\":\"https:\\\/\\\/claai.info\\\/cms\\\/#\\\/schema\\\/person\\\/d634d034d50532073c4c85c3eb23b46e\",\"name\":\"Roldano Radaelli\",\"image\":{\"@type\":\"ImageObject\",\"inLanguage\":\"it-IT\",\"@id\":\"https:\\\/\\\/secure.gravatar.com\\\/avatar\\\/97809b9ddd3df37c1ba1778903f83cd304e9ead5255b24490d0157d2cf5c0bac?s=96&d=mm&r=g\",\"url\":\"https:\\\/\\\/secure.gravatar.com\\\/avatar\\\/97809b9ddd3df37c1ba1778903f83cd304e9ead5255b24490d0157d2cf5c0bac?s=96&d=mm&r=g\",\"contentUrl\":\"https:\\\/\\\/secure.gravatar.com\\\/avatar\\\/97809b9ddd3df37c1ba1778903f83cd304e9ead5255b24490d0157d2cf5c0bac?s=96&d=mm&r=g\",\"caption\":\"Roldano Radaelli\"},\"sameAs\":[\"https:\\\/\\\/claai.info\\\/\"],\"url\":\"https:\\\/\\\/claai.info\\\/cms\\\/author\\\/rradaelli\\\/\"}]}<\/script>\n<!-- \/ Yoast SEO plugin. -->","yoast_head_json":{"title":"FONDO SANEDIL. PI\u00d9 AGILI LE PROCEDURE PER I RECLAMI E LA GESTIONE DELLE ANOMALIE CONTRIBUTIVE - claai.info","robots":{"index":"index","follow":"follow","max-snippet":"max-snippet:-1","max-image-preview":"max-image-preview:large","max-video-preview":"max-video-preview:-1"},"canonical":"https:\/\/claai.info\/cms\/fondo-sanedil-piu-agili-le-procedure-per-i-reclami-e-la-gestione-delle-anomalie-contributive\/","og_locale":"it_IT","og_type":"article","og_title":"FONDO SANEDIL. PI\u00d9 AGILI LE PROCEDURE PER I RECLAMI E LA GESTIONE DELLE ANOMALIE CONTRIBUTIVE - claai.info","og_description":"L&#8217;Assemblea del Fondo Sanedil per i lavoratori dell&#8217;edilizia ha approvato alcune modifiche al Regolamento delle prestazioni sanitarie. Tra le principali innovazioni introdotte, si segnala l\u2019inserimento del nuovo articolo 17, recante la procedura per la gestione dei reclami, nonch\u00e9 la revisione dell\u2019articolo 10, che definisce e chiarisce la procedura per la gestione delle anomalie contributive derivanti [&hellip;]","og_url":"https:\/\/claai.info\/cms\/fondo-sanedil-piu-agili-le-procedure-per-i-reclami-e-la-gestione-delle-anomalie-contributive\/","og_site_name":"claai.info","article_published_time":"2025-12-17T15:24:43+00:00","article_modified_time":"2025-12-17T15:25:16+00:00","og_image":[{"width":716,"height":282,"url":"https:\/\/claai.info\/cms\/wp-content\/uploads\/2025\/12\/sanedil.png","type":"image\/png"}],"author":"Roldano Radaelli","twitter_misc":{"Scritto da":"Roldano Radaelli","Tempo di lettura stimato":"4 minuti"},"schema":{"@context":"https:\/\/schema.org","@graph":[{"@type":"Article","@id":"https:\/\/claai.info\/cms\/fondo-sanedil-piu-agili-le-procedure-per-i-reclami-e-la-gestione-delle-anomalie-contributive\/#article","isPartOf":{"@id":"https:\/\/claai.info\/cms\/fondo-sanedil-piu-agili-le-procedure-per-i-reclami-e-la-gestione-delle-anomalie-contributive\/"},"author":{"name":"Roldano Radaelli","@id":"https:\/\/claai.info\/cms\/#\/schema\/person\/d634d034d50532073c4c85c3eb23b46e"},"headline":"FONDO SANEDIL. PI\u00d9 AGILI LE PROCEDURE PER I RECLAMI E LA GESTIONE DELLE ANOMALIE CONTRIBUTIVE","datePublished":"2025-12-17T15:24:43+00:00","dateModified":"2025-12-17T15:25:16+00:00","mainEntityOfPage":{"@id":"https:\/\/claai.info\/cms\/fondo-sanedil-piu-agili-le-procedure-per-i-reclami-e-la-gestione-delle-anomalie-contributive\/"},"wordCount":695,"image":{"@id":"https:\/\/claai.info\/cms\/fondo-sanedil-piu-agili-le-procedure-per-i-reclami-e-la-gestione-delle-anomalie-contributive\/#primaryimage"},"thumbnailUrl":"https:\/\/claai.info\/cms\/wp-content\/uploads\/2025\/12\/sanedil.png","articleSection":["Primo Piano"],"inLanguage":"it-IT"},{"@type":"WebPage","@id":"https:\/\/claai.info\/cms\/fondo-sanedil-piu-agili-le-procedure-per-i-reclami-e-la-gestione-delle-anomalie-contributive\/","url":"https:\/\/claai.info\/cms\/fondo-sanedil-piu-agili-le-procedure-per-i-reclami-e-la-gestione-delle-anomalie-contributive\/","name":"FONDO SANEDIL. PI\u00d9 AGILI LE PROCEDURE PER I RECLAMI E LA GESTIONE DELLE ANOMALIE CONTRIBUTIVE - claai.info","isPartOf":{"@id":"https:\/\/claai.info\/cms\/#website"},"primaryImageOfPage":{"@id":"https:\/\/claai.info\/cms\/fondo-sanedil-piu-agili-le-procedure-per-i-reclami-e-la-gestione-delle-anomalie-contributive\/#primaryimage"},"image":{"@id":"https:\/\/claai.info\/cms\/fondo-sanedil-piu-agili-le-procedure-per-i-reclami-e-la-gestione-delle-anomalie-contributive\/#primaryimage"},"thumbnailUrl":"https:\/\/claai.info\/cms\/wp-content\/uploads\/2025\/12\/sanedil.png","datePublished":"2025-12-17T15:24:43+00:00","dateModified":"2025-12-17T15:25:16+00:00","author":{"@id":"https:\/\/claai.info\/cms\/#\/schema\/person\/d634d034d50532073c4c85c3eb23b46e"},"inLanguage":"it-IT","potentialAction":[{"@type":"ReadAction","target":["https:\/\/claai.info\/cms\/fondo-sanedil-piu-agili-le-procedure-per-i-reclami-e-la-gestione-delle-anomalie-contributive\/"]}]},{"@type":"ImageObject","inLanguage":"it-IT","@id":"https:\/\/claai.info\/cms\/fondo-sanedil-piu-agili-le-procedure-per-i-reclami-e-la-gestione-delle-anomalie-contributive\/#primaryimage","url":"https:\/\/claai.info\/cms\/wp-content\/uploads\/2025\/12\/sanedil.png","contentUrl":"https:\/\/claai.info\/cms\/wp-content\/uploads\/2025\/12\/sanedil.png","width":716,"height":282},{"@type":"WebSite","@id":"https:\/\/claai.info\/cms\/#website","url":"https:\/\/claai.info\/cms\/","name":"claai.info","description":"Confederazione delle Libere Associazioni Artigiane Italiane","potentialAction":[{"@type":"SearchAction","target":{"@type":"EntryPoint","urlTemplate":"https:\/\/claai.info\/cms\/?s={search_term_string}"},"query-input":{"@type":"PropertyValueSpecification","valueRequired":true,"valueName":"search_term_string"}}],"inLanguage":"it-IT"},{"@type":"Person","@id":"https:\/\/claai.info\/cms\/#\/schema\/person\/d634d034d50532073c4c85c3eb23b46e","name":"Roldano Radaelli","image":{"@type":"ImageObject","inLanguage":"it-IT","@id":"https:\/\/secure.gravatar.com\/avatar\/97809b9ddd3df37c1ba1778903f83cd304e9ead5255b24490d0157d2cf5c0bac?s=96&d=mm&r=g","url":"https:\/\/secure.gravatar.com\/avatar\/97809b9ddd3df37c1ba1778903f83cd304e9ead5255b24490d0157d2cf5c0bac?s=96&d=mm&r=g","contentUrl":"https:\/\/secure.gravatar.com\/avatar\/97809b9ddd3df37c1ba1778903f83cd304e9ead5255b24490d0157d2cf5c0bac?s=96&d=mm&r=g","caption":"Roldano Radaelli"},"sameAs":["https:\/\/claai.info\/"],"url":"https:\/\/claai.info\/cms\/author\/rradaelli\/"}]}},"_links":{"self":[{"href":"https:\/\/claai.info\/cms\/wp-json\/wp\/v2\/posts\/3615","targetHints":{"allow":["GET"]}}],"collection":[{"href":"https:\/\/claai.info\/cms\/wp-json\/wp\/v2\/posts"}],"about":[{"href":"https:\/\/claai.info\/cms\/wp-json\/wp\/v2\/types\/post"}],"author":[{"embeddable":true,"href":"https:\/\/claai.info\/cms\/wp-json\/wp\/v2\/users\/5"}],"replies":[{"embeddable":true,"href":"https:\/\/claai.info\/cms\/wp-json\/wp\/v2\/comments?post=3615"}],"version-history":[{"count":2,"href":"https:\/\/claai.info\/cms\/wp-json\/wp\/v2\/posts\/3615\/revisions"}],"predecessor-version":[{"id":3622,"href":"https:\/\/claai.info\/cms\/wp-json\/wp\/v2\/posts\/3615\/revisions\/3622"}],"wp:featuredmedia":[{"embeddable":true,"href":"https:\/\/claai.info\/cms\/wp-json\/wp\/v2\/media\/3621"}],"wp:attachment":[{"href":"https:\/\/claai.info\/cms\/wp-json\/wp\/v2\/media?parent=3615"}],"wp:term":[{"taxonomy":"category","embeddable":true,"href":"https:\/\/claai.info\/cms\/wp-json\/wp\/v2\/categories?post=3615"},{"taxonomy":"post_tag","embeddable":true,"href":"https:\/\/claai.info\/cms\/wp-json\/wp\/v2\/tags?post=3615"}],"curies":[{"name":"wp","href":"https:\/\/api.w.org\/{rel}","templated":true}]}}