{"id":405,"date":"2014-05-15T13:54:22","date_gmt":"2014-05-15T11:54:22","guid":{"rendered":"https:\/\/claai.info\/cms\/?p=405"},"modified":"2018-01-18T15:27:01","modified_gmt":"2018-01-18T14:27:01","slug":"via-libera-definitivo-al-dl-lavoro-novita-sintesi","status":"publish","type":"post","link":"https:\/\/claai.info\/cms\/via-libera-definitivo-al-dl-lavoro-novita-sintesi\/","title":{"rendered":"Via libera definitivo al DL Lavoro. Novit\u00e0 in sintesi"},"content":{"rendered":"<p>&nbsp;<\/p>\n<p>La Camera ha dato il via libero definitivo al dl lavoro. Dai <b>contratti a termine<\/b> alla <b>nuova solidarieta&#8217;. <\/b><\/p>\n<p>Ecco in sintesi i contenuti del testo che modifica profondamente l&#8217;attuale normativa sull&#8217;apprendistato e i contratti a termine. Le disposizioni si applicano ai rapporti di lavoro costituiti successivamente alla data di entrata in vigore del decreto.<\/p>\n<p align=\"left\">\u00a0<b><span style=\"font-size: medium;\">Contratto di lavoro a tempo determinato <\/span><\/b><\/p>\n<p>&#8211; si prevede che il contratto a tempo determinato possa essere stipulato, nell\u2019ambito di complessivi 36 mesi, comprensivi di eventuali proroghe, senza l\u2019indicazione di ragioni di carattere tecnico, produttivo, organizzativo o sostitutivo (c.d. causali);<\/p>\n<p>&#8211; nell\u2019ambito dei 36 mesi \u00e8 possibile utilizzare complessivamente 5 proroghe (potendo in tal modo prolungare, oltre la scadenza inizialmente fissata, la durata di un contratto a termine ancora in corso), indipendentemente dal numero dei rinnovi;<\/p>\n<p>&#8211; si consente al datore di lavoro di stipulare contratti a tempo determinato nel limite del 20 per cento del numero dei lavoratori a tempo indeterminato in forza al 1\u00b0 gennaio dell\u2019anno di assunzione; per i datori di lavoro che occupano fino a 5 dipendenti \u00e8 in ogni caso possibile stipulare almeno un contratto di lavoro a tempo determinato. Resta comunque ferma la possibilit\u00e0 per i contratti collettivi nazionali di lavoro, stipulati dai sindacati comparativamente pi\u00f9 rappresentativi, di individuare limiti quantitativi diversi per il ricorso ai contratti di lavoro a tempo determinato;<\/p>\n<p>&#8211; si prevede che il limite percentuale del 20 per cento non sia applicabile ai contratti di lavoro a tempo determinato stipulati tra istituti pubblici di ricerca ovvero enti privati di ricerca e lavoratori chiamati a svolgere in via esclusiva attivit\u00e0 di ricerca scientifica o tecnologica, di assistenza tecnica alla stessa o di coordinamento e direzione della stessa. E\u2019 stato inoltre stabilito che i contratti a termine che abbiano ad oggetto in via esclusiva lo svolgimento di attivit\u00e0 di ricerca scientifica possano avere durata pari a quella del progetto a cui si riferiscono;<\/p>\n<p>&#8211; per le ipotesi di violazione del limite percentuale, si stabilisce l\u2019applicazione di una sanzione amministrativa a carico del datore di lavoro, pari al 20 per cento della retribuzione, per ciascun mese o frazione di mese superiore a quindici giorni di durata del rapporto di lavoro, qualora la violazione si riferisca ad un solo lavoratore assunto in eccedenza del predetto limite e pari invece al 50 per cento della retribuzione qualora la violazione si riferisca a due o pi\u00f9 lavoratori assunti in eccedenza del predetto limite;<\/p>\n<p>&#8211; in relazione al diritto di precedenza previsto in favore del lavoratore a termine che abbia prestato attivit\u00e0 lavorativa per un periodo superiore a 6 mesi, per le assunzioni a tempo indeterminato nella stessa azienda entro i successivi 12 mesi, viene riconosciuto che per le lavoratrici il congedo obbligatorio di maternit\u00e0, intervenuto nell\u2019esecuzione di un precedente contratto a termine, concorra a determinare il periodo complessivo di prestazione lavorativa utile al diritto di precedenza. Alle lavoratrici \u00e8 inoltre riconosciuto il diritto di precedenza anche nelle assunzioni a tempo determinato effettuate dal datore di lavoro entro i successivi 12 mesi;<\/p>\n<p>\u2212 si prevede, infine, che il Ministro del lavoro e delle politiche sociali, decorsi 12 mesi dall\u2019entrata in vigore della legge di conversione del decreto, presenti una relazione alle Camere sull\u2019utilizzo dei contratti a tempo determinato e dei contratti di apprendistato.<\/p>\n<p><strong>Contratto di apprendistato<\/strong><\/p>\n<p>\u2212 si prevede che il contratto di apprendistato debba contenere, in forma sintetica, anche il piano formativo individuale, definito anche sulla base di moduli e formulari stabiliti dalla contrattazione collettiva o dagli enti bilaterali;<\/p>\n<p>\u2212 le condizioni alle quali \u00e8 subordinata l\u2019assunzione di nuovi apprendisti (ovvero la prosecuzione del rapporto di lavoro al termine dell\u2019apprendistato, nei 36 mesi precedenti la nuova assunzione, di una determinata percentuale degli apprendisti dipendenti dallo stesso datore di lavoro), si applicano solo ai datori di lavoro che occupano almeno 50 dipendenti. Viene inoltre fissata al 20 per cento la percentuale di &#8220;stabilizzazione&#8221; di precedenti apprendisti, fatta salva la possibilit\u00e0 per i contratti collettivi di individuare limiti diversi;<\/p>\n<p>\u2212 si prevede che per le regioni e le province autonome di Trento e Bolzano, che abbiano definito un sistema di alternanza scuola-lavoro, i contratti collettivi nazionali di lavoro stipulati da associazioni di datori e prestatori di lavoro comparativamente pi\u00f9 rappresentative sul piano nazionale possano prevedere specifiche modalit\u00e0 di utilizzo del contratto di apprendistato, anche a tempo determinato, per lo svolgimento di attivit\u00e0 stagionali;<\/p>\n<p>\u2212 viene confermato che la formazione del lavoratore assunto con contratto di apprendistato professionalizzante o di mestiere \u00e8 integrata dall\u2019offerta formativa pubblica. A tal fine, si prevede che la regione debba comunicare al datore di lavoro, entro 45 giorni dalla comunicazione dell\u2019instaurazione del rapporto di lavoro, le modalit\u00e0 di svolgimento dell\u2019offerta formativa pubblica, anche con riferimento alle sedi e al calendario delle attivit\u00e0 previste, avvalendosi anche dei datori di lavoro e delle loro associazioni che si siano dichiarate disponibili.<\/p>\n<p><strong>Semplificazioni in materia di documento unico di regolarit\u00e0 contributiva:<\/strong><\/p>\n<p>\u2212 <span style=\"font-size: medium;\"><span style=\"font-family: Calibri,Calibri; font-size: medium;\"><span style=\"font-family: Calibri,Calibri; font-size: medium;\">Si prevede di realizzare una modalit\u00e0 telematica per verificare la regolarit\u00e0 contributiva nei confronti di Inps, Inail e Casse edili, per giungere alla definitiva &#8220;smaterializzazione&#8221; del DURC (documento unico di regolarit\u00e0 contributiva). Le modalit\u00e0 applicative della disposizione sono demandate ad un decreto ministeriale da adottare entro 60 giorni. <\/span><\/span><\/span><b><b><\/b><\/b><\/p>\n<p><strong>Contratti di solidariet\u00e0:<\/strong><\/p>\n<p>\u2212 <span style=\"font-size: medium;\"><span style=\"font-family: Calibri,Calibri; font-size: medium;\"><span style=\"font-family: Calibri,Calibri; font-size: medium;\">si prevede che, con decreto del Ministro del lavoro e delle politiche sociali, siano stabiliti criteri per la concessione del beneficio della riduzione provvisoria della quota di contribuzione previdenziale a carico del datore di lavoro. Vengono inoltre destinate a tale finalit\u00e0 risorse per 15 milioni di euro annui a decorrere dal 2014<\/span><\/span><\/span><b><span style=\"font-size: medium;\"><span style=\"font-family: Calibri,Calibri; font-size: medium;\"><span style=\"font-family: Calibri,Calibri; font-size: medium;\">; <\/span><\/span><\/span><\/b><\/p>\n<p>\u2212 viene fissata al 35 % la riduzione della contribuzione previdenziale per i datori di lavoro che stipulano contratti di solidariet\u00e0 con riduzione dell\u2019orario di lavoro superiore al 20% (eliminando le precedenti differenziazioni su base territoriale e le maggiori riduzioni previste in relazione a percentuali di riduzione dell\u2019orario di lavoro superiori al 30%);<\/p>\n<p>\u2212 si prevede, infine, che i contratti di solidariet\u00e0 siano depositati presso l\u2019archivio nazionale dei contratti e degli accordi collettivi di lavoro.<\/p>\n","protected":false},"excerpt":{"rendered":"<p>&nbsp; La Camera ha dato il via libero definitivo al dl lavoro. Dai contratti a termine alla nuova solidarieta&#8217;. Ecco in sintesi i contenuti del testo che modifica profondamente l&#8217;attuale normativa sull&#8217;apprendistato e i contratti a termine. Le disposizioni si applicano ai rapporti di lavoro costituiti successivamente alla data di entrata in vigore del decreto. [&hellip;]<\/p>\n","protected":false},"author":3,"featured_media":406,"comment_status":"open","ping_status":"closed","sticky":false,"template":"","format":"standard","meta":{"_et_pb_use_builder":"","_et_pb_old_content":"","_et_gb_content_width":"","footnotes":""},"categories":[20,8,19,9,7],"tags":[],"class_list":["post-405","post","type-post","status-publish","format-standard","has-post-thumbnail","hentry","category-altre-news","category-comunicati-stampa","category-edili","category-formazione","category-primo-piano"],"yoast_head":"<!-- This site is optimized with the Yoast SEO plugin v27.5 - https:\/\/yoast.com\/product\/yoast-seo-wordpress\/ -->\n<title>Via libera definitivo al DL Lavoro. Novit\u00e0 in sintesi - claai.info<\/title>\n<meta name=\"robots\" content=\"index, follow, max-snippet:-1, max-image-preview:large, max-video-preview:-1\" \/>\n<link rel=\"canonical\" href=\"https:\/\/claai.info\/cms\/via-libera-definitivo-al-dl-lavoro-novita-sintesi\/\" \/>\n<meta property=\"og:locale\" content=\"it_IT\" \/>\n<meta property=\"og:type\" content=\"article\" \/>\n<meta property=\"og:title\" content=\"Via libera definitivo al DL Lavoro. Novit\u00e0 in sintesi - claai.info\" \/>\n<meta property=\"og:description\" content=\"&nbsp; La Camera ha dato il via libero definitivo al dl lavoro. Dai contratti a termine alla nuova solidarieta&#8217;. Ecco in sintesi i contenuti del testo che modifica profondamente l&#8217;attuale normativa sull&#8217;apprendistato e i contratti a termine. Le disposizioni si applicano ai rapporti di lavoro costituiti successivamente alla data di entrata in vigore del decreto. [&hellip;]\" \/>\n<meta property=\"og:url\" content=\"https:\/\/claai.info\/cms\/via-libera-definitivo-al-dl-lavoro-novita-sintesi\/\" \/>\n<meta property=\"og:site_name\" content=\"claai.info\" \/>\n<meta property=\"article:published_time\" content=\"2014-05-15T11:54:22+00:00\" \/>\n<meta property=\"article:modified_time\" content=\"2018-01-18T14:27:01+00:00\" \/>\n<meta property=\"og:image\" content=\"https:\/\/claai.info\/cms\/wp-content\/uploads\/2014\/05\/il-mondo-del-lavoro-ieri-oggi1.jpg\" \/>\n\t<meta property=\"og:image:width\" content=\"450\" \/>\n\t<meta property=\"og:image:height\" content=\"300\" \/>\n\t<meta property=\"og:image:type\" content=\"image\/jpeg\" \/>\n<meta name=\"author\" content=\"Andrea Rovelli\" \/>\n<meta name=\"twitter:label1\" content=\"Scritto da\" \/>\n\t<meta name=\"twitter:data1\" content=\"Andrea Rovelli\" \/>\n\t<meta name=\"twitter:label2\" content=\"Tempo di lettura stimato\" \/>\n\t<meta name=\"twitter:data2\" content=\"5 minuti\" \/>\n<script type=\"application\/ld+json\" class=\"yoast-schema-graph\">{\"@context\":\"https:\\\/\\\/schema.org\",\"@graph\":[{\"@type\":\"Article\",\"@id\":\"https:\\\/\\\/claai.info\\\/cms\\\/via-libera-definitivo-al-dl-lavoro-novita-sintesi\\\/#article\",\"isPartOf\":{\"@id\":\"https:\\\/\\\/claai.info\\\/cms\\\/via-libera-definitivo-al-dl-lavoro-novita-sintesi\\\/\"},\"author\":{\"name\":\"Andrea Rovelli\",\"@id\":\"https:\\\/\\\/claai.info\\\/cms\\\/#\\\/schema\\\/person\\\/791c552cf3cc082152dd350d688b7db7\"},\"headline\":\"Via libera definitivo al DL Lavoro. Novit\u00e0 in sintesi\",\"datePublished\":\"2014-05-15T11:54:22+00:00\",\"dateModified\":\"2018-01-18T14:27:01+00:00\",\"mainEntityOfPage\":{\"@id\":\"https:\\\/\\\/claai.info\\\/cms\\\/via-libera-definitivo-al-dl-lavoro-novita-sintesi\\\/\"},\"wordCount\":978,\"commentCount\":0,\"image\":{\"@id\":\"https:\\\/\\\/claai.info\\\/cms\\\/via-libera-definitivo-al-dl-lavoro-novita-sintesi\\\/#primaryimage\"},\"thumbnailUrl\":\"https:\\\/\\\/claai.info\\\/cms\\\/wp-content\\\/uploads\\\/2014\\\/05\\\/il-mondo-del-lavoro-ieri-oggi1.jpg\",\"articleSection\":[\"Altre News\",\"Comunicati Stampa\",\"Edili\",\"Formazione\",\"Primo Piano\"],\"inLanguage\":\"it-IT\",\"potentialAction\":[{\"@type\":\"CommentAction\",\"name\":\"Comment\",\"target\":[\"https:\\\/\\\/claai.info\\\/cms\\\/via-libera-definitivo-al-dl-lavoro-novita-sintesi\\\/#respond\"]}]},{\"@type\":\"WebPage\",\"@id\":\"https:\\\/\\\/claai.info\\\/cms\\\/via-libera-definitivo-al-dl-lavoro-novita-sintesi\\\/\",\"url\":\"https:\\\/\\\/claai.info\\\/cms\\\/via-libera-definitivo-al-dl-lavoro-novita-sintesi\\\/\",\"name\":\"Via libera definitivo al DL Lavoro. Novit\u00e0 in sintesi - claai.info\",\"isPartOf\":{\"@id\":\"https:\\\/\\\/claai.info\\\/cms\\\/#website\"},\"primaryImageOfPage\":{\"@id\":\"https:\\\/\\\/claai.info\\\/cms\\\/via-libera-definitivo-al-dl-lavoro-novita-sintesi\\\/#primaryimage\"},\"image\":{\"@id\":\"https:\\\/\\\/claai.info\\\/cms\\\/via-libera-definitivo-al-dl-lavoro-novita-sintesi\\\/#primaryimage\"},\"thumbnailUrl\":\"https:\\\/\\\/claai.info\\\/cms\\\/wp-content\\\/uploads\\\/2014\\\/05\\\/il-mondo-del-lavoro-ieri-oggi1.jpg\",\"datePublished\":\"2014-05-15T11:54:22+00:00\",\"dateModified\":\"2018-01-18T14:27:01+00:00\",\"author\":{\"@id\":\"https:\\\/\\\/claai.info\\\/cms\\\/#\\\/schema\\\/person\\\/791c552cf3cc082152dd350d688b7db7\"},\"inLanguage\":\"it-IT\",\"potentialAction\":[{\"@type\":\"ReadAction\",\"target\":[\"https:\\\/\\\/claai.info\\\/cms\\\/via-libera-definitivo-al-dl-lavoro-novita-sintesi\\\/\"]}]},{\"@type\":\"ImageObject\",\"inLanguage\":\"it-IT\",\"@id\":\"https:\\\/\\\/claai.info\\\/cms\\\/via-libera-definitivo-al-dl-lavoro-novita-sintesi\\\/#primaryimage\",\"url\":\"https:\\\/\\\/claai.info\\\/cms\\\/wp-content\\\/uploads\\\/2014\\\/05\\\/il-mondo-del-lavoro-ieri-oggi1.jpg\",\"contentUrl\":\"https:\\\/\\\/claai.info\\\/cms\\\/wp-content\\\/uploads\\\/2014\\\/05\\\/il-mondo-del-lavoro-ieri-oggi1.jpg\",\"width\":450,\"height\":300},{\"@type\":\"WebSite\",\"@id\":\"https:\\\/\\\/claai.info\\\/cms\\\/#website\",\"url\":\"https:\\\/\\\/claai.info\\\/cms\\\/\",\"name\":\"claai.info\",\"description\":\"Confederazione delle Libere Associazioni Artigiane Italiane\",\"potentialAction\":[{\"@type\":\"SearchAction\",\"target\":{\"@type\":\"EntryPoint\",\"urlTemplate\":\"https:\\\/\\\/claai.info\\\/cms\\\/?s={search_term_string}\"},\"query-input\":{\"@type\":\"PropertyValueSpecification\",\"valueRequired\":true,\"valueName\":\"search_term_string\"}}],\"inLanguage\":\"it-IT\"},{\"@type\":\"Person\",\"@id\":\"https:\\\/\\\/claai.info\\\/cms\\\/#\\\/schema\\\/person\\\/791c552cf3cc082152dd350d688b7db7\",\"name\":\"Andrea Rovelli\",\"image\":{\"@type\":\"ImageObject\",\"inLanguage\":\"it-IT\",\"@id\":\"https:\\\/\\\/secure.gravatar.com\\\/avatar\\\/5d99d1feb41c1499c90e921d0601cdf490eecb3af40cf941d49b4305ed4fb837?s=96&d=mm&r=g\",\"url\":\"https:\\\/\\\/secure.gravatar.com\\\/avatar\\\/5d99d1feb41c1499c90e921d0601cdf490eecb3af40cf941d49b4305ed4fb837?s=96&d=mm&r=g\",\"contentUrl\":\"https:\\\/\\\/secure.gravatar.com\\\/avatar\\\/5d99d1feb41c1499c90e921d0601cdf490eecb3af40cf941d49b4305ed4fb837?s=96&d=mm&r=g\",\"caption\":\"Andrea Rovelli\"},\"url\":\"https:\\\/\\\/claai.info\\\/cms\\\/author\\\/arovelli\\\/\"}]}<\/script>\n<!-- \/ Yoast SEO plugin. -->","yoast_head_json":{"title":"Via libera definitivo al DL Lavoro. Novit\u00e0 in sintesi - claai.info","robots":{"index":"index","follow":"follow","max-snippet":"max-snippet:-1","max-image-preview":"max-image-preview:large","max-video-preview":"max-video-preview:-1"},"canonical":"https:\/\/claai.info\/cms\/via-libera-definitivo-al-dl-lavoro-novita-sintesi\/","og_locale":"it_IT","og_type":"article","og_title":"Via libera definitivo al DL Lavoro. Novit\u00e0 in sintesi - claai.info","og_description":"&nbsp; La Camera ha dato il via libero definitivo al dl lavoro. Dai contratti a termine alla nuova solidarieta&#8217;. Ecco in sintesi i contenuti del testo che modifica profondamente l&#8217;attuale normativa sull&#8217;apprendistato e i contratti a termine. Le disposizioni si applicano ai rapporti di lavoro costituiti successivamente alla data di entrata in vigore del decreto. [&hellip;]","og_url":"https:\/\/claai.info\/cms\/via-libera-definitivo-al-dl-lavoro-novita-sintesi\/","og_site_name":"claai.info","article_published_time":"2014-05-15T11:54:22+00:00","article_modified_time":"2018-01-18T14:27:01+00:00","og_image":[{"width":450,"height":300,"url":"https:\/\/claai.info\/cms\/wp-content\/uploads\/2014\/05\/il-mondo-del-lavoro-ieri-oggi1.jpg","type":"image\/jpeg"}],"author":"Andrea Rovelli","twitter_misc":{"Scritto da":"Andrea Rovelli","Tempo di lettura stimato":"5 minuti"},"schema":{"@context":"https:\/\/schema.org","@graph":[{"@type":"Article","@id":"https:\/\/claai.info\/cms\/via-libera-definitivo-al-dl-lavoro-novita-sintesi\/#article","isPartOf":{"@id":"https:\/\/claai.info\/cms\/via-libera-definitivo-al-dl-lavoro-novita-sintesi\/"},"author":{"name":"Andrea Rovelli","@id":"https:\/\/claai.info\/cms\/#\/schema\/person\/791c552cf3cc082152dd350d688b7db7"},"headline":"Via libera definitivo al DL Lavoro. Novit\u00e0 in sintesi","datePublished":"2014-05-15T11:54:22+00:00","dateModified":"2018-01-18T14:27:01+00:00","mainEntityOfPage":{"@id":"https:\/\/claai.info\/cms\/via-libera-definitivo-al-dl-lavoro-novita-sintesi\/"},"wordCount":978,"commentCount":0,"image":{"@id":"https:\/\/claai.info\/cms\/via-libera-definitivo-al-dl-lavoro-novita-sintesi\/#primaryimage"},"thumbnailUrl":"https:\/\/claai.info\/cms\/wp-content\/uploads\/2014\/05\/il-mondo-del-lavoro-ieri-oggi1.jpg","articleSection":["Altre News","Comunicati Stampa","Edili","Formazione","Primo Piano"],"inLanguage":"it-IT","potentialAction":[{"@type":"CommentAction","name":"Comment","target":["https:\/\/claai.info\/cms\/via-libera-definitivo-al-dl-lavoro-novita-sintesi\/#respond"]}]},{"@type":"WebPage","@id":"https:\/\/claai.info\/cms\/via-libera-definitivo-al-dl-lavoro-novita-sintesi\/","url":"https:\/\/claai.info\/cms\/via-libera-definitivo-al-dl-lavoro-novita-sintesi\/","name":"Via libera definitivo al DL Lavoro. Novit\u00e0 in sintesi - claai.info","isPartOf":{"@id":"https:\/\/claai.info\/cms\/#website"},"primaryImageOfPage":{"@id":"https:\/\/claai.info\/cms\/via-libera-definitivo-al-dl-lavoro-novita-sintesi\/#primaryimage"},"image":{"@id":"https:\/\/claai.info\/cms\/via-libera-definitivo-al-dl-lavoro-novita-sintesi\/#primaryimage"},"thumbnailUrl":"https:\/\/claai.info\/cms\/wp-content\/uploads\/2014\/05\/il-mondo-del-lavoro-ieri-oggi1.jpg","datePublished":"2014-05-15T11:54:22+00:00","dateModified":"2018-01-18T14:27:01+00:00","author":{"@id":"https:\/\/claai.info\/cms\/#\/schema\/person\/791c552cf3cc082152dd350d688b7db7"},"inLanguage":"it-IT","potentialAction":[{"@type":"ReadAction","target":["https:\/\/claai.info\/cms\/via-libera-definitivo-al-dl-lavoro-novita-sintesi\/"]}]},{"@type":"ImageObject","inLanguage":"it-IT","@id":"https:\/\/claai.info\/cms\/via-libera-definitivo-al-dl-lavoro-novita-sintesi\/#primaryimage","url":"https:\/\/claai.info\/cms\/wp-content\/uploads\/2014\/05\/il-mondo-del-lavoro-ieri-oggi1.jpg","contentUrl":"https:\/\/claai.info\/cms\/wp-content\/uploads\/2014\/05\/il-mondo-del-lavoro-ieri-oggi1.jpg","width":450,"height":300},{"@type":"WebSite","@id":"https:\/\/claai.info\/cms\/#website","url":"https:\/\/claai.info\/cms\/","name":"claai.info","description":"Confederazione delle Libere Associazioni Artigiane Italiane","potentialAction":[{"@type":"SearchAction","target":{"@type":"EntryPoint","urlTemplate":"https:\/\/claai.info\/cms\/?s={search_term_string}"},"query-input":{"@type":"PropertyValueSpecification","valueRequired":true,"valueName":"search_term_string"}}],"inLanguage":"it-IT"},{"@type":"Person","@id":"https:\/\/claai.info\/cms\/#\/schema\/person\/791c552cf3cc082152dd350d688b7db7","name":"Andrea Rovelli","image":{"@type":"ImageObject","inLanguage":"it-IT","@id":"https:\/\/secure.gravatar.com\/avatar\/5d99d1feb41c1499c90e921d0601cdf490eecb3af40cf941d49b4305ed4fb837?s=96&d=mm&r=g","url":"https:\/\/secure.gravatar.com\/avatar\/5d99d1feb41c1499c90e921d0601cdf490eecb3af40cf941d49b4305ed4fb837?s=96&d=mm&r=g","contentUrl":"https:\/\/secure.gravatar.com\/avatar\/5d99d1feb41c1499c90e921d0601cdf490eecb3af40cf941d49b4305ed4fb837?s=96&d=mm&r=g","caption":"Andrea Rovelli"},"url":"https:\/\/claai.info\/cms\/author\/arovelli\/"}]}},"_links":{"self":[{"href":"https:\/\/claai.info\/cms\/wp-json\/wp\/v2\/posts\/405","targetHints":{"allow":["GET"]}}],"collection":[{"href":"https:\/\/claai.info\/cms\/wp-json\/wp\/v2\/posts"}],"about":[{"href":"https:\/\/claai.info\/cms\/wp-json\/wp\/v2\/types\/post"}],"author":[{"embeddable":true,"href":"https:\/\/claai.info\/cms\/wp-json\/wp\/v2\/users\/3"}],"replies":[{"embeddable":true,"href":"https:\/\/claai.info\/cms\/wp-json\/wp\/v2\/comments?post=405"}],"version-history":[{"count":2,"href":"https:\/\/claai.info\/cms\/wp-json\/wp\/v2\/posts\/405\/revisions"}],"predecessor-version":[{"id":409,"href":"https:\/\/claai.info\/cms\/wp-json\/wp\/v2\/posts\/405\/revisions\/409"}],"wp:featuredmedia":[{"embeddable":true,"href":"https:\/\/claai.info\/cms\/wp-json\/wp\/v2\/media\/406"}],"wp:attachment":[{"href":"https:\/\/claai.info\/cms\/wp-json\/wp\/v2\/media?parent=405"}],"wp:term":[{"taxonomy":"category","embeddable":true,"href":"https:\/\/claai.info\/cms\/wp-json\/wp\/v2\/categories?post=405"},{"taxonomy":"post_tag","embeddable":true,"href":"https:\/\/claai.info\/cms\/wp-json\/wp\/v2\/tags?post=405"}],"curies":[{"name":"wp","href":"https:\/\/api.w.org\/{rel}","templated":true}]}}