{"id":801,"date":"2014-11-17T14:35:52","date_gmt":"2014-11-17T13:35:52","guid":{"rendered":"https:\/\/claai.info\/cms\/?p=801"},"modified":"2018-01-18T15:26:55","modified_gmt":"2018-01-18T14:26:55","slug":"panettone-artigiano-ambasciatore-made-in-italy-dolciario-per-expo-2015","status":"publish","type":"post","link":"https:\/\/claai.info\/cms\/panettone-artigiano-ambasciatore-made-in-italy-dolciario-per-expo-2015\/","title":{"rendered":"Panettone artigiano ambasciatore del &#8220;made in Italy&#8221; dolciario per Expo 2015"},"content":{"rendered":"<p>&nbsp;<\/p>\n<p align=\"justify\"><span style=\"font-size: small;\"><strong>Panettone artigiano\u00a0ambasciatore<\/strong> della citt\u00e0 di Milano, e dell\u2019intero settore dolciario italiano, in occasione di <strong>Expo 2015.<\/strong><\/span><\/p>\n<p align=\"justify\"><span style=\"font-size: small;\">E\u2019 questa la proposta che verr\u00e0 idealmente lanciata domani in occasione di una mostra sul tipico dolce natalizio meneghino, ospitata all\u2019ombra del Duomo di Milano, a Palazzo Giureconsulti, trampolino di lancio del marchio <em><strong>\u201cTipico panettone della tradizione artigiana milanes<\/strong><\/em>e\u201d. Protagonista della mostra che si apre domani a Milano, il <strong>\u201cpanettone per Expo\u201d,<\/strong> realizzato dal presidente della Claai, <strong>Stefano Fugazza<\/strong>, amalgamando ingredienti provenienti da tutti continenti del mondo.<\/span><\/p>\n<p><span style=\"font-size: small;\">Secondo una <strong>indagine Claai<\/strong>, tra le iniziative sul mondo dell\u2019alimentazione per il tema \u201c<\/span><span style=\"font-size: small;\"><i>Nutrire il pianeta, Energia per la vita<\/i><\/span><span style=\"font-size: small;\">\u201d dell\u2019Esposizione Universale del 2015, <strong>pi\u00f9 della met\u00e0 degli italiani (57,8%) vorrebbero un fuori-Expo col panettone, ma anche iniziative mirate all\u2019interno del Padiglione Italia<\/strong>.<\/span><\/p>\n<p align=\"justify\"><span style=\"font-size: small;\"><strong>Ogni famiglia consuma cinque panettoni a inverno<\/strong> e sulla tavola di Natale la met\u00e0 non rinuncia a quello artigianale, in un caso su due unito ad altri panettoni di marca. Uno su quattro lo sceglie senza canditi.<strong> Venti milioni la spesa milanese annuale, settanta quella nazionale<\/strong>. Pi\u00f9 di <strong>40 milioni di italiani<\/strong> (l\u201980%) termineranno i cenoni delle prossime Festivit\u00e0 con il panettone. Tiene la spesa per il panettone di Natale rispetto al resto dei regali: questi ultimi sono previsti in lieve calo dall&#8217;anno scorso, mentre il dolce tipico resiste nelle intenzioni di acquisto, secondo dati della Camera di commercio di Milano, elaborati dalla Claai a novembre 2014.<\/span><\/p>\n<p align=\"justify\"><span style=\"font-size: small;\">Il settore dolciario in Italia vanta ancora tanti primati. Sono <strong>40.511 le pasticcerie e panetterie italiane<\/strong> coinvolte nella produzione e nel commercio dolciario, di cui il 12,4% in Lombardia (5.035 imprese nel settore). Milano, patria del panettone, \u00e8 per\u00f2 al terzo posto in Italia con 1.753 ditte, dopo Napoli e Roma. <\/span><\/p>\n<p align=\"justify\"><span style=\"font-size: small;\"><strong>Gli addetti nel Paese ammontano a 152.752<\/strong>, 23mila in Lombardia. Milano \u00e8 prima in Italia con 8.557 addetti, seguita da Roma (6.448) e Torino (5.289). <\/span><\/p>\n<p><span style=\"font-size: small;\">Nella classifica dei primi Paesi verso cui <strong>l&#8217;Italia esporta prodotti dolciari domina la Germania (237 milioni di euro), seguita dalla Francia (con quasi 236 milioni di Euro<\/strong>). Al primo posto nella classifica dei Paesi da cui l&#8217;Italia invece importa prodotti di pasticceria e panetteria c&#8217;\u00e8 la Germania (106 milioni), mentre per la citt\u00e0 di Milano \u00e8 il Belgio (15 milioni, soprattutto in cioccolato).<\/span><\/p>\n<p align=\"justify\">\u201c<span style=\"font-size: small;\"><i>Il panettone<\/i><\/span><span style=\"font-size: small;\"> \u2013 commenta <strong>Marco Accornero<\/strong>, segretario generale Claai -, <\/span><span style=\"font-size: small;\"><i>resta protagonista sulle tavole del Natale degli italiani e si conquista un posto ancora pi\u00f9 rilevante tra i regali. Anche in tempi di crisi al panettone non si rinuncia, meglio se artigianale. Anche per la sua veste internazionale, in molti lo identificano ormai come uno dei simboli di Milano e del \u201cmade in Italy\u201d dolciario, aspetti che lo fanno di diritto uno degli ambasciatori del settore alimentare nazionale per Expo 2015\u201d.<\/i><\/span><\/p>\n<p align=\"justify\"><span style=\"font-size: small;\"><strong>Ma com\u2019\u00e8 questo panettone artigiano\u00a0e che cosa lo differenzia dagli altri?<\/strong> Intanto gli ingredienti devono provenire da produttori riconosciuti dal Comitato dei Maestri Pasticceri Milanesi., Assenza di lievito di birra, amido, grassi vegetali (ad esclusione del burro di cacao), siero di latte e derivati, lecitina di soia, coloranti e conservanti. Non \u00e8 consentito l\u2019uso di ingredienti provenienti da OGM (Organismi Geneticamente Modificati). C\u2019\u00e8 poi un doppio impastamento e ben tre soste di lievitazione che mantengono impegnato per lunghe ore di lavorazione l\u2019artigiano sullo stesso prodotto. Il Panettone Tipico della Tradizione Artigiana Milanese deve contenere non meno del 20% di uvetta sultanina, scorze di arancia candite e cedro candito. Inoltre va consumato fresco e non pu\u00f2 essere venduto oltre trenta giorni dalla data di produzione e indicare data di produzione e la data di consumo. <\/span><\/p>\n","protected":false},"excerpt":{"rendered":"<p>&nbsp; Panettone artigiano\u00a0ambasciatore della citt\u00e0 di Milano, e dell\u2019intero settore dolciario italiano, in occasione di Expo 2015. E\u2019 questa la proposta che verr\u00e0 idealmente lanciata domani in occasione di una mostra sul tipico dolce natalizio meneghino, ospitata all\u2019ombra del Duomo di Milano, a Palazzo Giureconsulti, trampolino di lancio del marchio \u201cTipico panettone della tradizione artigiana [&hellip;]<\/p>\n","protected":false},"author":3,"featured_media":802,"comment_status":"open","ping_status":"open","sticky":false,"template":"","format":"standard","meta":{"_et_pb_use_builder":"","_et_pb_old_content":"","_et_gb_content_width":"","footnotes":""},"categories":[20,8,10,7],"tags":[],"class_list":["post-801","post","type-post","status-publish","format-standard","has-post-thumbnail","hentry","category-altre-news","category-comunicati-stampa","category-iniziative","category-primo-piano"],"yoast_head":"<!-- This site is optimized with the Yoast SEO plugin v27.5 - https:\/\/yoast.com\/product\/yoast-seo-wordpress\/ -->\n<title>Panettone artigiano ambasciatore del &quot;made in Italy&quot; dolciario per Expo 2015 - claai.info<\/title>\n<meta name=\"robots\" content=\"index, follow, max-snippet:-1, max-image-preview:large, max-video-preview:-1\" \/>\n<link rel=\"canonical\" href=\"https:\/\/claai.info\/cms\/panettone-artigiano-ambasciatore-made-in-italy-dolciario-per-expo-2015\/\" \/>\n<meta property=\"og:locale\" content=\"it_IT\" \/>\n<meta property=\"og:type\" content=\"article\" \/>\n<meta property=\"og:title\" content=\"Panettone artigiano ambasciatore del &quot;made in Italy&quot; dolciario per Expo 2015 - claai.info\" \/>\n<meta property=\"og:description\" content=\"&nbsp; Panettone artigiano\u00a0ambasciatore della citt\u00e0 di Milano, e dell\u2019intero settore dolciario italiano, in occasione di Expo 2015. E\u2019 questa la proposta che verr\u00e0 idealmente lanciata domani in occasione di una mostra sul tipico dolce natalizio meneghino, ospitata all\u2019ombra del Duomo di Milano, a Palazzo Giureconsulti, trampolino di lancio del marchio \u201cTipico panettone della tradizione artigiana [&hellip;]\" \/>\n<meta property=\"og:url\" content=\"https:\/\/claai.info\/cms\/panettone-artigiano-ambasciatore-made-in-italy-dolciario-per-expo-2015\/\" \/>\n<meta property=\"og:site_name\" content=\"claai.info\" \/>\n<meta property=\"article:published_time\" content=\"2014-11-17T13:35:52+00:00\" \/>\n<meta property=\"article:modified_time\" content=\"2018-01-18T14:26:55+00:00\" \/>\n<meta property=\"og:image\" content=\"https:\/\/claai.info\/cms\/wp-content\/uploads\/2014\/11\/panettone.jpg\" \/>\n\t<meta property=\"og:image:width\" content=\"150\" \/>\n\t<meta property=\"og:image:height\" content=\"100\" \/>\n\t<meta property=\"og:image:type\" content=\"image\/jpeg\" \/>\n<meta name=\"author\" content=\"Andrea Rovelli\" \/>\n<meta name=\"twitter:label1\" content=\"Scritto da\" \/>\n\t<meta name=\"twitter:data1\" content=\"Andrea Rovelli\" \/>\n\t<meta name=\"twitter:label2\" content=\"Tempo di lettura stimato\" \/>\n\t<meta name=\"twitter:data2\" content=\"3 minuti\" \/>\n<script type=\"application\/ld+json\" class=\"yoast-schema-graph\">{\"@context\":\"https:\\\/\\\/schema.org\",\"@graph\":[{\"@type\":\"Article\",\"@id\":\"https:\\\/\\\/claai.info\\\/cms\\\/panettone-artigiano-ambasciatore-made-in-italy-dolciario-per-expo-2015\\\/#article\",\"isPartOf\":{\"@id\":\"https:\\\/\\\/claai.info\\\/cms\\\/panettone-artigiano-ambasciatore-made-in-italy-dolciario-per-expo-2015\\\/\"},\"author\":{\"name\":\"Andrea Rovelli\",\"@id\":\"https:\\\/\\\/claai.info\\\/cms\\\/#\\\/schema\\\/person\\\/791c552cf3cc082152dd350d688b7db7\"},\"headline\":\"Panettone artigiano ambasciatore del &#8220;made in Italy&#8221; dolciario per Expo 2015\",\"datePublished\":\"2014-11-17T13:35:52+00:00\",\"dateModified\":\"2018-01-18T14:26:55+00:00\",\"mainEntityOfPage\":{\"@id\":\"https:\\\/\\\/claai.info\\\/cms\\\/panettone-artigiano-ambasciatore-made-in-italy-dolciario-per-expo-2015\\\/\"},\"wordCount\":587,\"commentCount\":0,\"image\":{\"@id\":\"https:\\\/\\\/claai.info\\\/cms\\\/panettone-artigiano-ambasciatore-made-in-italy-dolciario-per-expo-2015\\\/#primaryimage\"},\"thumbnailUrl\":\"https:\\\/\\\/claai.info\\\/cms\\\/wp-content\\\/uploads\\\/2014\\\/11\\\/panettone.jpg\",\"articleSection\":[\"Altre News\",\"Comunicati Stampa\",\"Iniziative\",\"Primo Piano\"],\"inLanguage\":\"it-IT\",\"potentialAction\":[{\"@type\":\"CommentAction\",\"name\":\"Comment\",\"target\":[\"https:\\\/\\\/claai.info\\\/cms\\\/panettone-artigiano-ambasciatore-made-in-italy-dolciario-per-expo-2015\\\/#respond\"]}]},{\"@type\":\"WebPage\",\"@id\":\"https:\\\/\\\/claai.info\\\/cms\\\/panettone-artigiano-ambasciatore-made-in-italy-dolciario-per-expo-2015\\\/\",\"url\":\"https:\\\/\\\/claai.info\\\/cms\\\/panettone-artigiano-ambasciatore-made-in-italy-dolciario-per-expo-2015\\\/\",\"name\":\"Panettone artigiano ambasciatore del \\\"made in Italy\\\" dolciario per Expo 2015 - claai.info\",\"isPartOf\":{\"@id\":\"https:\\\/\\\/claai.info\\\/cms\\\/#website\"},\"primaryImageOfPage\":{\"@id\":\"https:\\\/\\\/claai.info\\\/cms\\\/panettone-artigiano-ambasciatore-made-in-italy-dolciario-per-expo-2015\\\/#primaryimage\"},\"image\":{\"@id\":\"https:\\\/\\\/claai.info\\\/cms\\\/panettone-artigiano-ambasciatore-made-in-italy-dolciario-per-expo-2015\\\/#primaryimage\"},\"thumbnailUrl\":\"https:\\\/\\\/claai.info\\\/cms\\\/wp-content\\\/uploads\\\/2014\\\/11\\\/panettone.jpg\",\"datePublished\":\"2014-11-17T13:35:52+00:00\",\"dateModified\":\"2018-01-18T14:26:55+00:00\",\"author\":{\"@id\":\"https:\\\/\\\/claai.info\\\/cms\\\/#\\\/schema\\\/person\\\/791c552cf3cc082152dd350d688b7db7\"},\"inLanguage\":\"it-IT\",\"potentialAction\":[{\"@type\":\"ReadAction\",\"target\":[\"https:\\\/\\\/claai.info\\\/cms\\\/panettone-artigiano-ambasciatore-made-in-italy-dolciario-per-expo-2015\\\/\"]}]},{\"@type\":\"ImageObject\",\"inLanguage\":\"it-IT\",\"@id\":\"https:\\\/\\\/claai.info\\\/cms\\\/panettone-artigiano-ambasciatore-made-in-italy-dolciario-per-expo-2015\\\/#primaryimage\",\"url\":\"https:\\\/\\\/claai.info\\\/cms\\\/wp-content\\\/uploads\\\/2014\\\/11\\\/panettone.jpg\",\"contentUrl\":\"https:\\\/\\\/claai.info\\\/cms\\\/wp-content\\\/uploads\\\/2014\\\/11\\\/panettone.jpg\",\"width\":150,\"height\":100},{\"@type\":\"WebSite\",\"@id\":\"https:\\\/\\\/claai.info\\\/cms\\\/#website\",\"url\":\"https:\\\/\\\/claai.info\\\/cms\\\/\",\"name\":\"claai.info\",\"description\":\"Confederazione delle Libere Associazioni Artigiane Italiane\",\"potentialAction\":[{\"@type\":\"SearchAction\",\"target\":{\"@type\":\"EntryPoint\",\"urlTemplate\":\"https:\\\/\\\/claai.info\\\/cms\\\/?s={search_term_string}\"},\"query-input\":{\"@type\":\"PropertyValueSpecification\",\"valueRequired\":true,\"valueName\":\"search_term_string\"}}],\"inLanguage\":\"it-IT\"},{\"@type\":\"Person\",\"@id\":\"https:\\\/\\\/claai.info\\\/cms\\\/#\\\/schema\\\/person\\\/791c552cf3cc082152dd350d688b7db7\",\"name\":\"Andrea Rovelli\",\"image\":{\"@type\":\"ImageObject\",\"inLanguage\":\"it-IT\",\"@id\":\"https:\\\/\\\/secure.gravatar.com\\\/avatar\\\/5d99d1feb41c1499c90e921d0601cdf490eecb3af40cf941d49b4305ed4fb837?s=96&d=mm&r=g\",\"url\":\"https:\\\/\\\/secure.gravatar.com\\\/avatar\\\/5d99d1feb41c1499c90e921d0601cdf490eecb3af40cf941d49b4305ed4fb837?s=96&d=mm&r=g\",\"contentUrl\":\"https:\\\/\\\/secure.gravatar.com\\\/avatar\\\/5d99d1feb41c1499c90e921d0601cdf490eecb3af40cf941d49b4305ed4fb837?s=96&d=mm&r=g\",\"caption\":\"Andrea Rovelli\"},\"url\":\"https:\\\/\\\/claai.info\\\/cms\\\/author\\\/arovelli\\\/\"}]}<\/script>\n<!-- \/ Yoast SEO plugin. -->","yoast_head_json":{"title":"Panettone artigiano ambasciatore del \"made in Italy\" dolciario per Expo 2015 - claai.info","robots":{"index":"index","follow":"follow","max-snippet":"max-snippet:-1","max-image-preview":"max-image-preview:large","max-video-preview":"max-video-preview:-1"},"canonical":"https:\/\/claai.info\/cms\/panettone-artigiano-ambasciatore-made-in-italy-dolciario-per-expo-2015\/","og_locale":"it_IT","og_type":"article","og_title":"Panettone artigiano ambasciatore del \"made in Italy\" dolciario per Expo 2015 - claai.info","og_description":"&nbsp; Panettone artigiano\u00a0ambasciatore della citt\u00e0 di Milano, e dell\u2019intero settore dolciario italiano, in occasione di Expo 2015. E\u2019 questa la proposta che verr\u00e0 idealmente lanciata domani in occasione di una mostra sul tipico dolce natalizio meneghino, ospitata all\u2019ombra del Duomo di Milano, a Palazzo Giureconsulti, trampolino di lancio del marchio \u201cTipico panettone della tradizione artigiana [&hellip;]","og_url":"https:\/\/claai.info\/cms\/panettone-artigiano-ambasciatore-made-in-italy-dolciario-per-expo-2015\/","og_site_name":"claai.info","article_published_time":"2014-11-17T13:35:52+00:00","article_modified_time":"2018-01-18T14:26:55+00:00","og_image":[{"width":150,"height":100,"url":"https:\/\/claai.info\/cms\/wp-content\/uploads\/2014\/11\/panettone.jpg","type":"image\/jpeg"}],"author":"Andrea Rovelli","twitter_misc":{"Scritto da":"Andrea Rovelli","Tempo di lettura stimato":"3 minuti"},"schema":{"@context":"https:\/\/schema.org","@graph":[{"@type":"Article","@id":"https:\/\/claai.info\/cms\/panettone-artigiano-ambasciatore-made-in-italy-dolciario-per-expo-2015\/#article","isPartOf":{"@id":"https:\/\/claai.info\/cms\/panettone-artigiano-ambasciatore-made-in-italy-dolciario-per-expo-2015\/"},"author":{"name":"Andrea Rovelli","@id":"https:\/\/claai.info\/cms\/#\/schema\/person\/791c552cf3cc082152dd350d688b7db7"},"headline":"Panettone artigiano ambasciatore del &#8220;made in Italy&#8221; dolciario per Expo 2015","datePublished":"2014-11-17T13:35:52+00:00","dateModified":"2018-01-18T14:26:55+00:00","mainEntityOfPage":{"@id":"https:\/\/claai.info\/cms\/panettone-artigiano-ambasciatore-made-in-italy-dolciario-per-expo-2015\/"},"wordCount":587,"commentCount":0,"image":{"@id":"https:\/\/claai.info\/cms\/panettone-artigiano-ambasciatore-made-in-italy-dolciario-per-expo-2015\/#primaryimage"},"thumbnailUrl":"https:\/\/claai.info\/cms\/wp-content\/uploads\/2014\/11\/panettone.jpg","articleSection":["Altre News","Comunicati Stampa","Iniziative","Primo Piano"],"inLanguage":"it-IT","potentialAction":[{"@type":"CommentAction","name":"Comment","target":["https:\/\/claai.info\/cms\/panettone-artigiano-ambasciatore-made-in-italy-dolciario-per-expo-2015\/#respond"]}]},{"@type":"WebPage","@id":"https:\/\/claai.info\/cms\/panettone-artigiano-ambasciatore-made-in-italy-dolciario-per-expo-2015\/","url":"https:\/\/claai.info\/cms\/panettone-artigiano-ambasciatore-made-in-italy-dolciario-per-expo-2015\/","name":"Panettone artigiano ambasciatore del \"made in Italy\" dolciario per Expo 2015 - claai.info","isPartOf":{"@id":"https:\/\/claai.info\/cms\/#website"},"primaryImageOfPage":{"@id":"https:\/\/claai.info\/cms\/panettone-artigiano-ambasciatore-made-in-italy-dolciario-per-expo-2015\/#primaryimage"},"image":{"@id":"https:\/\/claai.info\/cms\/panettone-artigiano-ambasciatore-made-in-italy-dolciario-per-expo-2015\/#primaryimage"},"thumbnailUrl":"https:\/\/claai.info\/cms\/wp-content\/uploads\/2014\/11\/panettone.jpg","datePublished":"2014-11-17T13:35:52+00:00","dateModified":"2018-01-18T14:26:55+00:00","author":{"@id":"https:\/\/claai.info\/cms\/#\/schema\/person\/791c552cf3cc082152dd350d688b7db7"},"inLanguage":"it-IT","potentialAction":[{"@type":"ReadAction","target":["https:\/\/claai.info\/cms\/panettone-artigiano-ambasciatore-made-in-italy-dolciario-per-expo-2015\/"]}]},{"@type":"ImageObject","inLanguage":"it-IT","@id":"https:\/\/claai.info\/cms\/panettone-artigiano-ambasciatore-made-in-italy-dolciario-per-expo-2015\/#primaryimage","url":"https:\/\/claai.info\/cms\/wp-content\/uploads\/2014\/11\/panettone.jpg","contentUrl":"https:\/\/claai.info\/cms\/wp-content\/uploads\/2014\/11\/panettone.jpg","width":150,"height":100},{"@type":"WebSite","@id":"https:\/\/claai.info\/cms\/#website","url":"https:\/\/claai.info\/cms\/","name":"claai.info","description":"Confederazione delle Libere Associazioni Artigiane Italiane","potentialAction":[{"@type":"SearchAction","target":{"@type":"EntryPoint","urlTemplate":"https:\/\/claai.info\/cms\/?s={search_term_string}"},"query-input":{"@type":"PropertyValueSpecification","valueRequired":true,"valueName":"search_term_string"}}],"inLanguage":"it-IT"},{"@type":"Person","@id":"https:\/\/claai.info\/cms\/#\/schema\/person\/791c552cf3cc082152dd350d688b7db7","name":"Andrea Rovelli","image":{"@type":"ImageObject","inLanguage":"it-IT","@id":"https:\/\/secure.gravatar.com\/avatar\/5d99d1feb41c1499c90e921d0601cdf490eecb3af40cf941d49b4305ed4fb837?s=96&d=mm&r=g","url":"https:\/\/secure.gravatar.com\/avatar\/5d99d1feb41c1499c90e921d0601cdf490eecb3af40cf941d49b4305ed4fb837?s=96&d=mm&r=g","contentUrl":"https:\/\/secure.gravatar.com\/avatar\/5d99d1feb41c1499c90e921d0601cdf490eecb3af40cf941d49b4305ed4fb837?s=96&d=mm&r=g","caption":"Andrea Rovelli"},"url":"https:\/\/claai.info\/cms\/author\/arovelli\/"}]}},"_links":{"self":[{"href":"https:\/\/claai.info\/cms\/wp-json\/wp\/v2\/posts\/801","targetHints":{"allow":["GET"]}}],"collection":[{"href":"https:\/\/claai.info\/cms\/wp-json\/wp\/v2\/posts"}],"about":[{"href":"https:\/\/claai.info\/cms\/wp-json\/wp\/v2\/types\/post"}],"author":[{"embeddable":true,"href":"https:\/\/claai.info\/cms\/wp-json\/wp\/v2\/users\/3"}],"replies":[{"embeddable":true,"href":"https:\/\/claai.info\/cms\/wp-json\/wp\/v2\/comments?post=801"}],"version-history":[{"count":2,"href":"https:\/\/claai.info\/cms\/wp-json\/wp\/v2\/posts\/801\/revisions"}],"predecessor-version":[{"id":804,"href":"https:\/\/claai.info\/cms\/wp-json\/wp\/v2\/posts\/801\/revisions\/804"}],"wp:featuredmedia":[{"embeddable":true,"href":"https:\/\/claai.info\/cms\/wp-json\/wp\/v2\/media\/802"}],"wp:attachment":[{"href":"https:\/\/claai.info\/cms\/wp-json\/wp\/v2\/media?parent=801"}],"wp:term":[{"taxonomy":"category","embeddable":true,"href":"https:\/\/claai.info\/cms\/wp-json\/wp\/v2\/categories?post=801"},{"taxonomy":"post_tag","embeddable":true,"href":"https:\/\/claai.info\/cms\/wp-json\/wp\/v2\/tags?post=801"}],"curies":[{"name":"wp","href":"https:\/\/api.w.org\/{rel}","templated":true}]}}