{"id":994,"date":"2015-10-12T12:59:13","date_gmt":"2015-10-12T10:59:13","guid":{"rendered":"https:\/\/claai.info\/cms\/?p=994"},"modified":"2018-01-18T15:26:36","modified_gmt":"2018-01-18T14:26:36","slug":"artigiani-senza-tutele-nel-iv-trimestre-con-stop-aspi","status":"publish","type":"post","link":"https:\/\/claai.info\/cms\/artigiani-senza-tutele-nel-iv-trimestre-con-stop-aspi\/","title":{"rendered":"Artigiani senza tutele nel IV trimestre con stop Aspi"},"content":{"rendered":"<p>La <strong>Claai<\/strong>\u00a0esprime preoccupazione per la situazione venutasi\u00a0 a creare con la pubblicazione, da parte del Governo, del <strong>decreto nr. 148 del 23 settembre<\/strong> scorso che, nel riordinare la normativa in materia di ammortizzatori sociali, ha <strong>abrogato le indennit\u00e0 di disoccupazione Aspi<\/strong>.<\/p>\n<p>L\u2019<strong>Inps<\/strong> ha quindi subito applicato la novit\u00e0, comunicando di non poter pi\u00f9 erogare le indennit\u00e0 di disoccupazione Aspi per le sospensioni dal lavoro intervenute dopo il 24 settembre.<\/p>\n<p><em>\u201cIn questo modo<\/em> \u2013 commenta il segretario generale Claai, <strong>Marco Accornero<\/strong> -, restano automaticamente scoperti i tre mesi finali dell\u2019anno, in attesa che venga definito il nuovo sistema di Cassa Integrazione in deroga che dovrebbe entrare in vigore da gennaio 2016.\u201d<\/p>\n<p>La situazione sorta vede <strong>messi a repentaglio alcune migliaia\u00a0di lavoratori italiani\u00a0<\/strong>che, addirittura in maniera <strong>retroattiva<\/strong>, si vedono negati i sostegni integrativi concordati in precedenza all\u2019entrata in vigore del decreto.<\/p>\n<p><em>\u201cRiteniamo gravi e insostenibili i risvolti negativi di questo decreto<\/em> \u2013 sottolinea Accornero -, <em>che \u00e8 andato addirittura a cancellare retroattivamente accordi gi\u00e0 sottoscritti attraverso l\u2019immediata mancata copertura economica. In una fase in cui su diverse imprese e lavoratori artigiani continuano a pesare gli effetti della crisi, questo provvedimento va a colpire aziende e famiglie che nei mesi di ottobre, novembre e dicembre resteranno senza tutele.\u201d<\/em><\/p>\n<p><em>\u201cNel ribadire il nostro massimo impegno nel monitorare la situazione<\/em> \u2013 conclude Accornero -, <em>auspichiamo che, anche con il contributo delle nostre proposte, si trovino adeguati e urgenti correttivi al vuoto creatosi.\u201d<\/em><\/p>\n","protected":false},"excerpt":{"rendered":"<p>La Claai\u00a0esprime preoccupazione per la situazione venutasi\u00a0 a creare con la pubblicazione, da parte del Governo, del decreto nr. 148 del 23 settembre scorso che, nel riordinare la normativa in materia di ammortizzatori sociali, ha abrogato le indennit\u00e0 di disoccupazione Aspi. L\u2019Inps ha quindi subito applicato la novit\u00e0, comunicando di non poter pi\u00f9 erogare le [&hellip;]<\/p>\n","protected":false},"author":3,"featured_media":995,"comment_status":"open","ping_status":"open","sticky":false,"template":"","format":"standard","meta":{"_et_pb_use_builder":"","_et_pb_old_content":"","_et_gb_content_width":"","footnotes":""},"categories":[20,8,7],"tags":[],"class_list":["post-994","post","type-post","status-publish","format-standard","has-post-thumbnail","hentry","category-altre-news","category-comunicati-stampa","category-primo-piano"],"yoast_head":"<!-- This site is optimized with the Yoast SEO plugin v27.5 - https:\/\/yoast.com\/product\/yoast-seo-wordpress\/ -->\n<title>Artigiani senza tutele nel IV trimestre con stop Aspi - claai.info<\/title>\n<meta name=\"robots\" content=\"index, follow, max-snippet:-1, max-image-preview:large, max-video-preview:-1\" \/>\n<link rel=\"canonical\" href=\"https:\/\/claai.info\/cms\/artigiani-senza-tutele-nel-iv-trimestre-con-stop-aspi\/\" \/>\n<meta property=\"og:locale\" content=\"it_IT\" \/>\n<meta property=\"og:type\" content=\"article\" \/>\n<meta property=\"og:title\" content=\"Artigiani senza tutele nel IV trimestre con stop Aspi - claai.info\" \/>\n<meta property=\"og:description\" content=\"La Claai\u00a0esprime preoccupazione per la situazione venutasi\u00a0 a creare con la pubblicazione, da parte del Governo, del decreto nr. 148 del 23 settembre scorso che, nel riordinare la normativa in materia di ammortizzatori sociali, ha abrogato le indennit\u00e0 di disoccupazione Aspi. L\u2019Inps ha quindi subito applicato la novit\u00e0, comunicando di non poter pi\u00f9 erogare le [&hellip;]\" \/>\n<meta property=\"og:url\" content=\"https:\/\/claai.info\/cms\/artigiani-senza-tutele-nel-iv-trimestre-con-stop-aspi\/\" \/>\n<meta property=\"og:site_name\" content=\"claai.info\" \/>\n<meta property=\"article:published_time\" content=\"2015-10-12T10:59:13+00:00\" \/>\n<meta property=\"article:modified_time\" content=\"2018-01-18T14:26:36+00:00\" \/>\n<meta property=\"og:image\" content=\"https:\/\/claai.info\/cms\/wp-content\/uploads\/2015\/10\/artigiani-piccole-imprese.jpg\" \/>\n\t<meta property=\"og:image:width\" content=\"500\" \/>\n\t<meta property=\"og:image:height\" content=\"353\" \/>\n\t<meta property=\"og:image:type\" content=\"image\/jpeg\" \/>\n<meta name=\"author\" content=\"Andrea Rovelli\" \/>\n<meta name=\"twitter:label1\" content=\"Scritto da\" \/>\n\t<meta name=\"twitter:data1\" content=\"Andrea Rovelli\" \/>\n\t<meta name=\"twitter:label2\" content=\"Tempo di lettura stimato\" \/>\n\t<meta name=\"twitter:data2\" content=\"1 minuto\" \/>\n<script type=\"application\/ld+json\" class=\"yoast-schema-graph\">{\"@context\":\"https:\\\/\\\/schema.org\",\"@graph\":[{\"@type\":\"Article\",\"@id\":\"https:\\\/\\\/claai.info\\\/cms\\\/artigiani-senza-tutele-nel-iv-trimestre-con-stop-aspi\\\/#article\",\"isPartOf\":{\"@id\":\"https:\\\/\\\/claai.info\\\/cms\\\/artigiani-senza-tutele-nel-iv-trimestre-con-stop-aspi\\\/\"},\"author\":{\"name\":\"Andrea Rovelli\",\"@id\":\"https:\\\/\\\/claai.info\\\/cms\\\/#\\\/schema\\\/person\\\/791c552cf3cc082152dd350d688b7db7\"},\"headline\":\"Artigiani senza tutele nel IV trimestre con stop Aspi\",\"datePublished\":\"2015-10-12T10:59:13+00:00\",\"dateModified\":\"2018-01-18T14:26:36+00:00\",\"mainEntityOfPage\":{\"@id\":\"https:\\\/\\\/claai.info\\\/cms\\\/artigiani-senza-tutele-nel-iv-trimestre-con-stop-aspi\\\/\"},\"wordCount\":245,\"commentCount\":0,\"image\":{\"@id\":\"https:\\\/\\\/claai.info\\\/cms\\\/artigiani-senza-tutele-nel-iv-trimestre-con-stop-aspi\\\/#primaryimage\"},\"thumbnailUrl\":\"https:\\\/\\\/claai.info\\\/cms\\\/wp-content\\\/uploads\\\/2015\\\/10\\\/artigiani-piccole-imprese.jpg\",\"articleSection\":[\"Altre News\",\"Comunicati Stampa\",\"Primo Piano\"],\"inLanguage\":\"it-IT\",\"potentialAction\":[{\"@type\":\"CommentAction\",\"name\":\"Comment\",\"target\":[\"https:\\\/\\\/claai.info\\\/cms\\\/artigiani-senza-tutele-nel-iv-trimestre-con-stop-aspi\\\/#respond\"]}]},{\"@type\":\"WebPage\",\"@id\":\"https:\\\/\\\/claai.info\\\/cms\\\/artigiani-senza-tutele-nel-iv-trimestre-con-stop-aspi\\\/\",\"url\":\"https:\\\/\\\/claai.info\\\/cms\\\/artigiani-senza-tutele-nel-iv-trimestre-con-stop-aspi\\\/\",\"name\":\"Artigiani senza tutele nel IV trimestre con stop Aspi - claai.info\",\"isPartOf\":{\"@id\":\"https:\\\/\\\/claai.info\\\/cms\\\/#website\"},\"primaryImageOfPage\":{\"@id\":\"https:\\\/\\\/claai.info\\\/cms\\\/artigiani-senza-tutele-nel-iv-trimestre-con-stop-aspi\\\/#primaryimage\"},\"image\":{\"@id\":\"https:\\\/\\\/claai.info\\\/cms\\\/artigiani-senza-tutele-nel-iv-trimestre-con-stop-aspi\\\/#primaryimage\"},\"thumbnailUrl\":\"https:\\\/\\\/claai.info\\\/cms\\\/wp-content\\\/uploads\\\/2015\\\/10\\\/artigiani-piccole-imprese.jpg\",\"datePublished\":\"2015-10-12T10:59:13+00:00\",\"dateModified\":\"2018-01-18T14:26:36+00:00\",\"author\":{\"@id\":\"https:\\\/\\\/claai.info\\\/cms\\\/#\\\/schema\\\/person\\\/791c552cf3cc082152dd350d688b7db7\"},\"inLanguage\":\"it-IT\",\"potentialAction\":[{\"@type\":\"ReadAction\",\"target\":[\"https:\\\/\\\/claai.info\\\/cms\\\/artigiani-senza-tutele-nel-iv-trimestre-con-stop-aspi\\\/\"]}]},{\"@type\":\"ImageObject\",\"inLanguage\":\"it-IT\",\"@id\":\"https:\\\/\\\/claai.info\\\/cms\\\/artigiani-senza-tutele-nel-iv-trimestre-con-stop-aspi\\\/#primaryimage\",\"url\":\"https:\\\/\\\/claai.info\\\/cms\\\/wp-content\\\/uploads\\\/2015\\\/10\\\/artigiani-piccole-imprese.jpg\",\"contentUrl\":\"https:\\\/\\\/claai.info\\\/cms\\\/wp-content\\\/uploads\\\/2015\\\/10\\\/artigiani-piccole-imprese.jpg\",\"width\":500,\"height\":353},{\"@type\":\"WebSite\",\"@id\":\"https:\\\/\\\/claai.info\\\/cms\\\/#website\",\"url\":\"https:\\\/\\\/claai.info\\\/cms\\\/\",\"name\":\"claai.info\",\"description\":\"Confederazione delle Libere Associazioni Artigiane Italiane\",\"potentialAction\":[{\"@type\":\"SearchAction\",\"target\":{\"@type\":\"EntryPoint\",\"urlTemplate\":\"https:\\\/\\\/claai.info\\\/cms\\\/?s={search_term_string}\"},\"query-input\":{\"@type\":\"PropertyValueSpecification\",\"valueRequired\":true,\"valueName\":\"search_term_string\"}}],\"inLanguage\":\"it-IT\"},{\"@type\":\"Person\",\"@id\":\"https:\\\/\\\/claai.info\\\/cms\\\/#\\\/schema\\\/person\\\/791c552cf3cc082152dd350d688b7db7\",\"name\":\"Andrea Rovelli\",\"image\":{\"@type\":\"ImageObject\",\"inLanguage\":\"it-IT\",\"@id\":\"https:\\\/\\\/secure.gravatar.com\\\/avatar\\\/5d99d1feb41c1499c90e921d0601cdf490eecb3af40cf941d49b4305ed4fb837?s=96&d=mm&r=g\",\"url\":\"https:\\\/\\\/secure.gravatar.com\\\/avatar\\\/5d99d1feb41c1499c90e921d0601cdf490eecb3af40cf941d49b4305ed4fb837?s=96&d=mm&r=g\",\"contentUrl\":\"https:\\\/\\\/secure.gravatar.com\\\/avatar\\\/5d99d1feb41c1499c90e921d0601cdf490eecb3af40cf941d49b4305ed4fb837?s=96&d=mm&r=g\",\"caption\":\"Andrea Rovelli\"},\"url\":\"https:\\\/\\\/claai.info\\\/cms\\\/author\\\/arovelli\\\/\"}]}<\/script>\n<!-- \/ Yoast SEO plugin. -->","yoast_head_json":{"title":"Artigiani senza tutele nel IV trimestre con stop Aspi - claai.info","robots":{"index":"index","follow":"follow","max-snippet":"max-snippet:-1","max-image-preview":"max-image-preview:large","max-video-preview":"max-video-preview:-1"},"canonical":"https:\/\/claai.info\/cms\/artigiani-senza-tutele-nel-iv-trimestre-con-stop-aspi\/","og_locale":"it_IT","og_type":"article","og_title":"Artigiani senza tutele nel IV trimestre con stop Aspi - claai.info","og_description":"La Claai\u00a0esprime preoccupazione per la situazione venutasi\u00a0 a creare con la pubblicazione, da parte del Governo, del decreto nr. 148 del 23 settembre scorso che, nel riordinare la normativa in materia di ammortizzatori sociali, ha abrogato le indennit\u00e0 di disoccupazione Aspi. L\u2019Inps ha quindi subito applicato la novit\u00e0, comunicando di non poter pi\u00f9 erogare le [&hellip;]","og_url":"https:\/\/claai.info\/cms\/artigiani-senza-tutele-nel-iv-trimestre-con-stop-aspi\/","og_site_name":"claai.info","article_published_time":"2015-10-12T10:59:13+00:00","article_modified_time":"2018-01-18T14:26:36+00:00","og_image":[{"width":500,"height":353,"url":"https:\/\/claai.info\/cms\/wp-content\/uploads\/2015\/10\/artigiani-piccole-imprese.jpg","type":"image\/jpeg"}],"author":"Andrea Rovelli","twitter_misc":{"Scritto da":"Andrea Rovelli","Tempo di lettura stimato":"1 minuto"},"schema":{"@context":"https:\/\/schema.org","@graph":[{"@type":"Article","@id":"https:\/\/claai.info\/cms\/artigiani-senza-tutele-nel-iv-trimestre-con-stop-aspi\/#article","isPartOf":{"@id":"https:\/\/claai.info\/cms\/artigiani-senza-tutele-nel-iv-trimestre-con-stop-aspi\/"},"author":{"name":"Andrea Rovelli","@id":"https:\/\/claai.info\/cms\/#\/schema\/person\/791c552cf3cc082152dd350d688b7db7"},"headline":"Artigiani senza tutele nel IV trimestre con stop Aspi","datePublished":"2015-10-12T10:59:13+00:00","dateModified":"2018-01-18T14:26:36+00:00","mainEntityOfPage":{"@id":"https:\/\/claai.info\/cms\/artigiani-senza-tutele-nel-iv-trimestre-con-stop-aspi\/"},"wordCount":245,"commentCount":0,"image":{"@id":"https:\/\/claai.info\/cms\/artigiani-senza-tutele-nel-iv-trimestre-con-stop-aspi\/#primaryimage"},"thumbnailUrl":"https:\/\/claai.info\/cms\/wp-content\/uploads\/2015\/10\/artigiani-piccole-imprese.jpg","articleSection":["Altre News","Comunicati Stampa","Primo Piano"],"inLanguage":"it-IT","potentialAction":[{"@type":"CommentAction","name":"Comment","target":["https:\/\/claai.info\/cms\/artigiani-senza-tutele-nel-iv-trimestre-con-stop-aspi\/#respond"]}]},{"@type":"WebPage","@id":"https:\/\/claai.info\/cms\/artigiani-senza-tutele-nel-iv-trimestre-con-stop-aspi\/","url":"https:\/\/claai.info\/cms\/artigiani-senza-tutele-nel-iv-trimestre-con-stop-aspi\/","name":"Artigiani senza tutele nel IV trimestre con stop Aspi - claai.info","isPartOf":{"@id":"https:\/\/claai.info\/cms\/#website"},"primaryImageOfPage":{"@id":"https:\/\/claai.info\/cms\/artigiani-senza-tutele-nel-iv-trimestre-con-stop-aspi\/#primaryimage"},"image":{"@id":"https:\/\/claai.info\/cms\/artigiani-senza-tutele-nel-iv-trimestre-con-stop-aspi\/#primaryimage"},"thumbnailUrl":"https:\/\/claai.info\/cms\/wp-content\/uploads\/2015\/10\/artigiani-piccole-imprese.jpg","datePublished":"2015-10-12T10:59:13+00:00","dateModified":"2018-01-18T14:26:36+00:00","author":{"@id":"https:\/\/claai.info\/cms\/#\/schema\/person\/791c552cf3cc082152dd350d688b7db7"},"inLanguage":"it-IT","potentialAction":[{"@type":"ReadAction","target":["https:\/\/claai.info\/cms\/artigiani-senza-tutele-nel-iv-trimestre-con-stop-aspi\/"]}]},{"@type":"ImageObject","inLanguage":"it-IT","@id":"https:\/\/claai.info\/cms\/artigiani-senza-tutele-nel-iv-trimestre-con-stop-aspi\/#primaryimage","url":"https:\/\/claai.info\/cms\/wp-content\/uploads\/2015\/10\/artigiani-piccole-imprese.jpg","contentUrl":"https:\/\/claai.info\/cms\/wp-content\/uploads\/2015\/10\/artigiani-piccole-imprese.jpg","width":500,"height":353},{"@type":"WebSite","@id":"https:\/\/claai.info\/cms\/#website","url":"https:\/\/claai.info\/cms\/","name":"claai.info","description":"Confederazione delle Libere Associazioni Artigiane Italiane","potentialAction":[{"@type":"SearchAction","target":{"@type":"EntryPoint","urlTemplate":"https:\/\/claai.info\/cms\/?s={search_term_string}"},"query-input":{"@type":"PropertyValueSpecification","valueRequired":true,"valueName":"search_term_string"}}],"inLanguage":"it-IT"},{"@type":"Person","@id":"https:\/\/claai.info\/cms\/#\/schema\/person\/791c552cf3cc082152dd350d688b7db7","name":"Andrea Rovelli","image":{"@type":"ImageObject","inLanguage":"it-IT","@id":"https:\/\/secure.gravatar.com\/avatar\/5d99d1feb41c1499c90e921d0601cdf490eecb3af40cf941d49b4305ed4fb837?s=96&d=mm&r=g","url":"https:\/\/secure.gravatar.com\/avatar\/5d99d1feb41c1499c90e921d0601cdf490eecb3af40cf941d49b4305ed4fb837?s=96&d=mm&r=g","contentUrl":"https:\/\/secure.gravatar.com\/avatar\/5d99d1feb41c1499c90e921d0601cdf490eecb3af40cf941d49b4305ed4fb837?s=96&d=mm&r=g","caption":"Andrea Rovelli"},"url":"https:\/\/claai.info\/cms\/author\/arovelli\/"}]}},"_links":{"self":[{"href":"https:\/\/claai.info\/cms\/wp-json\/wp\/v2\/posts\/994","targetHints":{"allow":["GET"]}}],"collection":[{"href":"https:\/\/claai.info\/cms\/wp-json\/wp\/v2\/posts"}],"about":[{"href":"https:\/\/claai.info\/cms\/wp-json\/wp\/v2\/types\/post"}],"author":[{"embeddable":true,"href":"https:\/\/claai.info\/cms\/wp-json\/wp\/v2\/users\/3"}],"replies":[{"embeddable":true,"href":"https:\/\/claai.info\/cms\/wp-json\/wp\/v2\/comments?post=994"}],"version-history":[{"count":1,"href":"https:\/\/claai.info\/cms\/wp-json\/wp\/v2\/posts\/994\/revisions"}],"predecessor-version":[{"id":996,"href":"https:\/\/claai.info\/cms\/wp-json\/wp\/v2\/posts\/994\/revisions\/996"}],"wp:featuredmedia":[{"embeddable":true,"href":"https:\/\/claai.info\/cms\/wp-json\/wp\/v2\/media\/995"}],"wp:attachment":[{"href":"https:\/\/claai.info\/cms\/wp-json\/wp\/v2\/media?parent=994"}],"wp:term":[{"taxonomy":"category","embeddable":true,"href":"https:\/\/claai.info\/cms\/wp-json\/wp\/v2\/categories?post=994"},{"taxonomy":"post_tag","embeddable":true,"href":"https:\/\/claai.info\/cms\/wp-json\/wp\/v2\/tags?post=994"}],"curies":[{"name":"wp","href":"https:\/\/api.w.org\/{rel}","templated":true}]}}