{"id":998,"date":"2015-10-13T11:46:36","date_gmt":"2015-10-13T09:46:36","guid":{"rendered":"https:\/\/claai.info\/cms\/?p=998"},"modified":"2018-01-18T15:26:36","modified_gmt":"2018-01-18T14:26:36","slug":"aspi-le-agenzie","status":"publish","type":"post","link":"https:\/\/claai.info\/cms\/aspi-le-agenzie\/","title":{"rendered":"Aspi &#8211; Le Agenzie"},"content":{"rendered":"<p><b>ADNKRONOS<\/b><\/p>\n<p>LAVORO: CLAAI, CON STOP ASPI ARTIGIANI SENZA TUTELA IN ULTIMO TRIMESTRE<\/p>\n<p>Roma, 12 ott. (AdnKronos) &#8211; &#8220;Esprimiamo preoccupazione per la situazione che si \u00e8 venuta a verificare in seguito alla pubblicazione del decreto che riordina la normativa in materia di ammortizzatori sociali, abrogando le indennit\u00e0 di disoccupazione Aspi&#8221;. Lo dice il segretario generale della Confederazione libere associazioni artigiane italiane (Claai), Marco Accornero. &#8220;In questo modo &#8211; avverte &#8211; restano automaticamente scoperti i tre mesi finali dell&#8217;anno, in attesa che venga definito il nuovo sistema di cassa integrazione in deroga che dovrebbe entrare in vigore da gennaio 2016&#8221;. L&#8217;Inps, continua, &#8220;ha subito applicato le novit\u00e0 previste, comunicando di non poter pi\u00f9 erogare le indennit\u00e0 di disoccupazione Aspi per le sospensioni dal lavoro intervenute dopo il 24 settembre: questa situazione mette a repentaglio alcune migliaia di lavoratori italiani dei comparti artigiani che, addirittura in maniera retroattiva, si vedono negati i sostegni integrativi concordati in precedenza rispetto all&#8217;entrata in vigore del decreto&#8221;, aggiunge. &#8220;Riteniamo gravi e insostenibili i risvolti negativi di questo decreto che \u00e8 andato addirittura a cancellare retroattivamente accordi gi\u00e0 sottoscritti attraverso l&#8217;immediata mancata copertura economica: in una fase in cui su diverse imprese e lavoratori artigiani continuano a pesare gli effetti della crisi &#8211; prosegue il segretario della Claai &#8211; questo provvedimento va a colpire aziende e famiglie che nei mesi di ottobre, novembre e dicembre resteranno senza tutele. Nel ribadire il nostro massimo impegno nel monitorare la situazione, auspichiamo che, anche con il contributo delle nostre proposte, si trovino adeguati e urgenti correttivi al vuoto che si \u00e8 creato&#8221;, conclude Accornero. (Mat\/AdnKronos) 12-OTT-15 18:25 NNNN<br \/>\n&#8212;&#8212;&#8212;&#8212;&#8212;&#8212;&#8212;&#8212;&#8212;&#8212;&#8212;&#8212;&#8212;&#8212;&#8212;&#8212;&#8212;&#8212;&#8212;&#8212;&#8212;&#8212;&#8212;&#8212;&#8212;&#8212;&#8212;&#8212;&#8212;&#8212;-<br \/>\n<b>LAPRESSE<\/b><\/p>\n<p>LPN-Lavoro, Claai: Artigiani senza tutele nel IV trimestre con stop Aspi<\/p>\n<p>Roma, 12 ott. (LaPresse) &#8211; &#8220;Esprimiamo preoccupazione per la situazione che si \u00e8 venuta a verificare in seguito alla pubblicazione del decreto che riordina la normativa in materia di ammortizzatori sociali, abrogando le indennit\u00e0 di disoccupazione Aspi: in questo modo restano automaticamente scoperti i tre mesi finali dell&#8217;anno, in attesa che venga definito il nuovo sistema di cassa integrazione in deroga che dovrebbe entrare in vigore da gennaio 2016&#8221;. Lo dichiara, in una nota, il segretario generale della Confederazione libere associazioni artigiane italiane (Claai), Marco Accornero. (Segue) lal\/com 121528 Ott 2015<\/p>\n<p>LPN-Lavoro, Claai: Artigiani senza tutele nel IV trimestre con stop Aspi-2-<\/p>\n<p>Roma, 12 ott. (LaPresse) &#8211; &#8220;L&#8217;Inps &#8211; spiega Accornero &#8211; ha subito applicato le novit\u00e0 previste, comunicando di non poter pi\u00f9 erogare le indennit\u00e0 di disoccupazione Aspi per le sospensioni dal lavoro intervenute dopo il 24 settembre: questa situazione mette a repentaglio alcune migliaia di lavoratori italiani dei comparti artigiani che, addirittura in maniera retroattiva, si vedono negati i sostegni integrativi concordati in precedenza rispetto all&#8217;entrata in vigore del decreto&#8221;, aggiunge. &#8220;Riteniamo gravi e insostenibili i risvolti negativi di questo decreto che \u00e8 andato addirittura a cancellare retroattivamente accordi gi\u00e0 sottoscritti attraverso l&#8217;immediata mancata copertura economica: in una fase in cui su diverse imprese e lavoratori artigiani continuano a pesare gli effetti della crisi, questo provvedimento va a colpire aziende e famiglie che nei mesi di ottobre, novembre e dicembre resteranno senza tutele&#8221;, prosegue Accornero. &#8220;Nel ribadire il nostro massimo impegno nel monitorare la situazione, auspichiamo che, anche con il contributo delle nostre proposte, si trovino adeguati e urgenti correttivi al vuoto che si \u00e8 creato&#8221;, conclude il segretario generale della Claai. lal\/com 121528 Ott 2015<br \/>\n&#8212;&#8212;&#8212;&#8212;&#8212;&#8212;&#8212;&#8212;&#8212;&#8212;&#8212;&#8212;&#8212;&#8212;&#8212;&#8212;&#8212;&#8212;&#8212;&#8212;&#8212;&#8212;&#8212;&#8212;&#8212;&#8212;&#8212;&#8212;&#8212;&#8212;<br \/>\n<b>ITALPRESS<\/b><\/p>\n<p>LAVORO: CLAAI &#8220;ARTIGIANI SENZA TUTELE NEL IV TRIMESTRE CON STOP ASPI&#8221;<\/p>\n<p>ROMA (ITALPRESS) &#8211; &#8220;Esprimiamo preoccupazione per la situazione che si e&#8217; venuta a verificare in seguito alla pubblicazione del decreto che riordina la normativa in materia di ammortizzatori sociali, abrogando le indennita&#8217; di disoccupazione Aspi: in questo modo restano automaticamente scoperti i tre mesi finali dell&#8217;anno, in attesa che venga definito il nuovo sistema di cassa integrazione in deroga che dovrebbe entrare in vigore da gennaio 2016&#8221;. Lo afferma il segretario generale della Confederazione libere associazioni artigiane italiane (Claai), Marco Accornero. &#8220;L&#8217;Inps &#8211; spiega &#8211; ha subito applicato le novita&#8217; previste, comunicando di non poter piu&#8217; erogare le indennita&#8217; di disoccupazione Aspi per le sospensioni dal lavoro intervenute dopo il 24 settembre: questa situazione mette a repentaglio alcune migliaia di lavoratori italiani dei comparti artigiani che, addirittura in maniera retroattiva, si vedono negati i sostegni integrativi concordati in precedenza rispetto all&#8217;entrata in vigore del decreto. Riteniamo gravi e insostenibili i risvolti negativi di questo decreto &#8211; aggiunge -che e&#8217; andato addirittura a cancellare retroattivamente accordi gia&#8217; sottoscritti attraverso l&#8217;immediata mancata copertura economica: in una fase in cui su diverse imprese e lavoratori artigiani continuano a pesare gli effetti della crisi, questo provvedimento va a colpire aziende e famiglie che nei mesi di ottobre, novembre e dicembre resteranno senza tutele. Auspichiamo che, anche con il contributo delle nostre proposte, si trovino adeguati e urgenti correttivi al vuoto che si e&#8217; creato&#8221;, conclude il segretario generale della Claai. (ITALPRESS). ads\/com 12-Ott-15 18:21 NNNN<br \/>\n&#8212;&#8212;&#8212;&#8212;&#8212;&#8212;&#8212;&#8212;&#8212;&#8212;&#8212;&#8212;&#8212;&#8212;&#8212;&#8212;&#8212;&#8212;&#8212;&#8212;&#8212;&#8212;&#8212;&#8212;&#8212;&#8212;&#8212;&#8212;&#8212;&#8212;&#8212;&#8211;<br \/>\n<b>IL VELINO<\/b><\/p>\n<p>Lavoro, Claai: Artigiani senza tutele nel IV trimestre con stop Aspi (ilVelino\/AGV NEWS)<\/p>\n<p>Roma, 12 OTT &#8211; &#8220;Esprimiamo preoccupazione per la situazione che si e&#8217; venuta a verificare in seguito alla pubblicazione del decreto che riordina la normativa in materia di ammortizzatori sociali, abrogando le indennita&#8217; di disoccupazione Aspi: in questo modo restano automaticamente scoperti i tre mesi finali dell&#8217;anno, in attesa che venga definito il nuovo sistema di cassa integrazione in deroga che dovrebbe entrare in vigore da gennaio 2016&#8221;. Lo dichiara, in una nota, il segretario generale della Confederazione libere associazioni artigiane italiane (Claai), Marco Accornero. &#8220;L&#8217;Inps &#8211; spiega Accornero &#8211; ha subito applicato le novita&#8217; previste, comunicando di non poter piu&#8217; erogare le indennita&#8217; di disoccupazione Aspi per le sospensioni dal lavoro intervenute dopo il 24 settembre: questa situazione mette a repentaglio alcune migliaia di lavoratori italiani dei comparti artigiani che, addirittura in maniera retroattiva, si vedono negati i sostegni integrativi concordati in precedenza rispetto all&#8217;entrata in vigore del decreto&#8221;, aggiunge. &#8220;Riteniamo gravi e insostenibili i risvolti negativi di questo decreto che e&#8217; andato addirittura a cancellare retroattivamente accordi gia&#8217; sottoscritti attraverso l&#8217;immediata mancata copertura economica: in una fase in cui su diverse imprese e lavoratori artigiani continuano a pesare gli effetti della crisi, questo provvedimento va a colpire aziende e famiglie che nei mesi di ottobre, novembre e dicembre resteranno senza tutele&#8221;, prosegue Accornero. &#8220;Nel ribadire il nostro massimo impegno nel monitorare la situazione, auspichiamo che, anche con il contributo delle nostre proposte, si trovino adeguati e urgenti correttivi al vuoto che si e&#8217; creato&#8221;, conclude il segretario generale della Claai. (red\/ala) 180612 OTT 15 NNNN<br \/>\n&#8212;&#8212;&#8212;&#8212;&#8212;&#8212;&#8212;&#8212;&#8212;&#8212;&#8212;&#8212;&#8212;&#8212;&#8212;&#8212;&#8212;&#8212;&#8212;&#8212;&#8212;&#8212;&#8212;&#8212;&#8212;&#8212;&#8212;&#8212;&#8212;&#8212;&#8212;-<br \/>\n<b>LABITALIA<\/b><\/p>\n<p>LAVORO: CLAAI, CON STOP ASPI ARTIGIANI SENZA TUTELE<\/p>\n<p>Roma, 12 ott. -(Adnkronos\/Labitalia) &#8211; &#8220;Esprimiamo preoccupazione per la situazione che si \u00e8 venuta a verificare in seguito alla pubblicazione del decreto che riordina la normativa in materia di ammortizzatori sociali, abrogando le indennit\u00e0 di disoccupazione Aspi: in questo modo restano automaticamente scoperti i tre mesi finali dell&#8217;anno, in attesa che venga definito il nuovo sistema di cassa integrazione in deroga che dovrebbe entrare in vigore da gennaio 2016&#8221;. Lo dichiara, in una nota, il segretario generale della Confederazione libere associazioni artigiane italiane (Claai), Marco Accornero. &#8220;L&#8217;Inps &#8211; spiega Accornero &#8211; ha subito applicato le novit\u00e0 previste, comunicando di non poter pi\u00f9 erogare le indennit\u00e0 di disoccupazione Aspi per le sospensioni dal lavoro intervenute dopo il 24 settembre: questa situazione mette a repentaglio alcune migliaia di lavoratori italiani dei comparti artigiani che, addirittura in maniera retroattiva, si vedono negati i sostegni integrativi concordati in precedenza rispetto all&#8217;entrata in vigore del decreto&#8221;, aggiunge. (segue) (Map\/Adnkronos) 12-OTT-15 18:43 NNNN<\/p>\n<p>LAVORO: CLAAI, CON STOP ASPI ARTIGIANI SENZA TUTELE (2) =<\/p>\n<p>(Adnkronos\/Labitalia) &#8211; &#8220;Riteniamo gravi e insostenibili i risvolti negativi di questo decreto che \u00e8 andato addirittura a cancellare retroattivamente accordi gi\u00e0 sottoscritti attraverso l&#8217;immediata mancata copertura economica: in una fase in cui su diverse imprese e lavoratori artigiani continuano a pesare gli effetti della crisi, questo provvedimento va a colpire aziende e famiglie che nei mesi di ottobre, novembre e dicembre resteranno senza tutele&#8221;, prosegue Accornero. &#8220;Nel ribadire il nostro massimo impegno nel monitorare la situazione, auspichiamo che, anche con il contributo delle nostre proposte, si trovino adeguati e urgenti correttivi al vuoto che si \u00e8 creato&#8221;, conclude il segretario generale della Claai. (Map\/Adnkronos) 12-OTT-15 18:43 NNNN<br \/>\n&#8212;&#8212;&#8212;&#8212;&#8212;&#8212;&#8212;&#8212;&#8212;&#8212;&#8212;&#8212;&#8212;&#8212;&#8212;&#8212;&#8212;&#8212;&#8212;-<\/p>\n","protected":false},"excerpt":{"rendered":"<p>ADNKRONOS LAVORO: CLAAI, CON STOP ASPI ARTIGIANI SENZA TUTELA IN ULTIMO TRIMESTRE Roma, 12 ott. (AdnKronos) &#8211; &#8220;Esprimiamo preoccupazione per la situazione che si \u00e8 venuta a verificare in seguito alla pubblicazione del decreto che riordina la normativa in materia di ammortizzatori sociali, abrogando le indennit\u00e0 di disoccupazione Aspi&#8221;. Lo dice il segretario generale della [&hellip;]<\/p>\n","protected":false},"author":3,"featured_media":331,"comment_status":"open","ping_status":"open","sticky":false,"template":"","format":"standard","meta":{"_et_pb_use_builder":"","_et_pb_old_content":"","_et_gb_content_width":"","footnotes":""},"categories":[20,8,7],"tags":[],"class_list":["post-998","post","type-post","status-publish","format-standard","has-post-thumbnail","hentry","category-altre-news","category-comunicati-stampa","category-primo-piano"],"yoast_head":"<!-- This site is optimized with the Yoast SEO plugin v27.5 - https:\/\/yoast.com\/product\/yoast-seo-wordpress\/ -->\n<title>Aspi - Le Agenzie - claai.info<\/title>\n<meta name=\"robots\" content=\"index, follow, max-snippet:-1, max-image-preview:large, max-video-preview:-1\" \/>\n<link rel=\"canonical\" href=\"https:\/\/claai.info\/cms\/aspi-le-agenzie\/\" \/>\n<meta property=\"og:locale\" content=\"it_IT\" \/>\n<meta property=\"og:type\" content=\"article\" \/>\n<meta property=\"og:title\" content=\"Aspi - Le Agenzie - claai.info\" \/>\n<meta property=\"og:description\" content=\"ADNKRONOS LAVORO: CLAAI, CON STOP ASPI ARTIGIANI SENZA TUTELA IN ULTIMO TRIMESTRE Roma, 12 ott. (AdnKronos) &#8211; &#8220;Esprimiamo preoccupazione per la situazione che si \u00e8 venuta a verificare in seguito alla pubblicazione del decreto che riordina la normativa in materia di ammortizzatori sociali, abrogando le indennit\u00e0 di disoccupazione Aspi&#8221;. Lo dice il segretario generale della [&hellip;]\" \/>\n<meta property=\"og:url\" content=\"https:\/\/claai.info\/cms\/aspi-le-agenzie\/\" \/>\n<meta property=\"og:site_name\" content=\"claai.info\" \/>\n<meta property=\"article:published_time\" content=\"2015-10-13T09:46:36+00:00\" \/>\n<meta property=\"article:modified_time\" content=\"2018-01-18T14:26:36+00:00\" \/>\n<meta property=\"og:image\" content=\"https:\/\/claai.info\/cms\/wp-content\/uploads\/2014\/03\/press.jpg\" \/>\n\t<meta property=\"og:image:width\" content=\"152\" \/>\n\t<meta property=\"og:image:height\" content=\"88\" \/>\n\t<meta property=\"og:image:type\" content=\"image\/jpeg\" \/>\n<meta name=\"author\" content=\"Andrea Rovelli\" \/>\n<meta name=\"twitter:label1\" content=\"Scritto da\" \/>\n\t<meta name=\"twitter:data1\" content=\"Andrea Rovelli\" \/>\n\t<meta name=\"twitter:label2\" content=\"Tempo di lettura stimato\" \/>\n\t<meta name=\"twitter:data2\" content=\"7 minuti\" \/>\n<script type=\"application\/ld+json\" class=\"yoast-schema-graph\">{\"@context\":\"https:\\\/\\\/schema.org\",\"@graph\":[{\"@type\":\"Article\",\"@id\":\"https:\\\/\\\/claai.info\\\/cms\\\/aspi-le-agenzie\\\/#article\",\"isPartOf\":{\"@id\":\"https:\\\/\\\/claai.info\\\/cms\\\/aspi-le-agenzie\\\/\"},\"author\":{\"name\":\"Andrea Rovelli\",\"@id\":\"https:\\\/\\\/claai.info\\\/cms\\\/#\\\/schema\\\/person\\\/791c552cf3cc082152dd350d688b7db7\"},\"headline\":\"Aspi &#8211; Le Agenzie\",\"datePublished\":\"2015-10-13T09:46:36+00:00\",\"dateModified\":\"2018-01-18T14:26:36+00:00\",\"mainEntityOfPage\":{\"@id\":\"https:\\\/\\\/claai.info\\\/cms\\\/aspi-le-agenzie\\\/\"},\"wordCount\":1370,\"commentCount\":0,\"image\":{\"@id\":\"https:\\\/\\\/claai.info\\\/cms\\\/aspi-le-agenzie\\\/#primaryimage\"},\"thumbnailUrl\":\"https:\\\/\\\/claai.info\\\/cms\\\/wp-content\\\/uploads\\\/2014\\\/03\\\/press.jpg\",\"articleSection\":[\"Altre News\",\"Comunicati Stampa\",\"Primo Piano\"],\"inLanguage\":\"it-IT\",\"potentialAction\":[{\"@type\":\"CommentAction\",\"name\":\"Comment\",\"target\":[\"https:\\\/\\\/claai.info\\\/cms\\\/aspi-le-agenzie\\\/#respond\"]}]},{\"@type\":\"WebPage\",\"@id\":\"https:\\\/\\\/claai.info\\\/cms\\\/aspi-le-agenzie\\\/\",\"url\":\"https:\\\/\\\/claai.info\\\/cms\\\/aspi-le-agenzie\\\/\",\"name\":\"Aspi - Le Agenzie - claai.info\",\"isPartOf\":{\"@id\":\"https:\\\/\\\/claai.info\\\/cms\\\/#website\"},\"primaryImageOfPage\":{\"@id\":\"https:\\\/\\\/claai.info\\\/cms\\\/aspi-le-agenzie\\\/#primaryimage\"},\"image\":{\"@id\":\"https:\\\/\\\/claai.info\\\/cms\\\/aspi-le-agenzie\\\/#primaryimage\"},\"thumbnailUrl\":\"https:\\\/\\\/claai.info\\\/cms\\\/wp-content\\\/uploads\\\/2014\\\/03\\\/press.jpg\",\"datePublished\":\"2015-10-13T09:46:36+00:00\",\"dateModified\":\"2018-01-18T14:26:36+00:00\",\"author\":{\"@id\":\"https:\\\/\\\/claai.info\\\/cms\\\/#\\\/schema\\\/person\\\/791c552cf3cc082152dd350d688b7db7\"},\"inLanguage\":\"it-IT\",\"potentialAction\":[{\"@type\":\"ReadAction\",\"target\":[\"https:\\\/\\\/claai.info\\\/cms\\\/aspi-le-agenzie\\\/\"]}]},{\"@type\":\"ImageObject\",\"inLanguage\":\"it-IT\",\"@id\":\"https:\\\/\\\/claai.info\\\/cms\\\/aspi-le-agenzie\\\/#primaryimage\",\"url\":\"https:\\\/\\\/claai.info\\\/cms\\\/wp-content\\\/uploads\\\/2014\\\/03\\\/press.jpg\",\"contentUrl\":\"https:\\\/\\\/claai.info\\\/cms\\\/wp-content\\\/uploads\\\/2014\\\/03\\\/press.jpg\",\"width\":152,\"height\":88},{\"@type\":\"WebSite\",\"@id\":\"https:\\\/\\\/claai.info\\\/cms\\\/#website\",\"url\":\"https:\\\/\\\/claai.info\\\/cms\\\/\",\"name\":\"claai.info\",\"description\":\"Confederazione delle Libere Associazioni Artigiane Italiane\",\"potentialAction\":[{\"@type\":\"SearchAction\",\"target\":{\"@type\":\"EntryPoint\",\"urlTemplate\":\"https:\\\/\\\/claai.info\\\/cms\\\/?s={search_term_string}\"},\"query-input\":{\"@type\":\"PropertyValueSpecification\",\"valueRequired\":true,\"valueName\":\"search_term_string\"}}],\"inLanguage\":\"it-IT\"},{\"@type\":\"Person\",\"@id\":\"https:\\\/\\\/claai.info\\\/cms\\\/#\\\/schema\\\/person\\\/791c552cf3cc082152dd350d688b7db7\",\"name\":\"Andrea Rovelli\",\"image\":{\"@type\":\"ImageObject\",\"inLanguage\":\"it-IT\",\"@id\":\"https:\\\/\\\/secure.gravatar.com\\\/avatar\\\/5d99d1feb41c1499c90e921d0601cdf490eecb3af40cf941d49b4305ed4fb837?s=96&d=mm&r=g\",\"url\":\"https:\\\/\\\/secure.gravatar.com\\\/avatar\\\/5d99d1feb41c1499c90e921d0601cdf490eecb3af40cf941d49b4305ed4fb837?s=96&d=mm&r=g\",\"contentUrl\":\"https:\\\/\\\/secure.gravatar.com\\\/avatar\\\/5d99d1feb41c1499c90e921d0601cdf490eecb3af40cf941d49b4305ed4fb837?s=96&d=mm&r=g\",\"caption\":\"Andrea Rovelli\"},\"url\":\"https:\\\/\\\/claai.info\\\/cms\\\/author\\\/arovelli\\\/\"}]}<\/script>\n<!-- \/ Yoast SEO plugin. -->","yoast_head_json":{"title":"Aspi - Le Agenzie - claai.info","robots":{"index":"index","follow":"follow","max-snippet":"max-snippet:-1","max-image-preview":"max-image-preview:large","max-video-preview":"max-video-preview:-1"},"canonical":"https:\/\/claai.info\/cms\/aspi-le-agenzie\/","og_locale":"it_IT","og_type":"article","og_title":"Aspi - Le Agenzie - claai.info","og_description":"ADNKRONOS LAVORO: CLAAI, CON STOP ASPI ARTIGIANI SENZA TUTELA IN ULTIMO TRIMESTRE Roma, 12 ott. (AdnKronos) &#8211; &#8220;Esprimiamo preoccupazione per la situazione che si \u00e8 venuta a verificare in seguito alla pubblicazione del decreto che riordina la normativa in materia di ammortizzatori sociali, abrogando le indennit\u00e0 di disoccupazione Aspi&#8221;. Lo dice il segretario generale della [&hellip;]","og_url":"https:\/\/claai.info\/cms\/aspi-le-agenzie\/","og_site_name":"claai.info","article_published_time":"2015-10-13T09:46:36+00:00","article_modified_time":"2018-01-18T14:26:36+00:00","og_image":[{"width":152,"height":88,"url":"https:\/\/claai.info\/cms\/wp-content\/uploads\/2014\/03\/press.jpg","type":"image\/jpeg"}],"author":"Andrea Rovelli","twitter_misc":{"Scritto da":"Andrea Rovelli","Tempo di lettura stimato":"7 minuti"},"schema":{"@context":"https:\/\/schema.org","@graph":[{"@type":"Article","@id":"https:\/\/claai.info\/cms\/aspi-le-agenzie\/#article","isPartOf":{"@id":"https:\/\/claai.info\/cms\/aspi-le-agenzie\/"},"author":{"name":"Andrea Rovelli","@id":"https:\/\/claai.info\/cms\/#\/schema\/person\/791c552cf3cc082152dd350d688b7db7"},"headline":"Aspi &#8211; Le Agenzie","datePublished":"2015-10-13T09:46:36+00:00","dateModified":"2018-01-18T14:26:36+00:00","mainEntityOfPage":{"@id":"https:\/\/claai.info\/cms\/aspi-le-agenzie\/"},"wordCount":1370,"commentCount":0,"image":{"@id":"https:\/\/claai.info\/cms\/aspi-le-agenzie\/#primaryimage"},"thumbnailUrl":"https:\/\/claai.info\/cms\/wp-content\/uploads\/2014\/03\/press.jpg","articleSection":["Altre News","Comunicati Stampa","Primo Piano"],"inLanguage":"it-IT","potentialAction":[{"@type":"CommentAction","name":"Comment","target":["https:\/\/claai.info\/cms\/aspi-le-agenzie\/#respond"]}]},{"@type":"WebPage","@id":"https:\/\/claai.info\/cms\/aspi-le-agenzie\/","url":"https:\/\/claai.info\/cms\/aspi-le-agenzie\/","name":"Aspi - Le Agenzie - claai.info","isPartOf":{"@id":"https:\/\/claai.info\/cms\/#website"},"primaryImageOfPage":{"@id":"https:\/\/claai.info\/cms\/aspi-le-agenzie\/#primaryimage"},"image":{"@id":"https:\/\/claai.info\/cms\/aspi-le-agenzie\/#primaryimage"},"thumbnailUrl":"https:\/\/claai.info\/cms\/wp-content\/uploads\/2014\/03\/press.jpg","datePublished":"2015-10-13T09:46:36+00:00","dateModified":"2018-01-18T14:26:36+00:00","author":{"@id":"https:\/\/claai.info\/cms\/#\/schema\/person\/791c552cf3cc082152dd350d688b7db7"},"inLanguage":"it-IT","potentialAction":[{"@type":"ReadAction","target":["https:\/\/claai.info\/cms\/aspi-le-agenzie\/"]}]},{"@type":"ImageObject","inLanguage":"it-IT","@id":"https:\/\/claai.info\/cms\/aspi-le-agenzie\/#primaryimage","url":"https:\/\/claai.info\/cms\/wp-content\/uploads\/2014\/03\/press.jpg","contentUrl":"https:\/\/claai.info\/cms\/wp-content\/uploads\/2014\/03\/press.jpg","width":152,"height":88},{"@type":"WebSite","@id":"https:\/\/claai.info\/cms\/#website","url":"https:\/\/claai.info\/cms\/","name":"claai.info","description":"Confederazione delle Libere Associazioni Artigiane Italiane","potentialAction":[{"@type":"SearchAction","target":{"@type":"EntryPoint","urlTemplate":"https:\/\/claai.info\/cms\/?s={search_term_string}"},"query-input":{"@type":"PropertyValueSpecification","valueRequired":true,"valueName":"search_term_string"}}],"inLanguage":"it-IT"},{"@type":"Person","@id":"https:\/\/claai.info\/cms\/#\/schema\/person\/791c552cf3cc082152dd350d688b7db7","name":"Andrea Rovelli","image":{"@type":"ImageObject","inLanguage":"it-IT","@id":"https:\/\/secure.gravatar.com\/avatar\/5d99d1feb41c1499c90e921d0601cdf490eecb3af40cf941d49b4305ed4fb837?s=96&d=mm&r=g","url":"https:\/\/secure.gravatar.com\/avatar\/5d99d1feb41c1499c90e921d0601cdf490eecb3af40cf941d49b4305ed4fb837?s=96&d=mm&r=g","contentUrl":"https:\/\/secure.gravatar.com\/avatar\/5d99d1feb41c1499c90e921d0601cdf490eecb3af40cf941d49b4305ed4fb837?s=96&d=mm&r=g","caption":"Andrea Rovelli"},"url":"https:\/\/claai.info\/cms\/author\/arovelli\/"}]}},"_links":{"self":[{"href":"https:\/\/claai.info\/cms\/wp-json\/wp\/v2\/posts\/998","targetHints":{"allow":["GET"]}}],"collection":[{"href":"https:\/\/claai.info\/cms\/wp-json\/wp\/v2\/posts"}],"about":[{"href":"https:\/\/claai.info\/cms\/wp-json\/wp\/v2\/types\/post"}],"author":[{"embeddable":true,"href":"https:\/\/claai.info\/cms\/wp-json\/wp\/v2\/users\/3"}],"replies":[{"embeddable":true,"href":"https:\/\/claai.info\/cms\/wp-json\/wp\/v2\/comments?post=998"}],"version-history":[{"count":1,"href":"https:\/\/claai.info\/cms\/wp-json\/wp\/v2\/posts\/998\/revisions"}],"predecessor-version":[{"id":999,"href":"https:\/\/claai.info\/cms\/wp-json\/wp\/v2\/posts\/998\/revisions\/999"}],"wp:featuredmedia":[{"embeddable":true,"href":"https:\/\/claai.info\/cms\/wp-json\/wp\/v2\/media\/331"}],"wp:attachment":[{"href":"https:\/\/claai.info\/cms\/wp-json\/wp\/v2\/media?parent=998"}],"wp:term":[{"taxonomy":"category","embeddable":true,"href":"https:\/\/claai.info\/cms\/wp-json\/wp\/v2\/categories?post=998"},{"taxonomy":"post_tag","embeddable":true,"href":"https:\/\/claai.info\/cms\/wp-json\/wp\/v2\/tags?post=998"}],"curies":[{"name":"wp","href":"https:\/\/api.w.org\/{rel}","templated":true}]}}